{"id":26458,"date":"2025-03-05T23:18:26","date_gmt":"2025-03-05T23:18:26","guid":{"rendered":"https:\/\/www.elsemanarioonline.com\/?p=26458"},"modified":"2025-03-05T23:18:26","modified_gmt":"2025-03-05T23:18:26","slug":"comite-democrata-de-legisladores-estatales-latinos-anuncia-su-respaldo-de-sb25-001","status":"publish","type":"post","link":"https:\/\/www.elsemanarioonline.com\/es\/comite-democrata-de-legisladores-estatales-latinos-anuncia-su-respaldo-de-sb25-001\/","title":{"rendered":"Comit\u00e9 Dem\u00f3crata de Legisladores Estatales Latinos Anuncia su Respaldo de SB25-001"},"content":{"rendered":"<p><!-- VideographyWP Plugin Message: Automatic video embedding prevented by plugin options. --><br \/>\n&nbsp;<\/p>\n<p>Comit\u00e9 Dem\u00f3crata de Legisladores Estatales Latinos<\/p>\n<p><em>Posted Mar. 6 2025<\/em><\/p>\n<p>&nbsp;<\/p>\n<p>Los lunes, el Comit\u00e9 Dem\u00f3crata de Legisladores Estatales Latinos<\/p>\n<p>&nbsp;<\/p>\n<p>anunci\u00f3 su respaldo a la SB25-001, la Ley de Derecho al Voto de Colorado (COVRA, por sus siglas en ingl\u00e9s). Estamos orgullosas de trabajar con la organizaci\u00f3n Colorado Common Caucus en este proyecto, apoyamos plenamente sus esfuerzos para la aprobaci\u00f3n de esta legislaci\u00f3n.<\/p>\n<p>Los votantes Latinos representan el 17% del electorado de Colorado, pero constantemente se enfrentan a barreras para la participaci\u00f3n debido a problemas de acceso al idioma, entre muchos otros. A pesar de todos los avances que Colorado ha hecho en la eliminaci\u00f3n de las barreras a la participaci\u00f3n electoral, todav\u00eda tenemos una de las mayores brechas de participaci\u00f3n racial en la naci\u00f3n; en 2020, hubo una diferencia de participaci\u00f3n de 20 puntos entre los votantes blancos y los votantes de color. Esta legislaci\u00f3n promueve las protecciones existentes para los votantes de Colorado y establece normas m\u00e1s firmes para la gesti\u00f3n electoral a nivel municipal. Las municipalidades ejercen una gran discrecionalidad en la administraci\u00f3n de elecciones. COVRA establecer\u00e1 normas claras y de sentido com\u00fan para garantizar que las municipalidades que administran sus propias elecciones adopten pr\u00e1cticas que no crean disparidades sist\u00e9micas en la participaci\u00f3n o representaci\u00f3n entre las comunidades.<\/p>\n<p>COVRA es un paso crucial para defender los derechos de los votantes Latino. El Comit\u00e9 Dem\u00f3crata de Legisladores Estatales Latinos de Colorado est\u00e1 ansioso por ver esta legislaci\u00f3n aprobada, y espera continuar la expansi\u00f3n del acceso de los votantes en Colorado.<\/p>\n<p>&nbsp;<\/p>\n<p>El Caucus Latino Dem\u00f3crata de Colorado es un grupo de legisladores latinos de todo Colorado que sirven con orgullo y pasi\u00f3n en la Asamblea General de Colorado.<\/p>\n<p>&nbsp;<\/p>\n<p>&nbsp;<\/p>\n","protected":false},"excerpt":{"rendered":"<p>&nbsp; Comit\u00e9 Dem\u00f3crata de Legisladores Estatales Latinos Posted Mar. 6 2025 &nbsp; Los lunes, el Comit\u00e9 Dem\u00f3crata de Legisladores Estatales Latinos &nbsp; anunci\u00f3 su respaldo a la SB25-001, la Ley&#8230;<\/p>\n","protected":false},"author":1,"featured_media":26459,"comment_status":"open","ping_status":"open","sticky":false,"template":"","format":"standard","meta":{"give_campaign_id":0,"_jetpack_memberships_contains_paid_content":false,"footnotes":""},"categories":[72],"tags":[],"class_list":["post-26458","post","type-post","status-publish","format-standard","has-post-thumbnail","hentry","category-comentario"],"jetpack_featured_media_url":"https:\/\/i0.wp.com\/www.elsemanarioonline.com\/wp-content\/uploads\/2025\/03\/4-Commentary-s-Colo-Dem-Latino-Caucus-1pic-by-Latino-Caucus.jpg?fit=576%2C384&ssl=1","jetpack-related-posts":[],"jetpack_sharing_enabled":true,"_links":{"self":[{"href":"https:\/\/www.elsemanarioonline.com\/es\/wp-json\/wp\/v2\/posts\/26458","targetHints":{"allow":["GET"]}}],"collection":[{"href":"https:\/\/www.elsemanarioonline.com\/es\/wp-json\/wp\/v2\/posts"}],"about":[{"href":"https:\/\/www.elsemanarioonline.com\/es\/wp-json\/wp\/v2\/types\/post"}],"author":[{"embeddable":true,"href":"https:\/\/www.elsemanarioonline.com\/es\/wp-json\/wp\/v2\/users\/1"}],"replies":[{"embeddable":true,"href":"https:\/\/www.elsemanarioonline.com\/es\/wp-json\/wp\/v2\/comments?post=26458"}],"version-history":[{"count":0,"href":"https:\/\/www.elsemanarioonline.com\/es\/wp-json\/wp\/v2\/posts\/26458\/revisions"}],"wp:featuredmedia":[{"embeddable":true,"href":"https:\/\/www.elsemanarioonline.com\/es\/wp-json\/wp\/v2\/media\/26459"}],"wp:attachment":[{"href":"https:\/\/www.elsemanarioonline.com\/es\/wp-json\/wp\/v2\/media?parent=26458"}],"wp:term":[{"taxonomy":"category","embeddable":true,"href":"https:\/\/www.elsemanarioonline.com\/es\/wp-json\/wp\/v2\/categories?post=26458"},{"taxonomy":"post_tag","embeddable":true,"href":"https:\/\/www.elsemanarioonline.com\/es\/wp-json\/wp\/v2\/tags?post=26458"}],"curies":[{"name":"wp","href":"https:\/\/api.w.org\/{rel}","templated":true}]}}