{"id":26403,"date":"2025-02-27T17:26:38","date_gmt":"2025-02-27T17:26:38","guid":{"rendered":"https:\/\/www.elsemanarioonline.com\/?p=26403"},"modified":"2025-02-27T17:26:38","modified_gmt":"2025-02-27T17:26:38","slug":"cientos-de-habitantes-de-colorado-se-manifestaron-en-contra-del-proyecto-de-ley-racista-muestrame-tus-papeles-en-el-capitolio-del-estado","status":"publish","type":"post","link":"https:\/\/www.elsemanarioonline.com\/es\/cientos-de-habitantes-de-colorado-se-manifestaron-en-contra-del-proyecto-de-ley-racista-muestrame-tus-papeles-en-el-capitolio-del-estado\/","title":{"rendered":"Cientos de Habitantes de Colorado se Manifestaron en Contra del Proyecto de Ley Racista \u2018Mu\u00e9strame tus papeles\u2019 en el Capitolio del Estado"},"content":{"rendered":"<p><!-- VideographyWP Plugin Message: Automatic video embedding prevented by plugin options. --><br \/>\n\u00a0<\/p>\n<p><em>Posted Feb. 27, 2025<\/em><\/p>\n<p>\u00a0<\/p>\n<p>El 25 de febrero, <strong>cientos de miembros de la comunidad y aliados se reunieron<\/strong> en el Capitolio del Estado de Colorado<strong> contra el proyecto de ley SB25-047, vestidos de blanco y llenando las antiguas salas de la Corte Suprema de Colorado y dos salas adicionales.<\/strong> Este peligroso proyecto de ley antiinmigrante fue presentado por legisladores republicanos y ten\u00eda como objetivo integrar al ICE con las fuerzas del orden, instituir la discriminaci\u00f3n racial y desperdiciar recursos estatales y locales en la separaci\u00f3n de familias de Colorado. <strong>El proyecto de ley fue rechazado en el comit\u00e9 despu\u00e9s de un abrumador testimonio en su contra, incluidos los de miembros y personal del <\/strong>Coalici\u00f3n por los Derechos de los Inmigrantes de Colorado<strong> (CIRC).<\/strong><\/p>\n<p>\u00a0<\/p>\n<p>CIRC incluye el Comit\u00e9 de Servicio de Amigos Americanos (AFSC), el Centro para el Progreso de la Salud, la Organizaci\u00f3n de Colorado para las Oportunidades y los Derechos Reproductivos de las Latinas (COLOR), Juntos Community, el Instituto Spring para el Aprendizaje Intercultural, ISAAC del Norte de Colorado y el Centro Comunitario East Colfax (EC3). Agradecieron a los miembros del Comit\u00e9 del Senado, Ball, Weissman y Sullivan, que votaron NO a este proyecto de ley.<\/p>\n<p>\u00a0<\/p>\n<p>Cientos de habitantes de Colorado se presentaron para enviar un mensaje claro: <strong>Colorado rechaza la discriminaci\u00f3n racial, la separaci\u00f3n familiar, y los ataques a nuestros vecinos. <\/strong>Los participantes se vistieron de blanco para mostrar solidaridad y demostrar un frente unido contra esta legislaci\u00f3n da\u00f1ina, contra la que hemos luchado y ganado antes.<\/p>\n<p>\u00a0<\/p>\n<p>\u201cEstas pol\u00edticas no hacen que nuestras comunidades sean m\u00e1s seguras; por el contrario, crean miedo y desconfianza. Las v\u00edctimas de violencia dom\u00e9stica, robo y otros delitos dejan de denunciar por miedo a ser detenidas o deportadas. <strong>Esto pone en riesgo a toda la comunidad<\/strong><strong>\u201d,<\/strong> comparti\u00f3 la l\u00edder comunitaria Nancy.<\/p>\n<p>\u00a0<\/p>\n<p>Si se aprueba, la SB25-47:<\/p>\n<ul>\n<li>Requerir\u00eda que la polic\u00eda denunciara a las personas que \u201csospechen\u201d que son indocumentadas al ICE, lo que llevar\u00eda a la discriminaci\u00f3n racial.<\/li>\n<li>Desviar\u00eda recursos estatales y locales para fomentar la separaci\u00f3n familiar.<\/li>\n<li>Castigar\u00eda a las ciudades que se niegan a cooperar con el ICE.<\/li>\n<li>Permitir\u00eda que el ICE detenga a personas en los juzgados, silenciando a los sobrevivientes y testigos que buscan justicia.<\/li>\n<li>Ampliar\u00eda los centros de detenci\u00f3n privados para el beneficio de las corporaciones.<\/li>\n<li><\/li>\n<\/ul>\n<p>\u201cColorado ha vivido el trauma colectivo de las leyes que obligan a mostrar los papeles, y <strong>tanto las fuerzas del orden como la comunidad creen que se trata de una mala pol\u00edtica. <\/strong>No vamos a dar marcha atr\u00e1s\u201d, afirm\u00f3 Brendan Greene, director ejecutivo del Colectivo Comunitario de East Colfax.<\/p>\n<p><strong>\u00a0<\/strong><\/p>\n<p>\u00a0<\/p>\n","protected":false},"excerpt":{"rendered":"<p>\u00a0 Posted Feb. 27, 2025 \u00a0 El 25 de febrero, cientos de miembros de la comunidad y aliados se reunieron en el Capitolio del Estado de Colorado contra el proyecto&#8230;<\/p>\n","protected":false},"author":1,"featured_media":26402,"comment_status":"open","ping_status":"open","sticky":false,"template":"","format":"standard","meta":{"give_campaign_id":0,"_jetpack_memberships_contains_paid_content":false,"footnotes":""},"categories":[71],"tags":[],"class_list":["post-26403","post","type-post","status-publish","format-standard","has-post-thumbnail","hentry","category-estado"],"jetpack_featured_media_url":"https:\/\/i0.wp.com\/www.elsemanarioonline.com\/wp-content\/uploads\/2025\/02\/CO-2-State-E-Colo-CIRC-Show-Me-Papers-Bill-1pic-by-CIRC.jpg?fit=720%2C403&ssl=1","jetpack-related-posts":[],"jetpack_sharing_enabled":true,"_links":{"self":[{"href":"https:\/\/www.elsemanarioonline.com\/es\/wp-json\/wp\/v2\/posts\/26403","targetHints":{"allow":["GET"]}}],"collection":[{"href":"https:\/\/www.elsemanarioonline.com\/es\/wp-json\/wp\/v2\/posts"}],"about":[{"href":"https:\/\/www.elsemanarioonline.com\/es\/wp-json\/wp\/v2\/types\/post"}],"author":[{"embeddable":true,"href":"https:\/\/www.elsemanarioonline.com\/es\/wp-json\/wp\/v2\/users\/1"}],"replies":[{"embeddable":true,"href":"https:\/\/www.elsemanarioonline.com\/es\/wp-json\/wp\/v2\/comments?post=26403"}],"version-history":[{"count":0,"href":"https:\/\/www.elsemanarioonline.com\/es\/wp-json\/wp\/v2\/posts\/26403\/revisions"}],"wp:featuredmedia":[{"embeddable":true,"href":"https:\/\/www.elsemanarioonline.com\/es\/wp-json\/wp\/v2\/media\/26402"}],"wp:attachment":[{"href":"https:\/\/www.elsemanarioonline.com\/es\/wp-json\/wp\/v2\/media?parent=26403"}],"wp:term":[{"taxonomy":"category","embeddable":true,"href":"https:\/\/www.elsemanarioonline.com\/es\/wp-json\/wp\/v2\/categories?post=26403"},{"taxonomy":"post_tag","embeddable":true,"href":"https:\/\/www.elsemanarioonline.com\/es\/wp-json\/wp\/v2\/tags?post=26403"}],"curies":[{"name":"wp","href":"https:\/\/api.w.org\/{rel}","templated":true}]}}