{"id":26136,"date":"2025-01-22T23:35:26","date_gmt":"2025-01-22T23:35:26","guid":{"rendered":"https:\/\/www.elsemanarioonline.com\/?p=26136"},"modified":"2025-01-22T23:35:26","modified_gmt":"2025-01-22T23:35:26","slug":"un-llamado-a-defender-y-unir-residentes-de-colorado-se-preparan-en-respuesta-a-la-inauguracion-del-presidente","status":"publish","type":"post","link":"https:\/\/www.elsemanarioonline.com\/es\/un-llamado-a-defender-y-unir-residentes-de-colorado-se-preparan-en-respuesta-a-la-inauguracion-del-presidente\/","title":{"rendered":"Un llamado a Defender y Unir: Residentes de Colorado se Preparan en Respuesta a la Inauguraci\u00f3n del Presidente"},"content":{"rendered":"<p><!-- VideographyWP Plugin Message: Automatic video embedding prevented by plugin options. --><br \/>\n\u00a0<\/p>\n<p><strong><em>Posted Jan. 23, 2025<\/em><\/strong><\/p>\n<p><strong>\u00a0<\/strong><\/p>\n<p>Familias inmigrantes y aliados de todo Colorado se est\u00e1n uniendo y prepar\u00e1ndose para defender a nuestra comunidades frente al aumento de ataques bajo una segunda administraci\u00f3n de Trump. Su administraci\u00f3n representa una renovaci\u00f3n de ataques inhumanos contra los derechos humanos, incluyendo amenazas de deportaciones masivas, pol\u00edtica xenof\u00f3bica, y una ret\u00f3rica dise\u00f1ada para dividir comunidades y separar familias. Ante estas amenazas, los activistas estamos fortalecidos por el n\u00famero creciente de residentes a trav\u00e9s del estado de Colorado que se han <a href=\"https:\/\/click.actionnetwork.org\/ss\/c\/u001.EtNV8HBC60Tl7UuGmXS3sXdyBTfF9gvN7es_E8tYQz4rC2Q6jeKBFYB0nj9jWdJfD-UkxXPo0btI-UuLgSW8Nr3a90WUIDOw-7thGFaoBApXigoMJjPqkWeCfVgH2UiHTFV6KgxkfJZE1-M2ZxliQlAGs_QTfO3fopUl-QKlV8EXDtE-ufHbeIjW6aJXCQF0-t6NpCORze4b3mPw-pad02ksQIqBoWA-_pOBvGB4ASxvI5rSoylRVMiirykurt74i9TiWZyb353q6wUIv9DFgddW8aWcsbfT6JgsxagUs0xQmtEynikyT6CS3HVWopiMFt4mXBxCsvA1GnoeON3a5KxxLeEelzNW-g6wSoti2Di6Qz3zA9hMKcj9mS9HT2I_eNla9FHjCrnyhJ7YOITSFcEy_e-psepBDUMbNTA_WGJx_-C7wOWSTlV9qv5qiVa8Nb7J_GPiEXjdqO3RhFXI29YF6PO05VsgNWncUkffW1ybwlK_eeNZjEgzYoYsP5JWQh1RmNLUOhSg0UKSt9_b2hgYMOjUy9OkhP22CbnBGqY\/4db\/VdnJ4q7zRQiLnwnxwS4WRA\/h11\/h001.sLvY73FOxFhMN_7yS0lV2yHzLfr7qQFEhAokD4qf-5E\">inscrito para atender entrenamientos<\/a> para protegerse y a sus vecinos.<\/p>\n<p>\u00a0<\/p>\n<p><strong>Defendiendo a Nuestros Vecinos<\/strong><\/p>\n<p><strong><br \/>\n<\/strong>A medida que la administraci\u00f3n de Trump traza un curso para intensificar la aplicaci\u00f3n de la ley y su cruel plan de deportaciones masivas, crudamente demonidad \u201cOperaci\u00f3n Aurora\u201d, Colorado se posiciona como una barrera clave contra estos ataques. Adem\u00e1s de consagrar protecciones poderosas a trav\u00e9s de leyes estatales, los residentes de Colorado de todo el estado se han estado movilizando para conocer sus derechos y ofrecerse como voluntarios a la Red de Respuesta R\u00e1pida de Colorado, con el objetivo de estar listos para responder a posibles redadas de ICE. Juntos, nuestro estado sigue demostrando que invertir en mantener a familias unidas crea comunidades m\u00e1s fuertes, seguras, y unidas.<strong>\u00a0<\/strong><\/p>\n<p>\u00a0<\/p>\n<p>\u201cNuestras comunidades prosperan cuando todos, sin importar su estatus migratorio, pueden vivir con dignidad, seguridad, y la libertad de perseguir sus sue\u00f1os. Juntos, defenderemos a cada familia y a cada vecino de las pol\u00edticas enraizadas en el odio\u201d comparti\u00f3 Henry Sandman, Co-Director Ejecutivo de la Coalici\u00f3n por los Derechos de los Inmigrantes de Colorado (CIRC, por sus siglas en ingl\u00e9s).<\/p>\n<p>\u00a0<\/p>\n<p><strong>Un Legado de Fortaleza y Solidaridad<\/strong><\/p>\n<p><strong><br \/>\n<\/strong>\u201cEn Colorado, hemos construido un estado donde la unidad y la resiliencia han derrotado al miedo y al odio\u201d dijo Gladis Ibarra, Co-Directora Ejecutiva de la <a href=\"https:\/\/coloradoimmigrant.org\/\">Coalici\u00f3n por los Derechos de los Inmigrantes de Colorado <\/a>(CIRC). \u201cNo permitiremos que el odio socave el progreso que hemos luchado tanto por lograr. Continuaremos protegiendo y defendiendo a nuestros vecinos y asegurando que Colorado siga siendo un faro de esperanza y humanidad para todos.\u201d<\/p>\n<p>\u00a0<\/p>\n<p><strong>Acci\u00f3n y Preparaci\u00f3n<\/strong><\/p>\n<p><strong><br \/>\n<\/strong>Los activistas est\u00e1n tomando medidas inmediatas para equipar y empoderar a los inmigrantes, familias con estatus migratorio mixto, y aliados. A continuaci\u00f3n, algunas formas de prepararse e involucrarse:<\/p>\n<ul>\n<li><strong>L\u00ednea Directa de la Red de Respuesta R\u00e1pida de Colorado: <\/strong>Una herramienta cr\u00edtica para apoyar a las familias frente actividades de ICE. Las familias y los aliados pueden acceder a este recurso llamando al <strong>1-844-864-8341<\/strong> y <a href=\"https:\/\/click.actionnetwork.org\/ss\/c\/u001.EtNV8HBC60Tl7UuGmXS3sXdyBTfF9gvN7es_E8tYQz4rC2Q6jeKBFYB0nj9jWdJfD-UkxXPo0btI-UuLgSW8Nr3a90WUIDOw-7thGFaoBArdJVp4GlLykhMLPYn9Bh0Z8yBb5vMVQe6ON2uOygDgkIBqgX-oeMB7_AkhuhGxyP9Z_7_t-noDaSBU_veHeRQWVcLM0Qg-iNnJHlqUAWh_zOoOIdldxj_ACI2UYU9KGy0zIS-8Q7JfFG-4e27_tVaP6ITNqD372L9QjR4xI2ppZzF7zOBv_ZdA1gc1MlJqk4DNBz07i_XYtX6xDc9nve-XN8CZLxn6vsRpmm1ZBcTCVMdxYR7gse9VMpyKA43BTYR33fHqCRIDU1LY5yLdZWxmCBTb7O_KCnP5PgsGgiwZwjyOhYFrF9baRo__HGI5XM1nEON78I6SiMWeYoUfd_hadE1lKk-rXjTvupPrBRZd9kxPMUlbItj2kgJ3eyFt7BRcimGyqYJLBQ2jf_SnjcqdNmZ2LwvJYv1adMmXJeAgWF1-0Nt8H5S4DbJQN0HuBpQ\/4db\/VdnJ4q7zRQiLnwnxwS4WRA\/h12\/h001.A1y2vs7Z28d0nkSVWQtIfOcdcFACXIAulFL39tTinQQ\">registrando como voluntarios<\/a> para la l\u00ednea directa.<\/li>\n<li><strong>Entrenamientos de Conozca Sus Derechos<\/strong>: CIRC y sus aliados est\u00e1n intensificando los talleres de KYR (por sus siglas en ingl\u00e9s) en todo Colorado para garantizar que las familias comprendan sus derechos y c\u00f3mo protegerse. <a href=\"https:\/\/click.actionnetwork.org\/ss\/c\/u001.EtNV8HBC60Tl7UuGmXS3sXdyBTfF9gvN7es_E8tYQz4rC2Q6jeKBFYB0nj9jWdJfiRa8t8JSo9stp5yjDMeGLsQRiUn7ZaZTk5HfeCANQ8dPUtmaldf2jziAG6uYDXnELy0-3p14xeL0sEl7FrrES8vxf4ihnBMwR5eCPdB7Rp0OcaXKm8vGE3AhJ2H8cJzutagmUOW-icG6LBeRaELf2LsCETDdvk8HdFW5d_wFHBEIgW62vZfKrWRNn2NFYCwWdsjX4wwFSCON7XQvFFPPEiedKYu6aRbocvn2GQ6Wm3ux61DEVl1E-e1YHM3dpCjHPiJkdhnNbrrlsLWcMnNVlnGamgeZBQTD3OdzQMNSFuqggaE1Gy-P0M7kA8i7m3epM1_zzcB7hqClp8qpgugnGMeFg4IKbucpfLXNPl2PVurGQRNNvDqmoZO3x3OvcwfKlIeRHWc45CGxfn5OPeiM3MDaP6ackxb5ojtjjyoCVUI26yWQCaIxLyCZ_D75HYGs86TX57L1lFwm2Kk3Vgl9BQ\/4db\/VdnJ4q7zRQiLnwnxwS4WRA\/h13\/h001.wlI4SCoEESCKt3sI15Ya9wSiG2hryuCuJXVzrc47ouo\">\u00a1Inscr\u00edbase en uno hoy mismo!\u00a0\u00a0<\/a><\/li>\n<li><strong>Paquetes de Preparaci\u00f3n Familiar<\/strong>: <a href=\"https:\/\/click.actionnetwork.org\/ss\/c\/u001.yjJN_MEbNx94PLaWzZ6hW451kB1UHFkGz1cupG1HPlIaqSm-BUFEERw7xStmuzH_jNZ01MGWRHw-4MKKHOB4sm2LR6AAaeYob08zmiY8zlp9KVfYKyPxHL6m7ZB00-x1_O4eDkWNLoyJ0CJ4WmKL75XNuhl0fStRQGYbzKNkS2ajc8QWp0XZEXwQ_OZLD1ky2EbyypmSGcyNTNjIHwZHZHvAX9dfPBD5FhntTJH6hlGVehFDmyTm9r3oQ8qvKMdm3zBBGXE_J49_42tS0mi7AZv5n6tIGvM8RY_74_t3yuGnecC119H1nYU8zClvnrVtngs-udHhvZe3TBo9LuCaICf3HE4PtCUksBe2sjQuHbo9qMQgXavkkKjn9Afbh6t-uy9Zcdq9K_puNYNGGueguDddQ_ih1KSvRQc0v-CrkBjuqbldnn8LotR48KBCunWUEyz2mK7N5D1bde6HIm13yMLFvSYYaqaSqSRW78bM8Qfjg-zC9siu864mSPkdE4359NI89szBBZDHz4kONbzmilOhPa7WmARqvRF4JLnw81zjop6b-t2FLuxwLm3mQ0FU\/4db\/VdnJ4q7zRQiLnwnxwS4WRA\/h14\/h001.zxhXYPPGNXTcdGi4lXRW2vCEgq-sJeBUjoffJ44KoZw\">Gu\u00edas integrales<\/a> est\u00e1n disponibles para ayudar a las familias a prepararse ante posibles acciones de inmigraci\u00f3n.<\/li>\n<\/ul>\n<p>\u00a0<\/p>\n<p>Visite <a href=\"https:\/\/click.actionnetwork.org\/ss\/c\/u001.w8FB6kia2UF3-RAIAyd7e8jYD5Nu-fqMKuY_5umV62m_PqdjBMihJKc_j2dfM0Ktpzl9Mh7hWH825xvKIeCZO4lBnfb198WP5eH5u9Pl_Qo4KVIJUscy9T12AE7gGB4gcisLc_kd94eyGS7KCYiqvIS6YyLlO1mf3RTipSSlh2_79jmY0rqa0waTcFmToSX2XWxeDQKGDVWXhLdkUFBrgUVrVG5ciUOCpd8rANrjVKPOixSPEwUlzTONli0sGRl4ERUMG4NBxsgzDBqgGGlrwmw_xiekRzjWjicU2fuM4HWeVR6mHBybEsVd2Evpoko8T9qzFA3p7w5CXy8QDIeIo3vGerDN-TYnzy-B1lTLTjP6435aVsyxMizDStLu-_-EklG6a9N4Z0aCv3OPBZNWL7JgQwKgZTvg7W9cXkvzq8AXDYdM0NAKuei8xk07U35DXu_7JvIDvKBzZDOtO48u3hJFcS9YASK-ncRGv011ky0\/4db\/VdnJ4q7zRQiLnwnxwS4WRA\/h15\/h001.D78lNXajX8VOymeGTGjkIebaqt_N3MRl1-J92VfNEek\">bit.ly\/KYRColorado<\/a> para m\u00e1s detalles sobre estos recursos y para <a href=\"https:\/\/click.actionnetwork.org\/ss\/c\/u001.EtNV8HBC60Tl7UuGmXS3sXdyBTfF9gvN7es_E8tYQz4rC2Q6jeKBFYB0nj9jWdJfD-UkxXPo0btI-UuLgSW8Nr3a90WUIDOw-7thGFaoBAp8VOstr1gqsZkQ4vj_sn_tYN_dTSpu8znJoglBHfuLCePilJfHcjqiP7hD8T_qV_rvpDnPG0o8Hu2sdcXcDf5cZ6KQKqloE1B9FIrQKotckbm5gr2IiTtot1K4XL3hc6MxsXAkNUZbSUhG9SJ2Ji4Fhy8SKk2cb3Pw2pj93r3Xwfq_7kdKHBreetEdwz8_M5DX9WWGIij03yTCQauH1qxWYHHeylJrDYUjj2zw3IV9KwZltOxqF3aWiPxPasUMqxovMYspdFmJSZ3RIQZeDuISmtULss5u6beetZsns6k5trJbqP7cSt1VkQ34Cgkskg9_Q8-XFI9bhiNL09KeECncNYfr6rvRnII0-7h_vnOyGT0KX3d_3uX4cPYsTzM2ymTeHDn41wai6Hq0hu4ypv7TwMAhq0IooS_YwN3rlW44RYAU41CJdjeuZYmRXIiIs74\/4db\/VdnJ4q7zRQiLnwnxwS4WRA\/h16\/h001.i89qnmLmQxR56FuF0UdeM0-I2YxJp4V7iG9pqoHSChk\">inscribirse<\/a> o asistir a un futuro <a href=\"https:\/\/click.actionnetwork.org\/ss\/c\/u001.EtNV8HBC60Tl7UuGmXS3sXdyBTfF9gvN7es_E8tYQz4rC2Q6jeKBFYB0nj9jWdJfiRa8t8JSo9stp5yjDMeGLicqJiOLu_yzPTUW4vyvRt2Bffu5dnQ2qLRZDAHvupxSK2nUtgjobdD1CFiGDRlI6-rKuYwgCHHR3JJ6_xB4BbX23OIEu1o26kBQwKparESKtUTNMBxxnwnrNM4lxmTP_0fpnoeV279DVbe9vLURvojWU5-YSTvvnqkrq0esUfdmc_7op5Z3j3_piSK4xkWVdRFSDLSzLozSkxgtOuQ1YzcAqC2Iw50-pfyUHIxTRZCr-7FZj7QNUsuNN1X9onmbHsNRETlDOQuzWjiElqWGRrq4ab6EDju45PIv3pkWeT7XXRrxCSJ3gYWc25mp1F9PUTWOQR6-YBPCvlNv2Ch-nxfBx2doOFBjxXJ_sP8ROJFpnF-zVjpBfdfl1ORyuOanKHD6efP-Lm-9CFtUY05kFqM2D-C-Tgo3Wk9bTuCNKG6g5C2HwiH5ORA2yR-AiSlH6A\/4db\/VdnJ4q7zRQiLnwnxwS4WRA\/h17\/h001.GWitm17mW_HMI8-b5uqmvQm20n80JCbwBbvSb-y4TKQ\">entrenamiento de Conozca Sus Derechos<\/a>.<\/p>\n<p><strong>Unidos en Tiempos Sin Precedente<\/strong><\/p>\n<p><strong><br \/>\n<\/strong>Aunque el camino por delante pueda ser dif\u00edcil, nuestra comunidad es resiliente. Hacemos un llamado a todos los residentes de Colorado a mantenerse unidos- tanto inmigrantes como aliados y a conectarse con organizaciones locales que luchan por la justicia y la dignidad para todos. Nuestra comunidad ha sido puesta a prueba antes, y cada vez hemos salido mas fuertes.<\/p>\n<p>\u00a0<\/p>\n<p><strong>Datos Destacados<\/strong><\/p>\n<ul>\n<li>En Colorado, <a href=\"https:\/\/click.actionnetwork.org\/ss\/c\/u001.XaF8mXqsA6b2dSPmhsleMW7rhzbK7ih2_A9BtFWCZzbfGQ0ozqCgjVja1XiMthw9WDHtSQWHy8T-gurcPWpMt-rhFbnuiCVDxt2gOuD-Fc1B3KtvPZBLaivDJ8W64dgUi80R9kmSLuJBSEwbkiwYYTNMgJP2AChaLdztUCbyTkRjsNrXyagqW5iCRXiZFmKD0qKY3kctQqi7gSvWbk3SCIex4AclwK4iNMG2s2c-abw1SKiONk8WbFAAttT8T3h3n6vgnV96JEpWSptS1y5RhDO-d5V1cxV5e5YdVMjAzIiiF6k5xv2C0WdasmwqzkGv8sTjVc9gHcE7ilpYBem-IciFhHhCZMiP97l3YtPKKWpNV1CSAhtZ_4INwdwsUQTpk5aV1WqG9mqUYLM5Ve9NnuV94o7r8vrXPZr0uezllD0X5f0IW_6m-L9lse33Ivgn2tFyXYza8ZtckZp1ilnZykDvNvteaTmuOXwBEF7eEMpYrNuwUJOsWySNQWRucXarGmgxPJwM7V6WOl17SaOI71s9gyS-u8SdyY0AKzw-tLc\/4db\/VdnJ4q7zRQiLnwnxwS4WRA\/h18\/h001.uaQsNXyXycXAT2F4HdxDZgltvGW4VXljTOF64NDUxfs\">uno de cada diez ni\u00f1os<\/a> tiene un padre inmigrante.<\/li>\n<li>M\u00e1s de <a href=\"https:\/\/click.actionnetwork.org\/ss\/c\/u001.XaF8mXqsA6b2dSPmhsleMc0DhgAaKuukYHuTVScpLO2uDi5GVNNVZ7xLm7SbMtbTZIqAh3If0R49VgTTpCQV7Wo4rLHi8OP3xYFjbElZVMBkfSr8FAm-vM4V3PlB_OWdZr4bhCh_iZZqp40md1mG5r0dCoM5LOC849wcgXRCmLf92Ty85ArknkglKAB5pbaUwrwdiZw969sZPIZEkfueVETkhNgmU3GL_-uGWYpgZPc7kl38x_LEVOLNSuwP3NYPJEypttUGaWZBmppbeLHfUgO-fhZHGK5flbrJYcfWky3HoAHyjw-jbVacz_OczbIwnkTz_9Xsux7QSgq4_wgjkEJYTQQBX4S7vDSzWUw4EVg7bdBsN8iMQHbFc9wr47OUvtHZnY19SZnGwfo3z0PRJaPFw2XurcqH4fcdUs0Dd9Auf_YlLVrshrW45BSSFmHAyFJl6bFXqoEUA3qg8-T7KypIQwYe6gGYci3r1GSE1py7OLPavBVi_Qf4HSaEA31fZvrc7XUxAnY2tCHxVobEVam7gVnsDFiCSzQ7Fmy6Tr4JKUemTzHLple-BDX2bUkl\/4db\/VdnJ4q7zRQiLnwnxwS4WRA\/h19\/h001.7iCNeQp1j2fYB3cvtR7rI1l3FU5CeOPbKblWs81rAL8\">162,000 coloradensis<\/a> est\u00e1n en riesgo de ser separados por deportaciones masivas, lo que impacta industrias clave como construcci\u00f3n, agricultura, hospitalidad, y los servicios de comida.<\/li>\n<li>Los inmigrantes en Colorado contribuyeron con <a href=\"https:\/\/click.actionnetwork.org\/ss\/c\/u001.T4f1s0H8aL8dqpmq959YtA-pmRZBzn3rVdfyI08eyC0n3v3kRMLIaOLoGh1rJumUtAX-XlV7IUS11v5c_G65HeBTLLQDPk6MAD89H3Ddm4t-mjwEhGuT4gNXODKi03ncuN1hsEeUgYopleVc9kvD5sId_hmr7rpo-lA1MYX_ICsYlLJgx4_jXqVto8EOPQtc27DQaz5ApkND4i6i0mw3LKGuoOJIJ1-n9lZTQ4uEo-0NmUsTT4hmMUZoGFPqLslOPqisgWcKmSMZfUxGeP7iGSSQBoV4u1M8cKpUJt80DXq1dzp9Nz8HmwojDALDSAg4SnmAT-3SRJXgK-O0FJBrNbR-kRbCRlAWByBp2OrBLjg0TGcMaKH-U5QnVO28b0hxNw9JJVxu4tRIZgQtSesArgDI8aWUZ4H4_bPE0DuXHDi2-4e2gpbh_Vw-nN9TClAU4rdCN3B4RVc9Vnxyu19L1YbW0PLL4WSKrHlmJH0IKPPYr8zL9ANLAf3I3K9RG5l_VcVtM3RaA-AwqHZdG8m6pw\/4db\/VdnJ4q7zRQiLnwnxwS4WRA\/h20\/h001.-qC68vAoWG9PClKOZAMWZndFSFTVe_usolpRMAlCPAw\">$436.5 millones<\/a> en impuestos estatales y locales en 2022.<\/li>\n<li>A nivel nacional, mas de <a href=\"https:\/\/click.actionnetwork.org\/ss\/c\/u001.XaF8mXqsA6b2dSPmhsleMW7rhzbK7ih2_A9BtFWCZzbfGQ0ozqCgjVja1XiMthw9-zBLASj2JSlFvxXBUE5R0rXisMsJfy80z8Xnv3HEHLR9srV6QQvxIZqLmfMZ5AJqaPAnuaTtp6mi_fwtWLJnFP3jzejBh9uhsZySleEWJqrjFUvsv5SZV2DjP3W8u8Kcb4uR61vdzuv1pL5K2P-eabsdDUt2jD6n1nBythvmcbxvT49Jf36lCUdIsB4Yg9_RY1ZgjvgWsS7K6CRhjYmOAniPsF5h0Ubf9TQKernZw2xgPvFW_vmuwofZg5hYJJXaRNeMMDhOg7lN3akbmAz7UPuI0tWdK8a7jddOXj7C30TNcjQTF_y2klyZml8xCTvOMs_Y-KOc6dUT7q2wOAXwcbOhm92Y6OutL6Vv1_udQtpmPcGz3Yb-8AjRL7T0v3bsUcyf0Xr-wR3GOvEw89OBh2nG_L-dWq0DxZRR-MgcS9HvcsqtEzOAHPugQu3AL2qOj5_r3UnQitIpHBLIl0lYYznG1QFEh6CjXnPkbuPrAUetCqD2bBM1KZZaa-7_kb4rkHeeXTHvzHtXX94PCS-enQ\/4db\/VdnJ4q7zRQiLnwnxwS4WRA\/h21\/h001.l6KNqK8myayjvgsBtLvs3xBpDLbpHaFM16HAI8NfhLM\">7 millones de estadounidenses<\/a> viven con un familiar indocumentado, y las deportaciones causan da\u00f1os a largo plazo a ni\u00f1os, familiars, y comunidades.<\/li>\n<\/ul>\n<p>\u00a0<\/p>\n<p><strong>Llamado a Acci\u00f3n<br \/>\n<\/strong>Cuando nuestras comunidades est\u00e1n bajo ataque, nos mantenemos unidos para protegernos. \u00danase a nosotros en el <strong>D\u00eda de Acci\u00f3n Nos Defendemos el S\u00e1bado 25 de enero a las 2:00pm en <\/strong><\/p>\n<p><strong>Fletcher Plaza en Aurora, Colorado.\u00a0<\/strong><\/p>\n<p>A medida que enfrentamos este nuevo cap\u00edtulo, CIRC urge a todos mantenerse informados y conectados. Los desaf\u00edos por delante son grandes, pero nuestra determinaci\u00f3n es mayor. Juntos, construiremos un futuro que honre las contribuciones, dignidad y humanidad de todas las personas.<\/p>\n<p><strong>\u00a0<\/strong><\/p>\n<p>\u00a0<\/p>\n","protected":false},"excerpt":{"rendered":"<p>\u00a0 Posted Jan. 23, 2025 \u00a0 Familias inmigrantes y aliados de todo Colorado se est\u00e1n uniendo y prepar\u00e1ndose para defender a nuestra comunidades frente al aumento de ataques bajo una&#8230;<\/p>\n","protected":false},"author":403,"featured_media":26137,"comment_status":"open","ping_status":"open","sticky":false,"template":"","format":"standard","meta":{"give_campaign_id":0,"_jetpack_memberships_contains_paid_content":false,"footnotes":""},"categories":[71],"tags":[],"class_list":["post-26136","post","type-post","status-publish","format-standard","has-post-thumbnail","hentry","category-estado"],"jetpack_featured_media_url":"https:\/\/i0.wp.com\/www.elsemanarioonline.com\/wp-content\/uploads\/2025\/01\/CO-1-State-S-Colo-CIRC-Trainings-Assistance-1pic-by-CIRC.jpg?fit=720%2C474&ssl=1","jetpack-related-posts":[],"jetpack_sharing_enabled":true,"_links":{"self":[{"href":"https:\/\/www.elsemanarioonline.com\/es\/wp-json\/wp\/v2\/posts\/26136","targetHints":{"allow":["GET"]}}],"collection":[{"href":"https:\/\/www.elsemanarioonline.com\/es\/wp-json\/wp\/v2\/posts"}],"about":[{"href":"https:\/\/www.elsemanarioonline.com\/es\/wp-json\/wp\/v2\/types\/post"}],"author":[{"embeddable":true,"href":"https:\/\/www.elsemanarioonline.com\/es\/wp-json\/wp\/v2\/users\/403"}],"replies":[{"embeddable":true,"href":"https:\/\/www.elsemanarioonline.com\/es\/wp-json\/wp\/v2\/comments?post=26136"}],"version-history":[{"count":0,"href":"https:\/\/www.elsemanarioonline.com\/es\/wp-json\/wp\/v2\/posts\/26136\/revisions"}],"wp:featuredmedia":[{"embeddable":true,"href":"https:\/\/www.elsemanarioonline.com\/es\/wp-json\/wp\/v2\/media\/26137"}],"wp:attachment":[{"href":"https:\/\/www.elsemanarioonline.com\/es\/wp-json\/wp\/v2\/media?parent=26136"}],"wp:term":[{"taxonomy":"category","embeddable":true,"href":"https:\/\/www.elsemanarioonline.com\/es\/wp-json\/wp\/v2\/categories?post=26136"},{"taxonomy":"post_tag","embeddable":true,"href":"https:\/\/www.elsemanarioonline.com\/es\/wp-json\/wp\/v2\/tags?post=26136"}],"curies":[{"name":"wp","href":"https:\/\/api.w.org\/{rel}","templated":true}]}}