{"id":25977,"date":"2025-01-09T04:31:00","date_gmt":"2025-01-09T04:31:00","guid":{"rendered":"https:\/\/www.elsemanarioonline.com\/?p=25977"},"modified":"2025-01-09T04:31:00","modified_gmt":"2025-01-09T04:31:00","slug":"las-universidades-de-colorado-reafirman-su-apoyo-a-los-estudiantes-inmigrantes-en-el-campus","status":"publish","type":"post","link":"https:\/\/www.elsemanarioonline.com\/es\/las-universidades-de-colorado-reafirman-su-apoyo-a-los-estudiantes-inmigrantes-en-el-campus\/","title":{"rendered":"Las Universidades de Colorado Reafirman Su Apoyo a los Estudiantes Inmigrantes en el Campus"},"content":{"rendered":"<p><!-- VideographyWP Plugin Message: Automatic video embedding prevented by plugin options. --><br \/>\n\u00a0<\/p>\n<p>Por\u00a0<a href=\"https:\/\/www.chalkbeat.org\/authors\/jason-gonzales\">Jason Gonzales<\/a><\/p>\n<p><em>Posted Jan. 9, 2025<\/em><\/p>\n<p>\u00a0<\/p>\n<p><strong>\u00a0<\/strong><\/p>\n<p>Los l\u00edderes de las universidades p\u00fablicas de Colorado dicen que est\u00e1n m\u00e1s preparados ahora para apoyar a los estudiantes inmigrantes en sus campus de lo que estaban durante el primer mandato del presidente electo Donald Trump.<\/p>\n<p>\u00a0<\/p>\n<p>Los administradores de las universidades dijeron que muchas de ellas seguir\u00e1n un plan similar al que crearon en 2016, y que han mantenido desde entonces. Pero el pr\u00f3ximo mandato de Trump \u2013con sus llamados a deportaciones masivas\u2013 trae consigo una nueva necesidad para las universidades y los colegios de Colorado de recordarles a los estudiantes inmigrantes indocumentados que no solo son bienvenidos en sus campuses, sino que los apoyar\u00e1n para ayudarlos a hacer realidad sus sue\u00f1os.<\/p>\n<p>\u00a0<\/p>\n<p>Tambi\u00e9n los administradores de las universidades se\u00f1alaron que eso es especialmente cierto cuando escuchan que m\u00e1s estudiantes indocumentados se sienten agotados por la constante amenaza de deportaciones.<\/p>\n<p>\u00a0<\/p>\n<p>\u201cA pesar de que existe mucho apoyo para esta poblaci\u00f3n, siento que definitivamente tenemos que hacer m\u00e1s\u201d, dijo Rodolfo Vargas, director del Centro Cultural C\u00e9sar Ch\u00e1vez de la Universidad del Norte de Colorado. \u201cY en eso estamos trabajando ahora mismo\u201d.<\/p>\n<figure id=\"attachment_25976\" aria-describedby=\"caption-attachment-25976\" style=\"width: 576px\" class=\"wp-caption aligncenter\"><img data-recalc-dims=\"1\" fetchpriority=\"high\" decoding=\"async\" class=\"wp-image-25976 size-full\" src=\"https:\/\/i0.wp.com\/www.elsemanarioonline.com\/wp-content\/uploads\/2025\/01\/Cover-E-Undocumented-College-2pic-by-AdobeStock-283036620-copy-story-Chalkbeat-Colorado.jpg?resize=576%2C384&ssl=1\" alt=\"\" width=\"576\" height=\"384\" srcset=\"https:\/\/i0.wp.com\/www.elsemanarioonline.com\/wp-content\/uploads\/2025\/01\/Cover-E-Undocumented-College-2pic-by-AdobeStock-283036620-copy-story-Chalkbeat-Colorado.jpg?w=576&ssl=1 576w, https:\/\/i0.wp.com\/www.elsemanarioonline.com\/wp-content\/uploads\/2025\/01\/Cover-E-Undocumented-College-2pic-by-AdobeStock-283036620-copy-story-Chalkbeat-Colorado.jpg?resize=300%2C200&ssl=1 300w, https:\/\/i0.wp.com\/www.elsemanarioonline.com\/wp-content\/uploads\/2025\/01\/Cover-E-Undocumented-College-2pic-by-AdobeStock-283036620-copy-story-Chalkbeat-Colorado.jpg?resize=150%2C100&ssl=1 150w\" sizes=\"(max-width: 576px) 100vw, 576px\" \/><figcaption id=\"caption-attachment-25976\" class=\"wp-caption-text\"><i>En los \u00faltimos cuatro a\u00f1os, en Colorado un promedio de 2.300 estudiantes indocumentados al a\u00f1o han solicitado la Solicitud de Ayuda Financiera Estatal.<\/i><b> (Foto: AdobeStock)<\/b><\/figcaption><\/figure>\n<p>Las universidades y los colegios p\u00fablicos de Colorado educan anualmente a un grupo diverso de estudiantes que incluye estudiantes internacionales y migrantes. Los estudiantes inmigrantes puede que tengan protecci\u00f3n legal para permanecer en el pa\u00eds, o no tener documentaci\u00f3n alguna, o pueden que est\u00e9n aqu\u00ed legalmente pero preocupados por los miembros de sus familias indocumentados. <a href=\"https:\/\/coloradonewsline.com\/2024\/07\/31\/undocumented-immigrants-100-billion-taxes\/#:~:text=The%20report%20estimates%20that%20156%2C000,million%20live%20in%20the%20country.\">Aproximadamente 156.000 inmigrantes indocumentados viven en el estado<\/a>.<\/p>\n<p>\u00a0<\/p>\n<p>En los \u00faltimos cuatro a\u00f1os, en Colorado un promedio de 2.300 estudiantes indocumentados al a\u00f1o han solicitado la Solicitud de Ayuda Financiera Estatal. Esta solicitud es muy parecida a la Solicitud Gratuita de Ayuda Federal para Estudiantes (FASFA), y tiene como objetivo ayudar a los estudiantes indocumentados a calificar para obtener dinero para pagar la matr\u00edcula y hacer realidad sus sue\u00f1os de ir a la universidad. Los estudiantes tambi\u00e9n pueden calificar para la matr\u00edcula estatal a trav\u00e9s del programa ASSET de Colorado.<\/p>\n<p>\u00a0<\/p>\n<blockquote><p>Los estudiantes indocumentados pertenecen a CU Boulder y su \u00e9xito es una prioridad\u201d.<br \/>\nCU Boulder<\/p><\/blockquote>\n<p>\u00a0<\/p>\n<p><a href=\"https:\/\/www.fairus.org\/issue\/do-you-live-1-11-sanctuary-states\">Colorado<\/a> restringe la mayor\u00eda de las formas de cooperaci\u00f3n con las autoridades federales de inmigraci\u00f3n cuando se trata de deportaciones, sin embargo mucho <a href=\"https:\/\/www.cpr.org\/2024\/02\/07\/colorado-sanctuary-city-immigrant-protections\/\">puede depender del condado o de las ciudades<\/a> en las que vivan los residentes.<\/p>\n<p>\u00a0<\/p>\n<p>Vargas tambi\u00e9n se refiri\u00f3 a que los estudiantes est\u00e1n en constante temor de que las leyes puedan cambiar, como por ejemplo que el gobierno federal ponga fin al programa de Acci\u00f3n Diferida para los Llegados en la Infancia (DACA). En Colorado, alrededor de 12.000 personas tienen DACA, o protecciones para inmigrantes que fueron tra\u00eddos a los \u0415stados Unidos cuando eran ni\u00f1os y viven en los Estados Unidos sin la documentaci\u00f3n adecuada.<\/p>\n<p>\u00a0<\/p>\n<p>Las prioridades de Trump son muy similares a las de 2016, cuando sus llamados a las deportaciones motivaron a los funcionarios de la Universidad Estatal Metropolitana de Denver a aumentar los recursos para los estudiantes indocumentados, dijo Gregor Mieder, director de servicios para inmigrantes de MSU Denver.<\/p>\n<p>\u00a0<\/p>\n<p>En 2016, los funcionarios de MSU Denver organizaron seminarios con abogados de inmigraci\u00f3n para que los estudiantes pudieran entender lo que significar\u00eda para ellos la administraci\u00f3n Trump, y tambi\u00e9n trajeron personal de apoyo para navegar por ciertos formularios legales y DACA, e incluso trajeron organizaciones comunitarias para ayudar.<\/p>\n<p>\u00a0<\/p>\n<p>\u201cSe moviliz\u00f3 un apoyo comunitario que fue realmente solidario y maravilloso de ver\u201d, dijo Mieder. \u201cCreo que eso tambi\u00e9n informa un poco sobre c\u00f3mo estamos pensando ahora sobre esta pr\u00f3xima administraci\u00f3n\u201d.<\/p>\n<p>\u00a0<\/p>\n<p>Las universidades y los l\u00edderes universitarios dijeron que las leyes en torno a las deportaciones son una cuesti\u00f3n de pol\u00edtica federal.<\/p>\n<p>\u00a0<\/p>\n<p>Pero ellos est\u00e1n dedicados a hacer que los estudiantes se sientan bienvenidos como en MSU Denver y Northern Colorado.<\/p>\n<p>\u00a0<\/p>\n<p>Una portavoz de la Universidad de Colorado en Boulder dijo en una declaraci\u00f3n que los estudiantes y acad\u00e9micos internacionales y no ciudadanos enriquecen el campus y la comunidad, y los l\u00edderes de la escuela continuar\u00e1n apoyando su empleo y matriculaci\u00f3n, independientemente de qui\u00e9n est\u00e9 en el cargo.<\/p>\n<p>\u00a0<\/p>\n<p>\u201cLos estudiantes indocumentados pertenecen a CU Boulder y su \u00e9xito es una prioridad\u201d, dice la declaraci\u00f3n.<\/p>\n<p>\u00a0<\/p>\n<p>La escuela seguir\u00e1 brindando recursos como La Cl\u00ednica de Defensa de Inmigraci\u00f3n de la Facultad de Derecho de la Universidad de Colorado, que brinda servicios directos a estudiantes, personal y miembros de la comunidad. La escuela tambi\u00e9n tiene un <a href=\"https:\/\/www.colorado.edu\/undocumentedstudentresources\/\">UndocuNetwork<\/a> (un repertorio de recursos en l\u00ednea), que incluye formas de ponerse en contacto con profesores y personal de todo el campus para abordar las preocupaciones de los estudiantes indocumentados y ponerse en contacto con los servicios de apoyo.<\/p>\n<p>\u00a0<\/p>\n<p>Del mismo modo, el director de la Oficina Ejecutiva de Equidad de la Universidad Estatal Adams, Florencio Ur\u00edas Aranda III, dijo en una declaraci\u00f3n que la escuela se compromete a ofrecer una comunidad segura y acogedora a estudiantes de todas procedencias.<\/p>\n<p>\u00a0<\/p>\n<p>\u201cNuestro compromiso y prioridad m\u00e1xima es ayudar a los estudiantes a prosperar y a construir su propio futuro, ofreci\u00e9ndoles servicios de apoyo y recursos adecuados, especialmente a los m\u00e1s vulnerables y menos representados\u201d dijo Ur\u00edas Aranda III.<\/p>\n<p>\u00a0<\/p>\n<p>Ni MSU Denver o la Northern Colorado University vieron un descenso significativo en el n\u00famero de estudiantes indocumentados que se matricularon en sus campuses durante el primer mandato de Trump, dijeron los funcionarios.<\/p>\n<p>\u00a0<\/p>\n<p>Vargas tambi\u00e9n se refiri\u00f3 a que a los estudiantes les resulta m\u00e1s dif\u00edcil terminar sus estudios porque pueden verse en la necesidad de trabajar para mantener a sus familias o sentirse agotados por la constante amenaza de deportaci\u00f3n o cambios en las leyes. Muchos deben hacer frente a un estr\u00e9s y una presi\u00f3n constantes que para la mayor\u00eda ser\u00eda demasiado.<\/p>\n<p>\u00a0<\/p>\n<p>Sin embargo, una y otra vez los estudiantes siguen adelante. Mieder y Vargas comentan que ellos est\u00e1n constantemente recordando a los estudiantes cu\u00e1n poderosa puede ser la educaci\u00f3n para sus vidas.<\/p>\n<p>\u00a0<\/p>\n<p>Los estudiantes quieren devolver algo a sus comunidades, dijo Mieder. Y la educaci\u00f3n es una de las cosas que ning\u00fan pol\u00edtico puede quitarles.<\/p>\n<p>\u00a0<\/p>\n<p>Depende de los administradores de la universidad hacer que los estudiantes se sientan c\u00f3modos, y Mieder dijo que la escuela seguir\u00e1 encontrando nuevas formas de abordar los problemas a medida que surjan. Los estudiantes hacen el resto con su dedicaci\u00f3n y resiliencia.<\/p>\n<p>\u00a0<\/p>\n<p>\u201cEn general, los estudiantes aqu\u00ed en MSU Denver superan casi cualquier cosa, con mucho esfuerzo y dedicaci\u00f3n\u201d, dijo Mieder. \u201cEs verdaderamente asombroso ver eso\u201d.<\/p>\n<p>\u00a0<\/p>\n<p><a href=\"https:\/\/www.chalkbeat.org\/authors\/jason-gonzales\">Jason Gonzales<\/a> es un reportero Chalkbeat Colorado. Este <a href=\"https:\/\/www.chalkbeat.org\/colorado\/2024\/12\/16\/colorado-universidades-publicas-apoyaran-estudiantes-inmigrantes-durante-segundo-mandato\/\">historia<\/a> fue publicada originalmente por <a href=\"https:\/\/www.chalkbeat.org\/\">\u00a0Chalkbeat. <\/a>Traducido por Rocky Mountain Language Co-op.<\/p>\n<p>\u00a0<\/p>\n<p>\u00a0<\/p>\n","protected":false},"excerpt":{"rendered":"<p>\u00a0 Por\u00a0Jason Gonzales Posted Jan. 9, 2025 \u00a0 \u00a0 Los l\u00edderes de las universidades p\u00fablicas de Colorado dicen que est\u00e1n m\u00e1s preparados ahora para apoyar a los estudiantes inmigrantes en&#8230;<\/p>\n","protected":false},"author":403,"featured_media":25974,"comment_status":"open","ping_status":"open","sticky":false,"template":"","format":"standard","meta":{"give_campaign_id":0,"_jetpack_memberships_contains_paid_content":false,"footnotes":""},"categories":[74],"tags":[],"class_list":["post-25977","post","type-post","status-publish","format-standard","has-post-thumbnail","hentry","category-noticia-de-portada"],"jetpack_featured_media_url":"https:\/\/i0.wp.com\/www.elsemanarioonline.com\/wp-content\/uploads\/2025\/01\/Cover-E-Undocumented-College-1pic-by-AdobeStock-243756151-copy-story-Chalkbeat-Colorado.jpg?fit=576%2C410&ssl=1","jetpack-related-posts":[],"jetpack_sharing_enabled":true,"_links":{"self":[{"href":"https:\/\/www.elsemanarioonline.com\/es\/wp-json\/wp\/v2\/posts\/25977","targetHints":{"allow":["GET"]}}],"collection":[{"href":"https:\/\/www.elsemanarioonline.com\/es\/wp-json\/wp\/v2\/posts"}],"about":[{"href":"https:\/\/www.elsemanarioonline.com\/es\/wp-json\/wp\/v2\/types\/post"}],"author":[{"embeddable":true,"href":"https:\/\/www.elsemanarioonline.com\/es\/wp-json\/wp\/v2\/users\/403"}],"replies":[{"embeddable":true,"href":"https:\/\/www.elsemanarioonline.com\/es\/wp-json\/wp\/v2\/comments?post=25977"}],"version-history":[{"count":0,"href":"https:\/\/www.elsemanarioonline.com\/es\/wp-json\/wp\/v2\/posts\/25977\/revisions"}],"wp:featuredmedia":[{"embeddable":true,"href":"https:\/\/www.elsemanarioonline.com\/es\/wp-json\/wp\/v2\/media\/25974"}],"wp:attachment":[{"href":"https:\/\/www.elsemanarioonline.com\/es\/wp-json\/wp\/v2\/media?parent=25977"}],"wp:term":[{"taxonomy":"category","embeddable":true,"href":"https:\/\/www.elsemanarioonline.com\/es\/wp-json\/wp\/v2\/categories?post=25977"},{"taxonomy":"post_tag","embeddable":true,"href":"https:\/\/www.elsemanarioonline.com\/es\/wp-json\/wp\/v2\/tags?post=25977"}],"curies":[{"name":"wp","href":"https:\/\/api.w.org\/{rel}","templated":true}]}}