{"id":25064,"date":"2024-09-05T04:17:11","date_gmt":"2024-09-05T04:17:11","guid":{"rendered":"https:\/\/www.elsemanarioonline.com\/?p=25064"},"modified":"2024-09-05T04:17:56","modified_gmt":"2024-09-05T04:17:56","slug":"prioridades-para-votantes-democratas-de-nm-atencion-medica-educacion-y-seguridad-fronteriza","status":"publish","type":"post","link":"https:\/\/www.elsemanarioonline.com\/es\/prioridades-para-votantes-democratas-de-nm-atencion-medica-educacion-y-seguridad-fronteriza\/","title":{"rendered":"Prioridades para Votantes Dem\u00f3cratas De NM: Atenci\u00f3n M\u00e9dica, Educaci\u00f3n y Seguridad Fronteriza"},"content":{"rendered":"<p><!-- VideographyWP Plugin Message: Automatic video embedding prevented by plugin options. --><br \/>\n\u00a0<\/p>\n<p>Por <a href=\"https:\/\/www.publicnewsservice.org\/producers.php?id=196\"><strong>Roz Brown<\/strong><\/a><\/p>\n<p><em>Posted Sept. 5, 2024<\/em><\/p>\n<p>\u00a0<\/p>\n<p>\u00a0<\/p>\n<p>Un delegado de Nuevo M\u00e9xico en la Convenci\u00f3n Nacional Dem\u00f3crata del mes pasado dice que escuch\u00f3 temas espec\u00edficos que espera que la candidata presidencial Kamala Harris y su compa\u00f1ero de f\u00f3rmula Tim Walz enfaticen antes de las elecciones de noviembre. El delegado Isaac Dakota Casados se desempe\u00f1a como secretario del Partido Dem\u00f3crata del estado. A\u00f1ade que los votantes del suroeste est\u00e1n especialmente preocupados por la atenci\u00f3n sanitaria, la educaci\u00f3n y la seguridad fronteriza. Espera que Harris hable m\u00e1s sobre esos temas y otros en la campa\u00f1a electoral.<br \/>\n\u00abCreo que van a seguir hablando de libertad y alegr\u00eda y de las cosas que debemos hacer para mejorar este pa\u00eds, no solo para las grandes corporaciones o las personas con grandes riquezas, sino tambi\u00e9n para los estadounidenses comunes y corrientes que luchan todos los d\u00edas,\u00bb insisti\u00f3 Casados.<\/p>\n<p>\u00a0<\/p>\n<p>Desde 1912, Nuevo M\u00e9xico ha votado dem\u00f3cratas casi el 60% de las veces y republicanos alrededor del 43%. Pero en las \u00faltimas d\u00e9cadas, los votantes han elegido a los dem\u00f3cratas el 83% de las veces y a los republicanos s\u00f3lo alrededor del 17%.<\/p>\n<p>\u00a0<\/p>\n<blockquote><p>Si Trump es reelegido para el cargo, millones de estadounidenses ver\u00e1n ignoradas sus condiciones preexistentes y no tendr\u00e1n acceso a la atenci\u00f3n que necesitan para mejorar sus vidas y salud.\u00bb<br \/>\nIsaac Dakota Casados<\/p>\n<p>\u00a0<\/p><\/blockquote>\n<p>Durante su mandato, el presidente republicano Donald Trump intent\u00f3, pero no logr\u00f3, derogar la Ley de Atenci\u00f3n M\u00e9dica Asequible. Si es reelegido, dice que no volver\u00e1 a enfocarse en ese tema. No obstante, Casados se hizo eco de las declaraciones del Gobernador de Nuevo M\u00e9xico el tercer d\u00eda de la convenci\u00f3n de que la atenci\u00f3n m\u00e9dica debe seguir siendo accesible.<\/p>\n<p>\u00a0<\/p>\n<p>\u00abSi Trump es reelegido para el cargo, millones de estadounidenses ver\u00e1n ignoradas sus condiciones preexistentes y no tendr\u00e1n acceso a la atenci\u00f3n que necesitan para mejorar sus vidas y salud,\u00bb explic\u00f3 adem\u00e1s el entrevistado.<\/p>\n<p>\u00a0<\/p>\n<p>Casados espera que la nominaci\u00f3n de Harris, una estadounidense de origen negro y del sudeste asi\u00e1tico, inspire a los ni\u00f1os de color de Nuevo M\u00e9xico a entusiasmarse con su posible futuro en la pol\u00edtica. Agrega que el Partido Dem\u00f3crata del estado ya est\u00e1 viendo m\u00e1s entusiasmo.<\/p>\n<p>\u00a0<\/p>\n<p>\u00abEstamos recibiendo consultas y viendo un n\u00famero r\u00e9cord de <a href=\"https:\/\/www.sos.nm.gov\/2024-voter-registration-data\/\">registros de votantes<\/a> en todo el estado y eso es realmente emocionante,\u00bb argument\u00f3 tambi\u00e9n Casados.<\/p>\n<p>\u00a0<\/p>\n<p>Roz Brown es productora de <a href=\"https:\/\/www.publicnewsservice.org\/\">Public News Service.<\/a> Traducido por <a href=\"https:\/\/www.publicnewsservice.org\/producers.php?id=235\">Gretchen Sanchez Higuera<\/a> Productora Espa\u00f1ol de <a href=\"https:\/\/www.publicnewsservice.org\/\">Public News Service.<\/a><\/p>\n<p><strong>\u00a0<\/strong><\/p>\n<p>\u00a0<\/p>\n","protected":false},"excerpt":{"rendered":"<p>\u00a0 Por Roz Brown Posted Sept. 5, 2024 \u00a0 \u00a0 Un delegado de Nuevo M\u00e9xico en la Convenci\u00f3n Nacional Dem\u00f3crata del mes pasado dice que escuch\u00f3 temas espec\u00edficos que espera&#8230;<\/p>\n","protected":false},"author":403,"featured_media":25065,"comment_status":"open","ping_status":"open","sticky":false,"template":"","format":"standard","meta":{"give_campaign_id":0,"_jetpack_memberships_contains_paid_content":false,"footnotes":""},"categories":[71,102],"tags":[],"class_list":["post-25064","post","type-post","status-publish","format-standard","has-post-thumbnail","hentry","category-estado","category-new-mexico-es"],"jetpack_featured_media_url":"https:\/\/i0.wp.com\/www.elsemanarioonline.com\/wp-content\/uploads\/2024\/09\/NM-1-State-S-New-Mex-Election-1pic-by-adobe-stock-AdobeStock_498366013-copy.jpg?fit=576%2C700&ssl=1","jetpack-related-posts":[],"jetpack_sharing_enabled":true,"_links":{"self":[{"href":"https:\/\/www.elsemanarioonline.com\/es\/wp-json\/wp\/v2\/posts\/25064","targetHints":{"allow":["GET"]}}],"collection":[{"href":"https:\/\/www.elsemanarioonline.com\/es\/wp-json\/wp\/v2\/posts"}],"about":[{"href":"https:\/\/www.elsemanarioonline.com\/es\/wp-json\/wp\/v2\/types\/post"}],"author":[{"embeddable":true,"href":"https:\/\/www.elsemanarioonline.com\/es\/wp-json\/wp\/v2\/users\/403"}],"replies":[{"embeddable":true,"href":"https:\/\/www.elsemanarioonline.com\/es\/wp-json\/wp\/v2\/comments?post=25064"}],"version-history":[{"count":0,"href":"https:\/\/www.elsemanarioonline.com\/es\/wp-json\/wp\/v2\/posts\/25064\/revisions"}],"wp:featuredmedia":[{"embeddable":true,"href":"https:\/\/www.elsemanarioonline.com\/es\/wp-json\/wp\/v2\/media\/25065"}],"wp:attachment":[{"href":"https:\/\/www.elsemanarioonline.com\/es\/wp-json\/wp\/v2\/media?parent=25064"}],"wp:term":[{"taxonomy":"category","embeddable":true,"href":"https:\/\/www.elsemanarioonline.com\/es\/wp-json\/wp\/v2\/categories?post=25064"},{"taxonomy":"post_tag","embeddable":true,"href":"https:\/\/www.elsemanarioonline.com\/es\/wp-json\/wp\/v2\/tags?post=25064"}],"curies":[{"name":"wp","href":"https:\/\/api.w.org\/{rel}","templated":true}]}}