{"id":2467,"date":"2016-10-27T07:05:24","date_gmt":"2016-10-27T07:05:24","guid":{"rendered":"http:\/\/elsemanarioonl.wpengine.com\/sin-categorizar\/latino-vote-is-key-to-environment\/?lang=es"},"modified":"2016-12-02T07:08:24","modified_gmt":"2016-12-02T07:08:24","slug":"el-voto-latino-es-clave-para-el-medio-ambiente-2","status":"publish","type":"post","link":"https:\/\/www.elsemanarioonline.com\/es\/el-voto-latino-es-clave-para-el-medio-ambiente-2\/","title":{"rendered":"El Voto Latino es Clave Para el Medio Ambiente"},"content":{"rendered":"<p><!-- VideographyWP Plugin Message: Automatic video embedding prevented by plugin options. --><br \/>\n<span lang=\"es-MX\">Hace un a\u00f1o, a Alexa Aispuro le importa muy poco la pol\u00edtica. Ella ten\u00eda 17 a\u00f1os de edad, apenas en su \u00faltimo a\u00f1o de escuela secundaria, y aunque sab\u00eda que pronto ser\u00eda capaz de votar, Aispuro era como, \u00abLo que sea sobre eso\u201d.<\/span><\/p>\n<p lang=\"es-MX\">En un avance r\u00e1pido de tiempo hasta ahora, y el primer a\u00f1o de universidad h comenzado. \u00abFinalmente mi palabra puede ser escuchada, y en realidad puedo tomar acci\u00f3n\u00bb, dijo Aispuro, que vive en Las Vegas, Nevada.<\/p>\n<p lang=\"es-MX\">Aispuro tambi\u00e9n ha sondeando y conseguido que los j\u00f3venes latinos como ella misma se hayan registrado para votar como voluntarios con la Liga de Votantes por la Conservaci\u00f3n, un grupo de defensa del medio ambiente.<\/p>\n<p lang=\"es-MX\">Hace s\u00f3lo un par de semanas, pidi\u00f3 a algunos de sus profesores tiempo de clase para convencer a otros estudiantes a registrarse. Eso es lo importante que considera ella esta elecci\u00f3n y las cuestiones ambientales que ahora conduce su activismo.<\/p>\n<p><span lang=\"es-MX\">\u00abEstoy preocupada, noto tanta contaminaci\u00f3n. Creo que todos merecemos un planeta sano\u00bb, dijo.<\/span><\/p>\n<p><span lang=\"es-MX\">Aispuro es una de los m\u00e1s de 27 millones de latinos elegibles para votar en noviembre, y que no est\u00e1 sola en su prioridad al medio ambiente. De hecho, dos tercios de los votantes latinos consideran el medio ambiente \u00abun tema muy importante\u00bb, seg\u00fan el Centro de Investigaci\u00f3n Pew, que se\u00f1ala entre el resto de los votantes encuestados, s\u00f3lo la mitad de ellos sienten lo mismo.<\/span><\/p>\n<p lang=\"es-MX\">La poblaci\u00f3n latina en los Estados Unidos ha estado creciendo a un ritmo mucho m\u00e1s r\u00e1pido que otros grupos que se han estancado o reducido en n\u00famero o bien, dando a los latinos m\u00e1s poder para hacer o deshacer una campa\u00f1a durante una elecci\u00f3n cerrada.<\/p>\n<p lang=\"es-MX\">Ya existe un precedente: El voto latino fue clave para los dem\u00f3cratas a la Casa Blanca en las \u00faltimas dos elecciones. Esta vez, podr\u00eda ayudar a los dem\u00f3cratas a conservan la presidencia y volver a tomar el Senado en un momento crucial para la promulgaci\u00f3n de pol\u00edticas para combatir el calentamiento global provocado por el hombre \u2013 tanto en los Estados Unidos, el segundo mayor emisor de gases de efecto invernadero del planeta, y en el extranjero.<\/p>\n<p><span lang=\"es-MX\">\u00abDurante los \u00faltimos ocho a\u00f1os, s\u00f3lo hay dos cuestiones en las que hemos encontrado que consistentemente m\u00e1s del 80 por ciento de los votantes latinos est\u00e1n de acuerdo: estas cuestiones son la reforma integral de la inmigraci\u00f3n y la lucha contra el cambio clim\u00e1tico\u00bb, dijo Eduardo Vargas, analista del <\/span><span lang=\"es-MX\"><i>think tank<\/i><\/span><span lang=\"es-MX\"> de Latino Decisions. \u00abAs\u00ed que la pol\u00edtica ambiental puede ser un problema de motivar a si los candidatos hacen hincapi\u00e9 en las comunidades latinas\u201d.<\/span><\/p>\n<p><span lang=\"es-MX\">Los <\/span><span lang=\"es-MX\"><i>Millenials<\/i><\/span><span lang=\"es-MX\">, que representan el 44 por ciento de los votantes latinos y tienen un inter\u00e9s demostrado en el medio ambiente.<\/span><\/p>\n<p><span lang=\"es-MX\">\u00abArizona, Colorado, Nevada y Florida son esencialmente los estados claves para los votantes latinos. Y ah\u00ed es donde los j\u00f3venes latinos del milenio, si resultan en cantidades razonables, puede tener absolutamente una influencia en el resultado\u00bb, Gabriel S\u00e1nchez, profesor de Ciencias Pol\u00edticas en la Universidad de Nuevo M\u00e9xico, dijo de la elecci\u00f3n presidencial. \u00abUna gran cantidad de los datos no sugieren que el entusiasmo latino de voto es en realidad m\u00e1s alto en este punto en la elecci\u00f3n de lo que hab\u00eda de nuevo en 2012\u201d.<\/span><\/p>\n<p lang=\"es-MX\">\u00bfQu\u00e9 est\u00e1 impulsando la preocupaci\u00f3n ambiental elevada de los latinos? Vargas dijo que un factor puede ser fuertes conexiones familiares. \u00abLos latinos tienen familias en toda Am\u00e9rica Latina, y saben los efectos del cambio clim\u00e1tico en las comunidades en M\u00e9xico, Am\u00e9rica Central y Am\u00e9rica del Sur\u00bb, dijo.<\/p>\n<p lang=\"es-MX\">Sin embargo, cuanto m\u00e1s grande es el factor que influye puede estar m\u00e1s cerca de casa. \u00abLos latinos a menudo viven en las comunidades aqu\u00ed en los EE.UU. que se ven afectadas por la contaminaci\u00f3n en las grandes ciudades\u00bb, dijo Vargas.<\/p>\n<p lang=\"es-MX\">Los latinos tienen tres veces m\u00e1s probabilidades de morir de asma, una enfermedad estrechamente relacionadas con la contaminaci\u00f3n del aire, en comparaci\u00f3n con otros grupos \u00e9tnicos.<\/p>\n<p lang=\"es-MX\">\u00abEste es un tema que no recibe suficiente atenci\u00f3n \u2013 pero los latinos son muy, muy, muy fuertes ambientalistas, quiz\u00e1 el m\u00e1s fuerte de cualquier grupo demogr\u00e1fico en los EE.UU.\u00bb, dijo Vargas.<\/p>\n<p lang=\"es-MX\">Esa falta de atenci\u00f3n hacia el medio ambiente se ve obligada a cambiar en estados como Nevada, y en otros lugares, al mismo tiempo que los efectos del cambio clim\u00e1tico se intensifican, dijo David F. Damore, profesor de ciencias pol\u00edticas en la Universidad de Nevada.<\/p>\n<p><span lang=\"es-MX\">\u00abEn alg\u00fan momento, todo el mundo tendr\u00e1 que convertirse en un elector del medio ambiente en la medida en que el cambio clim\u00e1tico nos sigue afectando\u00bb, dijo Damore. \u00abVa a ser una de esas cosas \u2026 una vez que comienza a recibir otras personas que participan m\u00e1s en la realidad de lo que los posibles desastres clim\u00e1ticos que nos enfrentan, se convertir\u00e1 en un problema m\u00e1s amplio que los pol\u00edticos ya no podr\u00e1n ignorar. La pregunta es: \u00bfSer\u00e1 entonces demasiado tarde?\u201d<\/span><\/p>\n<p lang=\"es-MX\"><i>Traducci\u00f3n por Juan Carlos Uribe<\/i><\/p>\n","protected":false},"excerpt":{"rendered":"<p>Hace un a\u00f1o, a Alexa Aispuro le importa muy poco la pol\u00edtica. Ella ten\u00eda 17 a\u00f1os de edad, apenas en su \u00faltimo a\u00f1o de escuela secundaria, y aunque sab\u00eda que&#8230;<\/p>\n","protected":false},"author":77,"featured_media":2464,"comment_status":"open","ping_status":"open","sticky":false,"template":"","format":"standard","meta":{"give_campaign_id":0,"_jetpack_memberships_contains_paid_content":false,"footnotes":""},"categories":[74],"tags":[],"class_list":["post-2467","post","type-post","status-publish","format-standard","has-post-thumbnail","hentry","category-noticia-de-portada"],"jetpack_featured_media_url":"https:\/\/i0.wp.com\/www.elsemanarioonline.com\/wp-content\/uploads\/2016\/12\/Pg5-Cover-E-enviro-1-infographic.jpg?fit=1200%2C800&ssl=1","jetpack-related-posts":[],"jetpack_sharing_enabled":true,"_links":{"self":[{"href":"https:\/\/www.elsemanarioonline.com\/es\/wp-json\/wp\/v2\/posts\/2467","targetHints":{"allow":["GET"]}}],"collection":[{"href":"https:\/\/www.elsemanarioonline.com\/es\/wp-json\/wp\/v2\/posts"}],"about":[{"href":"https:\/\/www.elsemanarioonline.com\/es\/wp-json\/wp\/v2\/types\/post"}],"author":[{"embeddable":true,"href":"https:\/\/www.elsemanarioonline.com\/es\/wp-json\/wp\/v2\/users\/77"}],"replies":[{"embeddable":true,"href":"https:\/\/www.elsemanarioonline.com\/es\/wp-json\/wp\/v2\/comments?post=2467"}],"version-history":[{"count":0,"href":"https:\/\/www.elsemanarioonline.com\/es\/wp-json\/wp\/v2\/posts\/2467\/revisions"}],"wp:featuredmedia":[{"embeddable":true,"href":"https:\/\/www.elsemanarioonline.com\/es\/wp-json\/wp\/v2\/media\/2464"}],"wp:attachment":[{"href":"https:\/\/www.elsemanarioonline.com\/es\/wp-json\/wp\/v2\/media?parent=2467"}],"wp:term":[{"taxonomy":"category","embeddable":true,"href":"https:\/\/www.elsemanarioonline.com\/es\/wp-json\/wp\/v2\/categories?post=2467"},{"taxonomy":"post_tag","embeddable":true,"href":"https:\/\/www.elsemanarioonline.com\/es\/wp-json\/wp\/v2\/tags?post=2467"}],"curies":[{"name":"wp","href":"https:\/\/api.w.org\/{rel}","templated":true}]}}