{"id":24469,"date":"2024-06-12T20:40:51","date_gmt":"2024-06-12T20:40:51","guid":{"rendered":"https:\/\/www.elsemanarioonline.com\/?p=24469"},"modified":"2024-06-12T20:40:51","modified_gmt":"2024-06-12T20:40:51","slug":"el-programa-de-almuerzos-de-verano-2024-ha-regresado-para-ayudar-a-los-jovenes-de-albuquerque","status":"publish","type":"post","link":"https:\/\/www.elsemanarioonline.com\/es\/el-programa-de-almuerzos-de-verano-2024-ha-regresado-para-ayudar-a-los-jovenes-de-albuquerque\/","title":{"rendered":"El Programa de Almuerzos de Verano 2024 Ha Regresado para Ayudar a los J\u00f3venes de Albuquerque"},"content":{"rendered":"<p><!-- VideographyWP Plugin Message: Automatic video embedding prevented by plugin options. --><br \/>\n&nbsp;<\/p>\n<p><strong><em>Posted June 13, 2024<\/em><\/strong><\/p>\n<p>&nbsp;<\/p>\n<p>&nbsp;<\/p>\n<p>El Programa de Almuerzos de Verano 2024 ha regresado para ayudar a los j\u00f3venes de Albuquerque a recibir comidas nutritivas durante los meses de verano. Muchos estudiantes dependen de las comidas proporcionadas por sus escuelas durante el a\u00f1o, y la ciudad de Albuquerque ayuda a garantizar que no se las pierdan mientras no asisten a la escuela. Se proporcionar\u00e1n comidas a todos los ni\u00f1os de 1 a 18 a\u00f1os en m\u00e1s de 75 ubicaciones en toda la ciudad durante los d\u00edas de semana. El programa comenz\u00f3 en 1969 en un centro comunitario local y la ciudad ha seguido llevando un cabo este importante esfuerzo desde entonces para garantizar que los ni\u00f1os no pasen hambre durante el verano.<\/p>\n<p>&nbsp;<\/p>\n<p>\u00abTener acceso a comidas nutritivas durante el verano es muy importante para el \u00e9xito y el bienestar de nuestra juventud\u00bb, dijo el alcalde Tim Keller. \u00abCon tantas ubicaciones en Albuquerque, nuestro objetivo es asegurarnos de que todas las familias tengan lo que necesitan para mantenerse saludables y comprometidos este verano\u00bb.<\/p>\n<p>&nbsp;<\/p>\n<p>La distribuci\u00f3n de alimentos en organizaciones locales sin fines de lucro comienza el lunes 3 de junio. Las ubicaciones en los parques comienzan el mi\u00e9rcoles 5 de junio y la distribuci\u00f3n en los centros comunitarios de Albuquerque comenzar\u00e1 el lunes 17 de junio. Las comidas se servir\u00e1n en cada sitio durante una hora los primeros d\u00edas. venga, por orden de llegada. Los horarios de inicio var\u00edan seg\u00fan la ubicaci\u00f3n; consulte la lista adjunta o visite <u><a href=\"https:\/\/www-cabq-gov.translate.goog\/family\/crei\/youth-food-service-program\/youth-food-service-program?_x_tr_sl=en&amp;_x_tr_tl=es&amp;_x_tr_hl=en\">cabq.gov\/summermeals<\/a><\/u> para obtener m\u00e1s informaci\u00f3n.<\/p>\n<p>&nbsp;<\/p>\n<p>Adem\u00e1s de los almuerzos de verano, la ciudad colabora con APS para ofrecer Story Time in the Park en numerosos lugares para almorzar. Esta es una iniciativa de participaci\u00f3n familiar del T\u00edtulo I de APS que proporciona a los maestros certificados los recursos para leer en voz alta a los ni\u00f1os y sus familias y permite que los ni\u00f1os salgan de cada sesi\u00f3n con una copia del libro que leyeron y compartieron con una hoja de actividades\/plan de estrategias de lecci\u00f3n. y apoyos para la lectura en casa.<\/p>\n<p>&nbsp;<\/p>\n<p>\u00abComo ex maestra, estoy muy feliz de colaborar con APS y que nuestros sitios de comidas brinden un espacio para que maestros y estudiantes contin\u00faen compartiendo oportunidades de aprendizaje durante todo el verano\u00bb, dijo la directora de Juventud y Familia, Katarina Sandoval. \u201cLa lectura es muy importante y espero que nuestros j\u00f3venes disfruten escuchando las historias y pudiendo llevarse a casa un libro nuevo\u201d.<\/p>\n<p>&nbsp;<\/p>\n<p>Para obtener una lista completa de reglas, sitios, fechas de inicio y ubicaciones de Story Time in the Park, visite nuestro sitio web en <u><a href=\"https:\/\/www-cabq-gov.translate.goog\/family\/crei\/youth-food-service-program\/youth-food-service-program?_x_tr_sl=en&amp;_x_tr_tl=es&amp;_x_tr_hl=en\">cabq.gov\/summermeals<\/a><\/u>.<\/p>\n<p><strong>\u00a0<\/strong><\/p>\n<p>&nbsp;<\/p>\n","protected":false},"excerpt":{"rendered":"<p>&nbsp; Posted June 13, 2024 &nbsp; &nbsp; El Programa de Almuerzos de Verano 2024 ha regresado para ayudar a los j\u00f3venes de Albuquerque a recibir comidas nutritivas durante los meses&#8230;<\/p>\n","protected":false},"author":403,"featured_media":24470,"comment_status":"open","ping_status":"open","sticky":false,"template":"","format":"standard","meta":{"give_campaign_id":0,"_jetpack_memberships_contains_paid_content":false,"footnotes":""},"categories":[71,102],"tags":[],"class_list":["post-24469","post","type-post","status-publish","format-standard","has-post-thumbnail","hentry","category-estado","category-new-mexico-es"],"jetpack_featured_media_url":"https:\/\/i0.wp.com\/www.elsemanarioonline.com\/wp-content\/uploads\/2024\/06\/NM-2-State-E-New-Mex-Kids-Meals-1pic-by-AdobeStock_706547915-copy.jpg?fit=720%2C480&ssl=1","jetpack-related-posts":[],"jetpack_sharing_enabled":true,"_links":{"self":[{"href":"https:\/\/www.elsemanarioonline.com\/es\/wp-json\/wp\/v2\/posts\/24469","targetHints":{"allow":["GET"]}}],"collection":[{"href":"https:\/\/www.elsemanarioonline.com\/es\/wp-json\/wp\/v2\/posts"}],"about":[{"href":"https:\/\/www.elsemanarioonline.com\/es\/wp-json\/wp\/v2\/types\/post"}],"author":[{"embeddable":true,"href":"https:\/\/www.elsemanarioonline.com\/es\/wp-json\/wp\/v2\/users\/403"}],"replies":[{"embeddable":true,"href":"https:\/\/www.elsemanarioonline.com\/es\/wp-json\/wp\/v2\/comments?post=24469"}],"version-history":[{"count":0,"href":"https:\/\/www.elsemanarioonline.com\/es\/wp-json\/wp\/v2\/posts\/24469\/revisions"}],"wp:featuredmedia":[{"embeddable":true,"href":"https:\/\/www.elsemanarioonline.com\/es\/wp-json\/wp\/v2\/media\/24470"}],"wp:attachment":[{"href":"https:\/\/www.elsemanarioonline.com\/es\/wp-json\/wp\/v2\/media?parent=24469"}],"wp:term":[{"taxonomy":"category","embeddable":true,"href":"https:\/\/www.elsemanarioonline.com\/es\/wp-json\/wp\/v2\/categories?post=24469"},{"taxonomy":"post_tag","embeddable":true,"href":"https:\/\/www.elsemanarioonline.com\/es\/wp-json\/wp\/v2\/tags?post=24469"}],"curies":[{"name":"wp","href":"https:\/\/api.w.org\/{rel}","templated":true}]}}