{"id":23907,"date":"2024-03-28T22:06:57","date_gmt":"2024-03-28T22:06:57","guid":{"rendered":"https:\/\/www.elsemanarioonline.com\/?p=23907"},"modified":"2024-03-28T22:06:57","modified_gmt":"2024-03-28T22:06:57","slug":"la-salud-mental-importa-lo-que-puede-hacer-ser-consciente","status":"publish","type":"post","link":"https:\/\/www.elsemanarioonline.com\/es\/la-salud-mental-importa-lo-que-puede-hacer-ser-consciente\/","title":{"rendered":"La Salud Mental Importa: Lo Que Puede Hacer Ser Consciente"},"content":{"rendered":"<p><!-- VideographyWP Plugin Message: Automatic video embedding prevented by plugin options. --><br \/>\n&nbsp;<\/p>\n<p><strong>Por Hilary Olivares<\/strong><\/p>\n<p><em>Posted March 28, 2024<\/em><\/p>\n<p>&nbsp;<\/p>\n<p>Cuando o\u00edmos hablar de salud mental, a menudo no tenemos en cuenta los problemas f\u00edsicos y mentales que conlleva. Para empezar, \u00bfqu\u00e9 es la salud mental y c\u00f3mo afecta a quienes la padecen? La salud mental puede caracterizarse como el bienestar de la mente para hacer frente a cosas como el estr\u00e9s, la ansiedad o cualquier otro sentimiento de malestar. Las personas afectadas por la salud mental pueden alejar sus pensamientos y sentimientos o encontrar dif\u00edcil hablar con alguien sobre lo que est\u00e1n pasando. La salud mental es importante porque determina nuestra forma de vida y de interactuar con la sociedad. Tener a alguien con quien hablar, ya sea un amigo, un familiar o un centro de crisis, puede salvar la vida de alguien antes de que sea demasiado tarde.<\/p>\n<p>&nbsp;<\/p>\n<p>La salud mental es algo com\u00fan que vemos en todas las edades, razas y g\u00e9neros. Aunque hay muchos aspectos de lo que puede causar la mala salud mental, los medios de comunicaci\u00f3n social entre los muchos, son lo que puede golpear cambios a una persona. Las redes sociales como Facebook, Instagram, Twitter y TikTok tienen una perspectiva que provoca problemas de salud mental. Lo m\u00e1s com\u00fan es ver el estilo de vida de los dem\u00e1s. Los famosos muestran sus bolsos de dise\u00f1o, sus mansiones, sus coches de lujo, y pueden hacer que los que no son tan afortunados se sientan menos de s\u00ed mismos. Ahora bien, incluso siendo una celebridad, muchos pueden verlos como individuos felices porque pueden permitirse comprar lo que quieran y vivir como quieran, pero eso est\u00e1 lejos de la verdad. Celebridad o no, las redes sociales son un lugar que permite a otros hacer comentarios sobre tu apariencia, c\u00f3mo deber\u00edan ser los est\u00e1ndares de belleza y c\u00f3mo deber\u00edas tener el poder de impulsarte a una buena \u00e9tica de trabajo. Esto en s\u00ed mismo hace que una persona se sienta en su punto m\u00e1s bajo, lo que conduce a la depresi\u00f3n y a otros problemas de salud mental.<\/p>\n<p>&nbsp;<\/p>\n<blockquote><p>Est\u00e1 bien pedir ayuda\u201d.<br \/>\nOlivia Almaguer, Rocky Mountain Crisis Partners<\/p><\/blockquote>\n<p>&nbsp;<\/p>\n<p>La salud mental existe desde hace a\u00f1os, pero no se ha hablado de ella hasta hace poco. Cuando se produjo por primera vez Covid-19, las escuelas y los puestos de trabajo se cerraron temporalmente por precauci\u00f3n para la seguridad de todos. Sin embargo, esto solo ser\u00eda el principio de un bloqueo mundial. Al estar las escuelas aisladas, la gente empez\u00f3 a perder sus trabajos por no poder estar cara a cara. Esto provoc\u00f3 que muchas personas tuvieran problemas de salud mental, ya que estos trabajos eran fuentes de ingresos y formas de ayudar a pagar las facturas. Muchas personas pudieron solicitar el desempleo, pero muchas se quedaron sin hogar y perdieron todo lo que pose\u00edan. Esto por s\u00ed solo ha tenido un impacto en todos y ha causado ansiedad y depresi\u00f3n. Los que iban a la escuela virtualmente no pudieron estar rodeados de sus amigos y muchos estudiantes empezaron su primer a\u00f1o de secundaria y bachillerato a distancia y los de \u00faltimo curso no pudieron tener una graduaci\u00f3n. La cosa no se queda ah\u00ed. Por desgracia, muchas personas han perdido a seres queridos debido a Covid. Lo que puede haber sido una lucha entre muchos, es c\u00f3mo nadie pudo visitar a sus seres queridos en el hospital o tener una despedida adecuada.<\/p>\n<p>&nbsp;<\/p>\n<p>La comunidad hispana y latina es la que se enfrenta a m\u00e1s problemas de salud mental. Muchas personas de ascendencia hispana o latina, a menudo encuentran que sus problemas s\u00f3lo deben mantenerse dentro de su hogar y nunca contarlo fuera de eso. Es muy com\u00fan que las culturas hispanas o latinas pasen por alto la idea de la salud mental causando una acumulaci\u00f3n de emociones. Olivia Almaguer, representante del departamento biling\u00fce de <a href=\"https:\/\/rmcrisispartners.org\/\">Rocky Mountain Crisis Partners<\/a>, ha compartido mucho sobre por qu\u00e9 la salud mental es importante para todos, pero tambi\u00e9n para aquellos que pueden ser de otros or\u00edgenes culturales y que pueden no hablar ingl\u00e9s. Rocky Mountain Crisis Partners es un centro de crisis gratuito, sin \u00e1nimo de lucro, confidencial, abierto las 24 horas del d\u00eda, los 7 d\u00edas de la semana, para todas las personas de todas las edades y g\u00e9neros. Olivia afirma: \u00abEstamos viendo una gran demanda de llamadas. Por ejemplo, el a\u00f1o pasado tuvimos una media de 200 a 300 llamadas al mes y este a\u00f1o hemos empezado a ver picos en diciembre. Pero en enero de este a\u00f1o est\u00e1bamos en 801 y en el mes de febrero casi llegamos, est\u00e1bamos en 739, as\u00ed que estamos empezando a ver m\u00e1s de ese volumen entrando\u00bb.<\/p>\n<p>&nbsp;<\/p>\n<p>Rocky Mountain Crisis Partners no s\u00f3lo ofrece servicios para cualquier crisis, sino que tambi\u00e9n proporciona un seguimiento a trav\u00e9s de su organizaci\u00f3n sin \u00e1nimo de lucro, que puede consistir en llamadas semanales o mensuales. Tambi\u00e9n proporcionan servicios de despacho m\u00f3vil en el que una persona del centro de crisis puede reunirse con usted en un lugar privado o en la comodidad de su propia casa para tener esa interacci\u00f3n cara a cara. Disponer de un recurso donde poder hablar con alguien puede ser muy beneficioso en cualquier crisis de salud mental para ayudar a dar los siguientes pasos para que alguien contin\u00fae su viaje vital.<\/p>\n<p>&nbsp;<\/p>\n<p>\u00abEst\u00e1 bien pedir ayuda\u00bb, dijo Almaguer.<\/p>\n<p>&nbsp;<\/p>\n<p>La salud mental es diferente para cada persona, pero es importante recordar que existe ayuda y que est\u00e1 bien no estar bien. Hay muchos aspectos que influyen en c\u00f3mo nos sentimos y c\u00f3mo afrontamos las cosas, y saber que existen lugares como Rocky Mountain Crisis Partners puede ser de gran ayuda para muchos. Una mente sana puede mejorarnos a todos y, en general, nos permite ser m\u00e1s amables con nuestra mente.<\/p>\n<p>&nbsp;<\/p>\n<p>Hilary Olivares es un Reportera Independiente para The Weekly Issue\/El Semanario. Traducido por Juan Carlos Uribe, The Weekly Issue\/El Semanario.<\/p>\n<p><strong>\u00a0<\/strong><\/p>\n<p>&nbsp;<\/p>\n","protected":false},"excerpt":{"rendered":"<p>&nbsp; Por Hilary Olivares Posted March 28, 2024 &nbsp; Cuando o\u00edmos hablar de salud mental, a menudo no tenemos en cuenta los problemas f\u00edsicos y mentales que conlleva. Para empezar,&#8230;<\/p>\n","protected":false},"author":403,"featured_media":23906,"comment_status":"open","ping_status":"open","sticky":false,"template":"","format":"standard","meta":{"give_campaign_id":0,"_jetpack_memberships_contains_paid_content":false,"footnotes":""},"categories":[71,78],"tags":[],"class_list":["post-23907","post","type-post","status-publish","format-standard","has-post-thumbnail","hentry","category-estado","category-salud"],"jetpack_featured_media_url":"https:\/\/i0.wp.com\/www.elsemanarioonline.com\/wp-content\/uploads\/2024\/03\/CO-2-State-S-Colo-Mental-Health-1pic-Olivia-Almaguer-story-by-Hillary-Olivares-e1711663484132.jpg?fit=576%2C698&ssl=1","jetpack-related-posts":[],"jetpack_sharing_enabled":true,"_links":{"self":[{"href":"https:\/\/www.elsemanarioonline.com\/es\/wp-json\/wp\/v2\/posts\/23907","targetHints":{"allow":["GET"]}}],"collection":[{"href":"https:\/\/www.elsemanarioonline.com\/es\/wp-json\/wp\/v2\/posts"}],"about":[{"href":"https:\/\/www.elsemanarioonline.com\/es\/wp-json\/wp\/v2\/types\/post"}],"author":[{"embeddable":true,"href":"https:\/\/www.elsemanarioonline.com\/es\/wp-json\/wp\/v2\/users\/403"}],"replies":[{"embeddable":true,"href":"https:\/\/www.elsemanarioonline.com\/es\/wp-json\/wp\/v2\/comments?post=23907"}],"version-history":[{"count":0,"href":"https:\/\/www.elsemanarioonline.com\/es\/wp-json\/wp\/v2\/posts\/23907\/revisions"}],"wp:featuredmedia":[{"embeddable":true,"href":"https:\/\/www.elsemanarioonline.com\/es\/wp-json\/wp\/v2\/media\/23906"}],"wp:attachment":[{"href":"https:\/\/www.elsemanarioonline.com\/es\/wp-json\/wp\/v2\/media?parent=23907"}],"wp:term":[{"taxonomy":"category","embeddable":true,"href":"https:\/\/www.elsemanarioonline.com\/es\/wp-json\/wp\/v2\/categories?post=23907"},{"taxonomy":"post_tag","embeddable":true,"href":"https:\/\/www.elsemanarioonline.com\/es\/wp-json\/wp\/v2\/tags?post=23907"}],"curies":[{"name":"wp","href":"https:\/\/api.w.org\/{rel}","templated":true}]}}