{"id":23380,"date":"2024-01-25T16:47:55","date_gmt":"2024-01-25T16:47:55","guid":{"rendered":"https:\/\/www.elsemanarioonline.com\/?p=23380"},"modified":"2024-01-25T16:47:55","modified_gmt":"2024-01-25T16:47:55","slug":"lideres-comunitarios-alarmados-por-el-aumento-de-la-tasa-de-suicidios-en-hispanos","status":"publish","type":"post","link":"https:\/\/www.elsemanarioonline.com\/es\/lideres-comunitarios-alarmados-por-el-aumento-de-la-tasa-de-suicidios-en-hispanos\/","title":{"rendered":"L\u00edderes Comunitarios Alarmados por el Aumento de la Tasa de Suicidios en Hispanos"},"content":{"rendered":"<p><!-- VideographyWP Plugin Message: Automatic video embedding prevented by plugin options. --><br \/>\n&nbsp;<\/p>\n<p><strong>Por Andy Miller y Molly Castle Work<\/strong><\/p>\n<p><em>Posted: 25 de enero 2024<\/em><\/p>\n<p>&nbsp;<\/p>\n<p>Un grupo, desde adolescentes hasta adultos mayores, se reuni\u00f3 en una oficina dentro de un supermercado, donde letreros de alimentos en espa\u00f1ol apelan a la gran poblaci\u00f3n hispana en esta ciudad del noroeste de Georgia, dominada por la industria de las alfombras.<\/p>\n<p>&nbsp;<\/p>\n<p>La conversaci\u00f3n, moderada por la l\u00edder comunitaria Am\u00e9rica Gruner, se centr\u00f3 en la salud mental y el suicidio. A las reuniones de los martes por la noche llegan una docena de personas que, sentadas sobre muebles transformados en improvisadas sillas, comparten sus emotivas historias.<\/p>\n<p>&nbsp;<\/p>\n<p>Gruner form\u00f3 el grupo de apoyo en 2019 despu\u00e9s que tres latinos de entre 17 y 22 a\u00f1os se quitaran la vida en esta ciudad, en un per\u00edodo de dos semanas.<\/p>\n<p>&nbsp;<\/p>\n<p>\u201cNo pod\u00edamos esperar a la investigaci\u00f3n\u201d, dijo Gruner, fundadora y presidenta de la <u><a href=\"https:\/\/www.cliladalton.org\/\">Coalici\u00f3n de L\u00edderes Latinos<\/a><\/u>. \u201cQuer\u00edamos hacer algo al respecto\u201d.<\/p>\n<p>&nbsp;<\/p>\n<p>La <u><a href=\"https:\/\/www.kff.org\/mental-health\/issue-brief\/a-look-at-the-latest-suicide-data-and-change-over-the-last-decade\/#:~:text=When%20adjusted%20for%20population%20growth,14.4%20deaths%20per%20100%2C000%20individuals.\">tasa de suicidio<\/a><\/u> entre las personas hispanas en Estados Unidos ha aumentado significativamente en la \u00faltima d\u00e9cada. La tendencia preocupa a l\u00edderes de la comunidad: incluso ni\u00f1os hispanos en edad escolar han intentado hacerse da\u00f1o o expresado pensamientos suicidas.<\/p>\n<p>&nbsp;<\/p>\n<p>L\u00edderes comunitarios e investigadores de salud mental dicen que la pandemia golpe\u00f3 especialmente fuerte a los j\u00f3venes hispanos. A menudo se espera que los ni\u00f1os inmigrantes asuman m\u00e1s responsabilidades cuando sus padres no hablan ingl\u00e9s, incluso cuando ellos mismos no manejan bien el idioma.<\/p>\n<figure id=\"attachment_23379\" aria-describedby=\"caption-attachment-23379\" style=\"width: 720px\" class=\"wp-caption aligncenter\"><img data-recalc-dims=\"1\" fetchpriority=\"high\" decoding=\"async\" class=\"wp-image-23379 size-full\" src=\"https:\/\/i0.wp.com\/www.elsemanarioonline.com\/wp-content\/uploads\/2024\/01\/1-Health-News-E-Latinos-Mental-Health-2pic-by-KFF-News.jpg?resize=640%2C427&#038;ssl=1\" alt=\"\" width=\"640\" height=\"427\" srcset=\"https:\/\/i0.wp.com\/www.elsemanarioonline.com\/wp-content\/uploads\/2024\/01\/1-Health-News-E-Latinos-Mental-Health-2pic-by-KFF-News.jpg?w=720&amp;ssl=1 720w, https:\/\/i0.wp.com\/www.elsemanarioonline.com\/wp-content\/uploads\/2024\/01\/1-Health-News-E-Latinos-Mental-Health-2pic-by-KFF-News.jpg?resize=300%2C200&amp;ssl=1 300w, https:\/\/i0.wp.com\/www.elsemanarioonline.com\/wp-content\/uploads\/2024\/01\/1-Health-News-E-Latinos-Mental-Health-2pic-by-KFF-News.jpg?resize=150%2C100&amp;ssl=1 150w, https:\/\/i0.wp.com\/www.elsemanarioonline.com\/wp-content\/uploads\/2024\/01\/1-Health-News-E-Latinos-Mental-Health-2pic-by-KFF-News.jpg?resize=600%2C400&amp;ssl=1 600w\" sizes=\"(max-width: 640px) 100vw, 640px\" \/><figcaption id=\"caption-attachment-23379\" class=\"wp-caption-text\"><i>Am\u00e9rica Gruner es l\u00edder comunitaria en Dalton, Georgia, una ciudad al noroeste del estado con una gran comunidad latina. Gruner, quien naci\u00f3 en M\u00e9xico, organiza grupos de apoyo en una oficina dentro de un supermercado, en donde las personas pueden hablar en espa\u00f1ol de sus preocupaciones sobre la salud mental y el suicidio.<\/i><b> (Foto: Andy Miller\/KFF Health News)<\/b><\/figcaption><\/figure>\n<p>Muchos viven en hogares m\u00e1s pobres con algunos o todos los miembros de la familia sin papeles. Las barreras culturales y de idioma pueden evitar que busquen atenci\u00f3n, en un sistema de salud mental cuyo acceso a los servicios ya de por s\u00ed es complejo.<\/p>\n<p>&nbsp;<\/p>\n<p>\u201cPoder hablar sobre cosas dolorosas en un idioma con el que te sientes c\u00f3modo es un tipo de sanaci\u00f3n muy espec\u00edfica\u201d, dijo Alejandra Vargas, coordinadora biling\u00fce del programa en espa\u00f1ol del Suicide Prevention Center de <u><a href=\"https:\/\/didihirsch.org\/\">Didi Hirsch Mental Health Services<\/a><\/u> en Los \u00c1ngeles. \u201cCuando atendemos llamadas en espa\u00f1ol, se puede sentir ese alivio al otro lado de la l\u00ednea\u201d, dijo. \u201cComo un: \u2018S\u00ed, me van a entender&#8217;\u201d.<\/p>\n<p>&nbsp;<\/p>\n<p>Los datos provisionales de los Centros para el Control y Prevenci\u00f3n de Enfermedades (CDC) para 2022 muestran un r\u00e9cord de casi 50,000 muertes por suicidio para todos los grupos raciales y \u00e9tnicos.<\/p>\n<p>&nbsp;<\/p>\n<p>Pero <u><a href=\"https:\/\/www.kff.org\/mental-health\/issue-brief\/a-look-at-the-latest-suicide-data-and-change-over-the-last-decade\/\">sombr\u00edas estad\u00edsticas de KFF<\/a><\/u> muestran que el aumento en la tasa de muertes por suicidio ha sido m\u00e1s pronunciado entre las comunidades de color: de 2011 a 2021, la tasa de suicidio entre los hispanos aument\u00f3 de 5.7 por cada 100,000 personas a 7.9 por cada 100,000, seg\u00fan los datos.<\/p>\n<p>&nbsp;<\/p>\n<p>Para ni\u00f1os hispanos de 12 a\u00f1os y menos, la tasa aument\u00f3 un 92.3% de 2010 a 2019, seg\u00fan un estudio <u><a href=\"https:\/\/pubmed.ncbi.nlm.nih.gov\/34997530\/\">publicado en el Journal of Community Health<\/a><\/u>.<\/p>\n<p>&nbsp;<\/p>\n<p>Es un problema que se repite de costa a costa, tanto en comunidades urbanas como rurales.<\/p>\n<p>&nbsp;<\/p>\n<p>El <u><a href=\"https:\/\/www.childrensinstitute.org\/\">Children\u2019s Institute<\/a><\/u>, una organizaci\u00f3n de servicios sociales con sede en Los \u00c1ngeles y con una clientela principalmente latina, ha informado de un aumento significativo en las visitas a las salas de emergencias y hospitalizaciones entre los j\u00f3venes debido a comportamientos arriesgados y pensamientos suicidas, dijo Diane Elias, vicepresidenta de salud conductual del instituto. Dijo que ni\u00f1os de tan solo 8 a\u00f1os han tenido que ser hospitalizados por intentar hacerse da\u00f1o.<\/p>\n<p>&nbsp;<\/p>\n<p>En Georgia, hogar de una creciente poblaci\u00f3n hispana, la tasa de suicidio aument\u00f3 un 55% de 2018 a 2022, seg\u00fan el Departamento de Salud P\u00fablica estatal. <u><a href=\"https:\/\/serfamilia.org\/es\/\">Ser Familia<\/a><\/u>, una organizaci\u00f3n de servicios sociales en el \u00e1rea metropolitana de Atlanta, dijo que ha visto n\u00fameros alarmantes de ni\u00f1os hispanos que dicen tener pensamientos suicidas.<\/p>\n<p>&nbsp;<\/p>\n<p>\u201cNuestros ni\u00f1os son int\u00e9rpretes, pagan facturas, van a citas m\u00e9dicas\u201d, lo que agrega estr\u00e9s y ansiedad adicionales, dijo Belisa Urbina, directora ejecutiva de Ser Familia.<\/p>\n<p>&nbsp;<\/p>\n<p>El suicidio rara vez tiene una causa \u00fanica; muchos factores pueden aumentar el riesgo. Pueden incluir un intento de suicidio previo, una ruptura o p\u00e9rdida, historial de depresi\u00f3n u otras afecciones mentales, problemas financieros o laborales, falta de acceso a la atenci\u00f3n m\u00e9dica y aislamiento social, dijo Robin Lee, quien lidera el \u00c1rea de Ciencias Aplicadas en la Divisi\u00f3n de Prevenci\u00f3n de Lesiones de los CDC.<\/p>\n<p>&nbsp;<\/p>\n<p>Expertos en salud mental dicen que hay muchas presiones sociales y econ\u00f3micas sobre los grupos minoritarios. Para los hispanos, tambi\u00e9n pueden cumplir un rol obst\u00e1culos culturales y sist\u00e9micos.<\/p>\n<p>&nbsp;<\/p>\n<p>Seg\u00fan el Latino Community Fund Georgia, el estr\u00e9s vinculado al estatus migratorio ha provocado un aumento en los problemas de salud mental. \u201cNo sentir que perteneces y no saber qu\u00e9 te depara el futuro\u201d puede crear sentimientos de incertidumbre y ansiedad, dijo Vargas, la trabajadora de salud mental en Los \u00c1ngeles.<\/p>\n<p>&nbsp;<\/p>\n<p>Un estudio con 547 adolescentes latinos de 11 a 16 a\u00f1os encontr\u00f3 que la detenci\u00f3n o deportaci\u00f3n de un familiar se asociaba con probabilidades significativamente m\u00e1s altas de pensamientos suicidas.<\/p>\n<p>&nbsp;<\/p>\n<p>\u201cEst\u00e1n llegando oleadas de inmigrantes que son menores, desplazados y a veces sin cuidadores inmediatos\u201d, dijo Elias. \u201cEsto puede poner una carga considerable sobre los ni\u00f1os. Son menores, y se espera que equilibren la autofinanciaci\u00f3n y el ganar dinero para apoyar a la familia o ayudarles a migrar a Estados Unidos\u201d.<\/p>\n<p>&nbsp;<\/p>\n<p>La falta de acceso a la atenci\u00f3n de salud mental es un problema para todos los segmentos de la sociedad, especialmente desde el inicio de la pandemia. Pero las minor\u00edas enfrentan obst\u00e1culos econ\u00f3micos y sociales adicionales, dijo <u><a href=\"https:\/\/www.psychiatry.org\/psychiatrists\/research\/research-colloquium-for-junior-psychiatrist-invest\/our-team\">Mar\u00eda Oquendo<\/a><\/u>, ex presidenta de la Asociaci\u00f3n Americana de Psiqui\u00e1trica e investigadora sobre el tema del suicidio.<\/p>\n<p>&nbsp;<\/p>\n<p>Nirmita Panchal, analista s\u00e9nior de pol\u00edticas de KFF, dijo que los ni\u00f1os de color \u201cpueden no tener ex\u00e1menes de salud mental culturalmente sensibles, y sus s\u00edntomas de salud mental pueden caracterizarse err\u00f3neamente como comportamientos disfuncionales\u201d.<\/p>\n<p>&nbsp;<\/p>\n<p>El idioma tambi\u00e9n sigue siendo una barrera significativa.<\/p>\n<p>&nbsp;<\/p>\n<p>\u201cEn Georgia, tenemos una tremenda necesidad de proveedores de salud mental biling\u00fces\u201d, dijo Pierluigi Mancini, presidente y CEO del <u><a href=\"https:\/\/multiculturaldevelopment.com\/\">Multicultural Development Institute<\/a><\/u>, una organizaci\u00f3n de consultor\u00eda con sede en Georgia.<\/p>\n<p>&nbsp;<\/p>\n<p>Gruner, quien estableci\u00f3 el grupo de apoyo latino en Dalton, dijo que solo conoce a tres proveedores biling\u00fces en esa \u00e1rea. La ciudad est\u00e1 en el condado de Whitfield, donde m\u00e1s de un tercio de los 100,000 residentes son hispanos.<\/p>\n<p>&nbsp;<\/p>\n<p>Y el prejuicio puede agregar otro obst\u00e1culo.<\/p>\n<p>&nbsp;<\/p>\n<p>Un <u><a href=\"https:\/\/www.rand.org\/pubs\/external_publications\/EP70229.html\">estudio reciente de Rand Corp.<\/a><\/u>, que utiliz\u00f3 un proceso de \u201cconsumidor secreto\u201d, encontr\u00f3 evidencia de discriminaci\u00f3n potencial durante el proceso para programar una cita de salud mental en California. Cerca de 1 de cada 5 llamadas en espa\u00f1ol termin\u00f3 con el programador colgando el tel\u00e9fono o informando al cliente que no hab\u00eda nadie disponible que hablara espa\u00f1ol para ayudarlo.<\/p>\n<p>&nbsp;<\/p>\n<p>La enfermedad mental tambi\u00e9n puede ser considerada culturalmente un tab\u00fa entre muchas personas negras e hispanas. (Los hispanos pueden ser de cualquier raza o combinaci\u00f3n de razas).<\/p>\n<p>&nbsp;<\/p>\n<p>\u201cExiste una creencia de que los hombres no deber\u00edan buscar ayuda, deber\u00edan resolver sus problemas ellos mismos\u201d, dijo Francisco, de 55 a\u00f1os, quien participa del grupo de apoyo de Dalton e intent\u00f3 suicidarse cuando era adolescente.<\/p>\n<p>&nbsp;<\/p>\n<p>KFF Health News asisti\u00f3 a la sesi\u00f3n donde \u00e9l y otros hablaron, usando solo sus nombres de pila por razones de privacidad.<\/p>\n<p>&nbsp;<\/p>\n<p>Para abordar la crisis de salud mental, el gobierno federal, en conjunto con los estados, introdujo, en 2022, la <u><a href=\"https:\/\/988lifeline.org\/es\/servicios-en-espanol\/\">L\u00ednea de Prevenci\u00f3n del Suicidio y Crisis<\/a><\/u> 988, para que las personas se conecten con un consejero de crisis y otros recursos.<\/p>\n<p>&nbsp;<\/p>\n<p>En julio, agreg\u00f3 <u><a href=\"https:\/\/www.hhs.gov\/about\/news\/2023\/07\/13\/988-suicide-crisis-lifeline-adds-spanish-text-chat-service-ahead-one-year-anniversary.html\">un servicio de texto y chat en espa\u00f1ol<\/a><\/u> para el 988, pero un vocero de la Administraci\u00f3n de Servicios de Abuso de Sustancias y Salud Mental reconoci\u00f3 que se necesita hacer m\u00e1s cosas para conectar con las comunidades en riesgo.<\/p>\n<p>&nbsp;<\/p>\n<p>En todo el pa\u00eds, profesionales de salud mental, investigadores y l\u00edderes hispanos se\u00f1alan varias formas para reducir el suicidio.<\/p>\n<p>&nbsp;<\/p>\n<p>Es crucial que se destinen m\u00e1s fondos para la salud mental en general, incluidos programas de prevenci\u00f3n que aborden las necesidades culturales, legales e idiom\u00e1ticas, dijo Jagdish Khubchandani, profesor e investigador de la Universidad Estatal de Nuevo M\u00e9xico.<\/p>\n<p>&nbsp;<\/p>\n<p>Por ahora, algunos l\u00edderes locales est\u00e1n llenando los vac\u00edos haciendo trabajo comunitario, por ejemplo, organizando grupos de apoyo para la poblaci\u00f3n hispana.<\/p>\n<p>&nbsp;<\/p>\n<p>Miguel Serricchio, de Santa Clarita, California, facilita grupos de apoyo biling\u00fces para personas cuyas vidas han sido sacudidas por el suicidio. Su hijo, Alex, quien estaba enfrent\u00e1ndose a la ansiedad, se quit\u00f3 la vida en 2016 despu\u00e9s de romper con su novia.<\/p>\n<p>&nbsp;<\/p>\n<p>\u201cQuer\u00eda correr la voz\u201d, dijo Serricchio.<\/p>\n<p>&nbsp;<\/p>\n<p>Gruner, de 64 a\u00f1os, quien naci\u00f3 en Ciudad de M\u00e9xico, escucha a personas en su grupo de apoyo semanal que han pensado en el suicidio, lo han intentado o se preocupan por que sus hijos hagan lo mismo.<\/p>\n<p>&nbsp;<\/p>\n<p>Durante la reuni\u00f3n a la que asisti\u00f3 KFF Health News, una mujer llamada Angela dijo que sus tres hijas ten\u00edan ansiedad y depresi\u00f3n. \u201cUna de ellas me dijo que sufre porque somos inmigrantes\u201d, dijo. Otra asistente, Katherine, de 16 a\u00f1os, remarc\u00f3, entre otros factores, las condiciones de vida inestables. Por un tiempo, dijo, \u201cluch\u00e1bamos por encontrar un hogar. Compart\u00edamos cuartos con otras familias\u201d, cont\u00f3. Su amigo Alejandro, tambi\u00e9n de 16 a\u00f1os, dijo que ha luchado contra pensamientos suicidas despu\u00e9s de la muerte de su abuela y de escuchar discusiones entre sus padres.<\/p>\n<p>&nbsp;<\/p>\n<p>Vargas dijo que los j\u00f3venes buscan honestidad y que no los juzguen. No quieren que los adultos descarten sus problemas, dici\u00e9ndoles simplemente que \u201clo superar\u00e1n\u201d.<\/p>\n<p>&nbsp;<\/p>\n<p>\u201cAunque el tema del suicidio puede ser realmente aterrador o inquietante, cuando alguien se acerca y te dice que est\u00e1 pensando en el suicidio, puede ser un momento realmente maravilloso, de hermosa esperanza\u201d, dijo Vargas. \u201cEsa apertura es una oportunidad para conectarse y apoyarse mutuamente\u201d.<\/p>\n<p>&nbsp;<\/p>\n<p><em>Si t\u00fa mismo o alguien que conoces est\u00e1 sufriendo una crisis de salud mental, contacta a la <u><a href=\"https:\/\/988lifeline.org\/es\/servicios-en-espanol\/\">L\u00ednea de Prevenci\u00f3n del Suicidio y Crisis<\/a><\/u> del 988, llamando o texteando \u201c988\u201d.<\/em><\/p>\n<p>&nbsp;<\/p>\n<p>&nbsp;<\/p>\n<p>Andy Miller, editor senior de Georgia Health News. Molly Castle Work, Corresponsal, KFF Health News.<\/p>\n<p>&nbsp;<\/p>\n<p>&nbsp;<\/p>\n","protected":false},"excerpt":{"rendered":"<p>&nbsp; Por Andy Miller y Molly Castle Work Posted: 25 de enero 2024 &nbsp; Un grupo, desde adolescentes hasta adultos mayores, se reuni\u00f3 en una oficina dentro de un supermercado,&#8230;<\/p>\n","protected":false},"author":403,"featured_media":23377,"comment_status":"open","ping_status":"open","sticky":false,"template":"","format":"standard","meta":{"give_campaign_id":0,"_jetpack_memberships_contains_paid_content":false,"footnotes":""},"categories":[78],"tags":[],"class_list":["post-23380","post","type-post","status-publish","format-standard","has-post-thumbnail","hentry","category-salud"],"jetpack_featured_media_url":"https:\/\/i0.wp.com\/www.elsemanarioonline.com\/wp-content\/uploads\/2024\/01\/1-Health-News-E-Latinos-Mental-Health-1pic-by-KFF-News.jpg?fit=720%2C480&ssl=1","jetpack-related-posts":[],"jetpack_sharing_enabled":true,"_links":{"self":[{"href":"https:\/\/www.elsemanarioonline.com\/es\/wp-json\/wp\/v2\/posts\/23380","targetHints":{"allow":["GET"]}}],"collection":[{"href":"https:\/\/www.elsemanarioonline.com\/es\/wp-json\/wp\/v2\/posts"}],"about":[{"href":"https:\/\/www.elsemanarioonline.com\/es\/wp-json\/wp\/v2\/types\/post"}],"author":[{"embeddable":true,"href":"https:\/\/www.elsemanarioonline.com\/es\/wp-json\/wp\/v2\/users\/403"}],"replies":[{"embeddable":true,"href":"https:\/\/www.elsemanarioonline.com\/es\/wp-json\/wp\/v2\/comments?post=23380"}],"version-history":[{"count":0,"href":"https:\/\/www.elsemanarioonline.com\/es\/wp-json\/wp\/v2\/posts\/23380\/revisions"}],"wp:featuredmedia":[{"embeddable":true,"href":"https:\/\/www.elsemanarioonline.com\/es\/wp-json\/wp\/v2\/media\/23377"}],"wp:attachment":[{"href":"https:\/\/www.elsemanarioonline.com\/es\/wp-json\/wp\/v2\/media?parent=23380"}],"wp:term":[{"taxonomy":"category","embeddable":true,"href":"https:\/\/www.elsemanarioonline.com\/es\/wp-json\/wp\/v2\/categories?post=23380"},{"taxonomy":"post_tag","embeddable":true,"href":"https:\/\/www.elsemanarioonline.com\/es\/wp-json\/wp\/v2\/tags?post=23380"}],"curies":[{"name":"wp","href":"https:\/\/api.w.org\/{rel}","templated":true}]}}