{"id":23372,"date":"2024-01-25T16:17:08","date_gmt":"2024-01-25T16:17:08","guid":{"rendered":"https:\/\/www.elsemanarioonline.com\/?p=23372"},"modified":"2024-01-25T16:17:08","modified_gmt":"2024-01-25T16:17:08","slug":"nos-vemos-pronto-ofrece-una-vision-inedita-de-la-lucha-de-los-inmigrantes","status":"publish","type":"post","link":"https:\/\/www.elsemanarioonline.com\/es\/nos-vemos-pronto-ofrece-una-vision-inedita-de-la-lucha-de-los-inmigrantes\/","title":{"rendered":"Nos Vemos Pronto Ofrece Una Visi\u00f3n In\u00e9dita de la Lucha de los Inmigrantes"},"content":{"rendered":"<p><!-- VideographyWP Plugin Message: Automatic video embedding prevented by plugin options. --><br \/>\n&nbsp;<\/p>\n<p><strong>Por Toni C. Fr\u00e9squez<\/strong><\/p>\n<p><em>Posted: 25 de enero 2024<\/em><\/p>\n<p>&nbsp;<\/p>\n<p>&nbsp;<\/p>\n<p>Ciudades de todo el pa\u00eds est\u00e1n experimentando la llegada de personas de otros pa\u00edses que buscan refugio de las terribles condiciones de su patria.<\/p>\n<p>&nbsp;<\/p>\n<p>El galardonado cineasta <u><a href=\"https:\/\/www.andrewkirschenbaum.com\/about\">Andrew Kirschenbaum<\/a><\/u> y fundador de <u><a href=\"https:\/\/www.instagram.com\/thebleumind\/\">The Bleu Mind<\/a><\/u>, captur\u00f3 una historia \u00edntima sobre la dif\u00edcil situaci\u00f3n de los venezolanos que han abandonado su hogar, s\u00f3lo para sobrevivir en <u><a href=\"https:\/\/www.andrewkirschenbaum.com\/nos-vemos-pronto\">Nos Vemos Pronto<\/a><\/u><u>.<\/u><\/p>\n<figure id=\"attachment_23365\" aria-describedby=\"caption-attachment-23365\" style=\"width: 720px\" class=\"wp-caption aligncenter\"><img data-recalc-dims=\"1\" fetchpriority=\"high\" decoding=\"async\" class=\"wp-image-23365 size-full\" src=\"https:\/\/i0.wp.com\/www.elsemanarioonline.com\/wp-content\/uploads\/2024\/01\/CO-1-State-S-Colo-Film-Nos-Vemos-Pronto-2pic-by-TCF-El-Semanario-Andrew-Kirschenbaum.jpg?resize=640%2C385&#038;ssl=1\" alt=\"\" width=\"640\" height=\"385\" srcset=\"https:\/\/i0.wp.com\/www.elsemanarioonline.com\/wp-content\/uploads\/2024\/01\/CO-1-State-S-Colo-Film-Nos-Vemos-Pronto-2pic-by-TCF-El-Semanario-Andrew-Kirschenbaum.jpg?w=720&amp;ssl=1 720w, https:\/\/i0.wp.com\/www.elsemanarioonline.com\/wp-content\/uploads\/2024\/01\/CO-1-State-S-Colo-Film-Nos-Vemos-Pronto-2pic-by-TCF-El-Semanario-Andrew-Kirschenbaum.jpg?resize=300%2C180&amp;ssl=1 300w, https:\/\/i0.wp.com\/www.elsemanarioonline.com\/wp-content\/uploads\/2024\/01\/CO-1-State-S-Colo-Film-Nos-Vemos-Pronto-2pic-by-TCF-El-Semanario-Andrew-Kirschenbaum.jpg?resize=150%2C90&amp;ssl=1 150w, https:\/\/i0.wp.com\/www.elsemanarioonline.com\/wp-content\/uploads\/2024\/01\/CO-1-State-S-Colo-Film-Nos-Vemos-Pronto-2pic-by-TCF-El-Semanario-Andrew-Kirschenbaum.jpg?resize=600%2C361&amp;ssl=1 600w\" sizes=\"(max-width: 640px) 100vw, 640px\" \/><figcaption id=\"caption-attachment-23365\" class=\"wp-caption-text\"><i>El galardonado cineasta Andrew Kirschenbaum habla de su pel\u00edcula \u00abNos Vemos Pronto\u00bb en el estreno en Colorado en el Sie Film Center el 17 de enero de 2024. <\/i><b>(Foto: TCF\/El Semanario)<\/b><\/figcaption><\/figure>\n<p>La <u><a href=\"https:\/\/lwvcolorado.org\/\">Liga de Mujeres Votantes de Colorado<\/a><\/u>, junto con <em>The Weekly Issue\/El Semanario<\/em>, organiz\u00f3 el estreno en Colorado de Nos Vemos Pronto el 17 de enero en el Sie Film Center, seguido de una sesi\u00f3n de preguntas y respuestas y una mesa redonda con el galardonado cineasta Andrew Kirschenbaum y el Dr. Luis Torres, Vicerrector de Asuntos Acad\u00e9micos y Estudiantiles de la Metropolitan State University y profesor de Estudios Chicanos (jubilado). El Dr. Torres, <u><a href=\"https:\/\/www.elsemanarioonline.com\/colorado-association-for-bilingual-education-honors-noted-scholars\/\">c\u00e9lebre acad\u00e9mico, <\/a><\/u>ofreci\u00f3 una visi\u00f3n hist\u00f3rica sobre el auge econ\u00f3mico y la ca\u00edda de Venezuela, y c\u00f3mo esto ha afectado a la democracia en el pa\u00eds sudamericano. Vea la pel\u00edcula y el debate <u><a href=\"https:\/\/www.youtube.com\/watch?v=OHS9NjJzYXo\">aqu\u00ed, en la enlace livestream de El Semanario.<\/a><\/u><\/p>\n<p>&nbsp;<\/p>\n<p>La pel\u00edcula, de 25 minutos de duraci\u00f3n, comienza con Johanna, una poetisa venezolana residente en Colombia, que narra en su prosa las dificultades y la resistencia del esp\u00edritu humano.<\/p>\n<p>&nbsp;<\/p>\n<p>Kirschenbaum explic\u00f3 la intenci\u00f3n de Nos Vemos Pronto, y lo que espera que sea aprovechado por sus espectadores.<\/p>\n<figure id=\"attachment_23367\" aria-describedby=\"caption-attachment-23367\" style=\"width: 720px\" class=\"wp-caption aligncenter\"><img data-recalc-dims=\"1\" decoding=\"async\" class=\"wp-image-23367 size-full\" src=\"https:\/\/i0.wp.com\/www.elsemanarioonline.com\/wp-content\/uploads\/2024\/01\/CO-1-State-S-Colo-Film-Nos-Vemos-Pronto-3pic-by-Andrew-Kirschenbaum-screenshot-Venezuelans-in-Colombia.jpg?resize=640%2C360&#038;ssl=1\" alt=\"\" width=\"640\" height=\"360\" srcset=\"https:\/\/i0.wp.com\/www.elsemanarioonline.com\/wp-content\/uploads\/2024\/01\/CO-1-State-S-Colo-Film-Nos-Vemos-Pronto-3pic-by-Andrew-Kirschenbaum-screenshot-Venezuelans-in-Colombia.jpg?w=720&amp;ssl=1 720w, https:\/\/i0.wp.com\/www.elsemanarioonline.com\/wp-content\/uploads\/2024\/01\/CO-1-State-S-Colo-Film-Nos-Vemos-Pronto-3pic-by-Andrew-Kirschenbaum-screenshot-Venezuelans-in-Colombia.jpg?resize=300%2C169&amp;ssl=1 300w, https:\/\/i0.wp.com\/www.elsemanarioonline.com\/wp-content\/uploads\/2024\/01\/CO-1-State-S-Colo-Film-Nos-Vemos-Pronto-3pic-by-Andrew-Kirschenbaum-screenshot-Venezuelans-in-Colombia.jpg?resize=150%2C84&amp;ssl=1 150w, https:\/\/i0.wp.com\/www.elsemanarioonline.com\/wp-content\/uploads\/2024\/01\/CO-1-State-S-Colo-Film-Nos-Vemos-Pronto-3pic-by-Andrew-Kirschenbaum-screenshot-Venezuelans-in-Colombia.jpg?resize=600%2C338&amp;ssl=1 600w\" sizes=\"(max-width: 640px) 100vw, 640px\" \/><figcaption id=\"caption-attachment-23367\" class=\"wp-caption-text\"><i>Venezolanos que viajaban por Colombia comparten sus historias sobre por qu\u00e9 tuvieron que abandonar su pa\u00eds.<\/i><b> (Foto: Andrew Kirschenbaum\/Nos Vemos Pronto)<\/b><\/figcaption><\/figure>\n<p>\u00abDesde el principio quise que fuera de ellos [los venezolanos]\u00bb, dijo Kirschenbaum. \u00abTodo lo que pudiera ser de ellos, eso es lo que quer\u00eda. Y honrar esas voces y esas historias: muchos de ellos ve\u00edan la c\u00e1mara como un portal hacia un mundo en el que la pantalla mira a un grupo como todos ustedes\u00bb, dijo refiri\u00e9ndose al p\u00fablico. \u00abY puede transmitir ese mensaje y que ustedes entiendan lo que est\u00e1 pasando. Mucha gente me ve\u00eda a m\u00ed y a la c\u00e1mara como una especie de faro de esperanza. Como &#8216;mi historia queda plasmada en esta c\u00e1mara, en esta pel\u00edcula, la gente sabr\u00e1 de m\u00ed, sabr\u00e1n de mis hermanos y hermanas, y sabr\u00e1n de las cosas por las que pasamos. Y quiz\u00e1 no me ocurra a m\u00ed, pero alguien m\u00e1s adelante promulgar\u00e1 alg\u00fan cambio para mi pueblo&#8217;.<\/p>\n<p>&nbsp;<\/p>\n<p>\u00abAs\u00ed que para m\u00ed, honrar ese portal en mi cabeza -as\u00ed es como yo lo veo, es un portal-, esta transmisi\u00f3n de la historia de un lugar exactamente igual a este con gente que puede hacer un cambio en su propia comunidad, viendo una pel\u00edcula como esta y diciendo que tenemos gente como esta en nuestra comunidad a la que podemos ayudar. As\u00ed que, para honrar esta pel\u00edcula y seguir adelante, hay que llevarla contigo y estar equipado para comprender y saber qui\u00e9n te rodea, qui\u00e9nes son tus vecinos. Eso es lo que espero de esta pel\u00edcula, que les honre\u00bb.<\/p>\n<figure id=\"attachment_23369\" aria-describedby=\"caption-attachment-23369\" style=\"width: 720px\" class=\"wp-caption aligncenter\"><img data-recalc-dims=\"1\" decoding=\"async\" class=\"wp-image-23369 size-full\" src=\"https:\/\/i0.wp.com\/www.elsemanarioonline.com\/wp-content\/uploads\/2024\/01\/CO-1-State-S-Colo-Film-Nos-Vemos-Pronto-4pic-by-Karen-Gutierrez-El-Semanario-IMG_4545-copy.jpg?resize=640%2C427&#038;ssl=1\" alt=\"\" width=\"640\" height=\"427\" srcset=\"https:\/\/i0.wp.com\/www.elsemanarioonline.com\/wp-content\/uploads\/2024\/01\/CO-1-State-S-Colo-Film-Nos-Vemos-Pronto-4pic-by-Karen-Gutierrez-El-Semanario-IMG_4545-copy.jpg?w=720&amp;ssl=1 720w, https:\/\/i0.wp.com\/www.elsemanarioonline.com\/wp-content\/uploads\/2024\/01\/CO-1-State-S-Colo-Film-Nos-Vemos-Pronto-4pic-by-Karen-Gutierrez-El-Semanario-IMG_4545-copy.jpg?resize=300%2C200&amp;ssl=1 300w, https:\/\/i0.wp.com\/www.elsemanarioonline.com\/wp-content\/uploads\/2024\/01\/CO-1-State-S-Colo-Film-Nos-Vemos-Pronto-4pic-by-Karen-Gutierrez-El-Semanario-IMG_4545-copy.jpg?resize=150%2C100&amp;ssl=1 150w, https:\/\/i0.wp.com\/www.elsemanarioonline.com\/wp-content\/uploads\/2024\/01\/CO-1-State-S-Colo-Film-Nos-Vemos-Pronto-4pic-by-Karen-Gutierrez-El-Semanario-IMG_4545-copy.jpg?resize=600%2C400&amp;ssl=1 600w\" sizes=\"(max-width: 640px) 100vw, 640px\" \/><figcaption id=\"caption-attachment-23369\" class=\"wp-caption-text\"><i>Dr. Luis Torres, Cineasta Andrew Kirschenbaum; Beth Hendricks, Directora Ejecutiva, Liga de Mujeres Votantes de Colorado; Katina Frierson, Directora de Desarrollo\/Comunicaciones, Liga de Mujeres Votantes de Colorado; y Chris Fr\u00e9squez, Editor, The Weekly Issue\/El Semanario en el estreno en Colorado de \u00abNos Vemos Pronto\u00bb en el Sie Film Center.<\/i><b> (Foto: Karen Guti\u00e9rrez for El Semanario)<\/b><\/figcaption><\/figure>\n<p>El Dr. Torres elogi\u00f3 la pel\u00edcula y se\u00f1al\u00f3 que sin duda se utilizar\u00e1 en las aulas como forma de ense\u00f1anza.<\/p>\n<p>&nbsp;<\/p>\n<p>\u00abNos Vemos Pronto es un t\u00e9rmino que se utiliza cuando uno se est\u00e1 separando de un ser querido. Pero \u00e9ste es un asunto completamente distinto\u00bb, explic\u00f3 el Dr. Torres.<\/p>\n<p>&nbsp;<\/p>\n<p>\u00abEl Poeta empieza diciendo que la gente busca &#8216;vidas dignas&#8217;; eso es bastante profundo, creo\u00bb, dijo el Dr. Torres. \u00abLa pel\u00edcula es realmente fabulosa y creo que es un trabajo significativo\u00bb.<\/p>\n<p>&nbsp;<\/p>\n<p>\u00ab\u00bfPor qu\u00e9 ha ocurrido esto?\u00bb, pregunt\u00f3 el Dr. Torres. \u00abUno de los entrevistados en la pel\u00edcula dijo que echaba de menos a su familia, su casa, su pueblo, sus costumbres, pero sobre todo la libertad; la libertad que ten\u00edan hasta que, como \u00e9l dice, lleg\u00f3 el &#8216;socialismo'\u00bb.<\/p>\n<figure id=\"attachment_23371\" aria-describedby=\"caption-attachment-23371\" style=\"width: 720px\" class=\"wp-caption aligncenter\"><img data-recalc-dims=\"1\" loading=\"lazy\" decoding=\"async\" class=\"wp-image-23371 size-full\" src=\"https:\/\/i0.wp.com\/www.elsemanarioonline.com\/wp-content\/uploads\/2024\/01\/CO-1-State-S-Colo-Film-Nos-Vemos-Pronto-5pic-by-Andrew-Kirschenbaum-screenshot-Hermanos.jpg?resize=640%2C356&#038;ssl=1\" alt=\"\" width=\"640\" height=\"356\" srcset=\"https:\/\/i0.wp.com\/www.elsemanarioonline.com\/wp-content\/uploads\/2024\/01\/CO-1-State-S-Colo-Film-Nos-Vemos-Pronto-5pic-by-Andrew-Kirschenbaum-screenshot-Hermanos.jpg?w=720&amp;ssl=1 720w, https:\/\/i0.wp.com\/www.elsemanarioonline.com\/wp-content\/uploads\/2024\/01\/CO-1-State-S-Colo-Film-Nos-Vemos-Pronto-5pic-by-Andrew-Kirschenbaum-screenshot-Hermanos.jpg?resize=300%2C167&amp;ssl=1 300w, https:\/\/i0.wp.com\/www.elsemanarioonline.com\/wp-content\/uploads\/2024\/01\/CO-1-State-S-Colo-Film-Nos-Vemos-Pronto-5pic-by-Andrew-Kirschenbaum-screenshot-Hermanos.jpg?resize=150%2C83&amp;ssl=1 150w, https:\/\/i0.wp.com\/www.elsemanarioonline.com\/wp-content\/uploads\/2024\/01\/CO-1-State-S-Colo-Film-Nos-Vemos-Pronto-5pic-by-Andrew-Kirschenbaum-screenshot-Hermanos.jpg?resize=600%2C333&amp;ssl=1 600w\" sizes=\"(max-width: 640px) 100vw, 640px\" \/><figcaption id=\"caption-attachment-23371\" class=\"wp-caption-text\"><i>A lo largo de los caminos de los emigrantes en los pa\u00edses vecinos, hay gente que se queda para ayudar a los viajeros en su viaje. <\/i><b> (Foto: Andrew Kirschenbaum\/Nos Vemos Pronto)<\/b><\/figcaption><\/figure>\n<p>El Dr. Torres se centr\u00f3 en un venezolano destacado en la pel\u00edcula,<\/p>\n<p>&nbsp;<\/p>\n<p>Hay una imagen -en cuanto a por qu\u00e9 ocurri\u00f3 el colapso- de un hombre que estaba en Colombia, se fue de Venezuela y se llev\u00f3 dinero venezolano con \u00e9l; est\u00e1 haciendo, por ejemplo, billeteras, monederos y otros art\u00edculos con el dinero porque, debido a la inflaci\u00f3n, perdi\u00f3 tanto valor que pod\u00eda hacerlo con un billete de cincuenta d\u00f3lares\u00bb.<\/p>\n<p>&nbsp;<\/p>\n<p>\u00ab\u00bfC\u00f3mo se ha producido este desastre en Venezuela? Pasar de uno de los pa\u00edses m\u00e1s ricos de Sudam\u00e9rica a uno de los m\u00e1s pobres, con la peor emigraci\u00f3n de la historia del hemisferio occidental, m\u00e1s de siete millones han abandonado Venezuela en los \u00faltimos seis u ocho a\u00f1os, de un pa\u00eds con s\u00f3lo 30.000 millones.<\/p>\n<p>&nbsp;<\/p>\n<p>\u00abAs\u00ed que realmente es una cuesti\u00f3n, y para m\u00ed el trabajo que he hecho para esta presentaci\u00f3n, es realmente una p\u00e9rdida de democracia. Y una p\u00e9rdida del impacto de la gente cuando vota; vota una cosa y ocurre algo completamente distinto. As\u00ed, la corrupci\u00f3n y la p\u00e9rdida de democracia realmente se extendieron por todo el pa\u00eds\u00bb, dijo el Dr. Torres.<\/p>\n<p>&nbsp;<\/p>\n<p>\u00abEn t\u00e9rminos de n\u00fameros -en 2017, hab\u00eda 30,500,00 personas en Venezuela- en tan solo unos pocos a\u00f1os, alrededor de 7,2 millones de personas se fueron debido a lo que estaba sucediendo\u00bb.<\/p>\n<p>&nbsp;<\/p>\n<p>El Dr. Torres discuti\u00f3 las causas fundamentales de la dif\u00edcil situaci\u00f3n de Venezuela.<\/p>\n<p>&nbsp;<\/p>\n<p>\u00abCuando se piensa en Venezuela, en sus reservas de petr\u00f3leo, hay que considerar todos los pa\u00edses del mundo que tienen reservas de petr\u00f3leo, y la mayor\u00eda de los pa\u00edses las tienen. Estados Unidos es el n\u00famero 6 u 8 dependiendo de las estad\u00edsticas que uno mire en t\u00e9rminos de reservas de petr\u00f3leo.<\/p>\n<p>&nbsp;<\/p>\n<p>\u00abLos tres primeros del mundo [en cuanto a reservas de petr\u00f3leo]: Canad\u00e1 con 168.000 millones de barriles, Arabia Saud\u00ed en segundo lugar con 297.000 millones y Venezuela con 303.000 millones. Estados Unidos tiene algo m\u00e1s de 50.000 millones de barriles. Por lo tanto, Venezuela tiene la m\u00e1s alta de todo el mundo.<\/p>\n<p>&nbsp;<\/p>\n<p>\u00abSi comparamos nuestra poblaci\u00f3n con la suya -las reservas-, deber\u00edan tener un gran futuro por delante\u00bb, declar\u00f3 el acad\u00e9mico.<\/p>\n<p>&nbsp;<\/p>\n<p>El Dr. Torres se explay\u00f3 sobre la estructura pol\u00edtica m\u00e1s reciente de Venezuela en el lapso de las \u00faltimas dos d\u00e9cadas, con la elecci\u00f3n del presidente venezolano Hugo Ch\u00e1vez en 1998, postul\u00e1ndose como socialista.<\/p>\n<p>&nbsp;<\/p>\n<p>\u00abHugo Ch\u00e1vez se autodenomin\u00f3 marxista despu\u00e9s de las elecciones, no antes. Por ejemplo, supervis\u00f3 la redacci\u00f3n de una nueva constituci\u00f3n, poco despu\u00e9s de ser elegido, y esa constituci\u00f3n le dio un control sin precedentes sobre los tres poderes del Estado.<\/p>\n<p>&nbsp;<\/p>\n<p>\u00abFue esencialmente -bueno, intento no decir dictador todav\u00eda- pero usemos ese t\u00e9rmino. Caus\u00f3 mucha agitaci\u00f3n en Venezuela: hubo huelgas, por ejemplo, en el partido de la oposici\u00f3n -un grupo de la oposici\u00f3n al menos- que se desarroll\u00f3 muy r\u00e1pidamente.<\/p>\n<p>&nbsp;<\/p>\n<p>\u00abEn diciembre de 2006, fue elegido de nuevo presidente por tercera vez y por un n\u00famero bastante grande y eso le asegur\u00f3 otros seis a\u00f1os\u00bb.<\/p>\n<p>&nbsp;<\/p>\n<p>Ch\u00e1vez hab\u00eda cambiado las directrices para permitir mandatos ilimitados. Ch\u00e1vez muri\u00f3 en 2013 de c\u00e1ncer tras acudir a Cuba para recibir atenci\u00f3n m\u00e9dica.<\/p>\n<p>&nbsp;<\/p>\n<p>Nicol\u00e1s Maduro asumi\u00f3 entonces la presidencia y continu\u00f3 el creciente autoritarismo.<\/p>\n<p>&nbsp;<\/p>\n<p>\u00abComo resultado ha habido una ca\u00edda muy dram\u00e1tica de las exportaciones de petr\u00f3leo, el fracaso del gobierno en invertir inadecuadamente en el sector industrial y cualquier otro sector que no sea el petr\u00f3leo, y la inflaci\u00f3n realmente comenz\u00f3 a dispararse &#8211; estamos preocupados por la inflaci\u00f3n del cuatro, cinco, seis por ciento al a\u00f1o &#8211; pero en Venezuela la inflaci\u00f3n pronto se dispar\u00f3 a m\u00e1s del 800 % &#8211; pero eso no fue todo &#8211; en 2018, se dispar\u00f3 de nuevo a 2.400 %, debido a la corrupci\u00f3n y la mala gesti\u00f3n y as\u00ed sucesivamente, y no estaba hecho del todo. El Fondo Monetario Internacional predijo que a finales de a\u00f1o la inflaci\u00f3n alcanzar\u00eda el 13.000 %. As\u00ed que, en ese momento, al menos 5.000 personas al d\u00eda abandonaban Venezuela\u00bb, dijo el Dr. Torres.<\/p>\n<p>&nbsp;<\/p>\n<p>Para 2023, la cifra se convert\u00eda en 7,7 millones de venezolanos que hab\u00edan abandonado su pa\u00eds, seg\u00fan el Dr. Torres.<\/p>\n<p>&nbsp;<\/p>\n<p>\u00abLos venezolanos est\u00e1n en crisis, los inmigrantes est\u00e1n en crisis, los inmigrantes venezolanos que est\u00e1n justo en la puerta de aqu\u00ed -literalmente- est\u00e1n, y en todo Denver est\u00e1n en crisis\u00bb, enfatiz\u00f3 la Dra. Torres.<\/p>\n<p>&nbsp;<\/p>\n<p>Vea <u><a href=\"https:\/\/www.youtube.com\/@theweeklyissueelsemanario\/videos\">aqu\u00ed <\/a><\/u>las entrevistas producidas por Karen Guti\u00e9rrez, Periodista Visual, <em>The Weekly Issue\/El Semanario<\/em>, mientras entrevista a las nuevas familias que llegan a EE.UU. Las traducciones de los videos fueron producidas por Juan Carlos Uribe, Editor en Espa\u00f1ol, <em>The Weekly Issue\/El Semanario<\/em>.<\/p>\n<p>&nbsp;<\/p>\n<p>Toni C. Fr\u00e9squez es La Editora de The Weekly Issue\/El Semanario. Traducido por Juan Carlos Uribe, The Weekly Issue\/El Semanario.<\/p>\n<p>&nbsp;<\/p>\n<p>&nbsp;<\/p>\n<p>&nbsp;<\/p>\n","protected":false},"excerpt":{"rendered":"<p>&nbsp; Por Toni C. Fr\u00e9squez Posted: 25 de enero 2024 &nbsp; &nbsp; Ciudades de todo el pa\u00eds est\u00e1n experimentando la llegada de personas de otros pa\u00edses que buscan refugio de&#8230;<\/p>\n","protected":false},"author":403,"featured_media":23363,"comment_status":"open","ping_status":"open","sticky":false,"template":"","format":"standard","meta":{"give_campaign_id":0,"_jetpack_memberships_contains_paid_content":false,"footnotes":""},"categories":[71],"tags":[],"class_list":["post-23372","post","type-post","status-publish","format-standard","has-post-thumbnail","hentry","category-estado"],"jetpack_featured_media_url":"https:\/\/i0.wp.com\/www.elsemanarioonline.com\/wp-content\/uploads\/2024\/01\/CO-1-State-S-Colo-Film-Nos-Vemos-Pronto-1pic-by-Andrew-Kirschenbaum-screenshot-Johanna-poet.jpg?fit=720%2C408&ssl=1","jetpack-related-posts":[],"jetpack_sharing_enabled":true,"_links":{"self":[{"href":"https:\/\/www.elsemanarioonline.com\/es\/wp-json\/wp\/v2\/posts\/23372","targetHints":{"allow":["GET"]}}],"collection":[{"href":"https:\/\/www.elsemanarioonline.com\/es\/wp-json\/wp\/v2\/posts"}],"about":[{"href":"https:\/\/www.elsemanarioonline.com\/es\/wp-json\/wp\/v2\/types\/post"}],"author":[{"embeddable":true,"href":"https:\/\/www.elsemanarioonline.com\/es\/wp-json\/wp\/v2\/users\/403"}],"replies":[{"embeddable":true,"href":"https:\/\/www.elsemanarioonline.com\/es\/wp-json\/wp\/v2\/comments?post=23372"}],"version-history":[{"count":0,"href":"https:\/\/www.elsemanarioonline.com\/es\/wp-json\/wp\/v2\/posts\/23372\/revisions"}],"wp:featuredmedia":[{"embeddable":true,"href":"https:\/\/www.elsemanarioonline.com\/es\/wp-json\/wp\/v2\/media\/23363"}],"wp:attachment":[{"href":"https:\/\/www.elsemanarioonline.com\/es\/wp-json\/wp\/v2\/media?parent=23372"}],"wp:term":[{"taxonomy":"category","embeddable":true,"href":"https:\/\/www.elsemanarioonline.com\/es\/wp-json\/wp\/v2\/categories?post=23372"},{"taxonomy":"post_tag","embeddable":true,"href":"https:\/\/www.elsemanarioonline.com\/es\/wp-json\/wp\/v2\/tags?post=23372"}],"curies":[{"name":"wp","href":"https:\/\/api.w.org\/{rel}","templated":true}]}}