{"id":23184,"date":"2024-01-05T04:02:14","date_gmt":"2024-01-05T04:02:14","guid":{"rendered":"https:\/\/www.elsemanarioonline.com\/?p=23184"},"modified":"2024-01-05T04:02:14","modified_gmt":"2024-01-05T04:02:14","slug":"una-postura-contra-el-dominio-de-los-combustibles-fosiles-y-el-compromiso-de-los-objetivos-climaticos","status":"publish","type":"post","link":"https:\/\/www.elsemanarioonline.com\/es\/una-postura-contra-el-dominio-de-los-combustibles-fosiles-y-el-compromiso-de-los-objetivos-climaticos\/","title":{"rendered":"Una Postura Contra el Dominio de los Combustibles F\u00f3siles y el Compromiso de los Objetivos Clim\u00e1ticos"},"content":{"rendered":"<p><!-- VideographyWP Plugin Message: Automatic video embedding prevented by plugin options. --><br \/>\n\u00a0<\/p>\n<p><strong>Mark Maga\u00f1a e Irene Burga<\/strong><\/p>\n<p>\u00a0<\/p>\n<p>Rompiendo con la tradici\u00f3n, GreenLatinos decidi\u00f3 no participar en las negociaciones internacionales sobre el clima de este a\u00f1o por primera vez en muchos a\u00f1os.<\/p>\n<p>\u00a0<\/p>\n<p>Nuestra decisi\u00f3n de no participar fue motivada por la decisi\u00f3n de celebrar la COP en Dubai, Emiratos \u00c1rabes Unidos, un importante productor de petr\u00f3leo, y el nombramiento del sult\u00e1n Ahmed Al-Jaber, director ejecutivo de la compa\u00f1\u00eda petrolera estatal, como presidente de la cumbre. Estas decisiones presentaron un claro conflicto de intereses, colocando las ganancias de los contaminadores del petr\u00f3leo y el gas por encima de la urgente necesidad de abordar la crisis clim\u00e1tica y las necesidades de las comunidades m\u00e1s afectadas por la r\u00e1pida eliminaci\u00f3n gradual de los combustibles f\u00f3siles.<\/p>\n<p>\u00a0<\/p>\n<blockquote><p>Desde fen\u00f3menos clim\u00e1ticos extremos hasta enfermedades cr\u00f3nicas, nuestras comunidades necesitan una soluci\u00f3n ahora, no m\u00e1s tarde.<\/p><\/blockquote>\n<p>\u00a0<\/p>\n<p>Como sede de la COP28, Dubai fue una decisi\u00f3n contraproducente para la lucha global contra la crisis clim\u00e1tica. La influencia indebida de los casi 2.500 cabilderos de los combustibles f\u00f3siles en los procedimientos de la COP28, un problema persistente en conferencias anteriores, alcanz\u00f3 un cl\u00edmax en la COP28. Las <a href=\"https:\/\/click.everyaction.com\/k\/75513866\/444946529\/1587617080?nvep=ew0KICAiVGVuYW50VXJpIjogIm5ncHZhbjovL3Zhbi9FQS9FQTAwNy8xLzg4ODc1IiwNCiAgIkRpc3RyaWJ1dGlvblVuaXF1ZUlkIjogImQ1ZGRlOGZmLTY5OWYtZWUxMS1iZWExLTAwMjI0ODIyM2YzNiIsDQogICJFbWFpbEFkZHJlc3MiOiAiTmV3c2Rlc2tAZWxzZW1hbmFyaW8ubmV0Ig0KfQ%3D%3D&hmac=N6VHCFkKPDQozJnuhooNsvLzZsHMhr4gnmCE6EWfqT4=&emci=e73f0889-669f-ee11-bea1-002248223f36&emdi=d5dde8ff-699f-ee11-bea1-002248223f36&ceid=26265646\">revelaciones<\/a> sobre la desinformaci\u00f3n de los Emiratos sobre las emisiones de metano, que les permiti\u00f3 convenientemente evitar la rendici\u00f3n de cuentas durante una d\u00e9cada, subrayaron los riesgos asociados con la celebraci\u00f3n de una conferencia sobre el clima en un pa\u00eds profundamente entrelazado con la industria de los combustibles f\u00f3siles.<\/p>\n<p>\u00a0<\/p>\n<p><strong>Una crisis urgente<\/strong><\/p>\n<p>\u00a0<\/p>\n<p>Nuestras comunidades est\u00e1n sufriendo el caos clim\u00e1tico causado por estas mismas compa\u00f1\u00edas petroleras. Desde sequ\u00edas extremas hasta lluvias torrenciales y tormentas mortales, nuestras comunidades son las primeras en experimentar lo peor de la crisis clim\u00e1tica y las \u00faltimas en abordarse. Y, sin embargo, las necesidades de nuestras comunidades, expuestas en el \u00faltimo informe del <a href=\"https:\/\/click.everyaction.com\/k\/75513868\/444946531\/1060166118?nvep=ew0KICAiVGVuYW50VXJpIjogIm5ncHZhbjovL3Zhbi9FQS9FQTAwNy8xLzg4ODc1IiwNCiAgIkRpc3RyaWJ1dGlvblVuaXF1ZUlkIjogImQ1ZGRlOGZmLTY5OWYtZWUxMS1iZWExLTAwMjI0ODIyM2YzNiIsDQogICJFbWFpbEFkZHJlc3MiOiAiTmV3c2Rlc2tAZWxzZW1hbmFyaW8ubmV0Ig0KfQ%3D%3D&hmac=N6VHCFkKPDQozJnuhooNsvLzZsHMhr4gnmCE6EWfqT4=&emci=e73f0889-669f-ee11-bea1-002248223f36&emdi=d5dde8ff-699f-ee11-bea1-002248223f36&ceid=26265646#:~:text=The%20Synthesis%20Report%20was%20released%20on%2020%20March%202023.&text=The%20IPCC%20is%20now%20in,to%20its%20latest%20Methodology%20Report.\">Panel Intergubernamental sobre el Cambio Clim\u00e1tico (IPCC)<\/a>, siguen siendo dejadas de lado en estas conferencias.<\/p>\n<p>\u00a0<\/p>\n<figure id=\"attachment_23183\" aria-describedby=\"caption-attachment-23183\" style=\"width: 300px\" class=\"wp-caption alignleft\"><img data-recalc-dims=\"1\" fetchpriority=\"high\" decoding=\"async\" class=\"size-medium wp-image-23183\" src=\"https:\/\/i0.wp.com\/www.elsemanarioonline.com\/wp-content\/uploads\/2024\/01\/2-Commentary-E-Magana-Burga-2pic-GreenLatino-Irene-Burga.jpg?resize=300%2C297&ssl=1\" alt=\"\" width=\"300\" height=\"297\" srcset=\"https:\/\/i0.wp.com\/www.elsemanarioonline.com\/wp-content\/uploads\/2024\/01\/2-Commentary-E-Magana-Burga-2pic-GreenLatino-Irene-Burga.jpg?resize=300%2C297&ssl=1 300w, https:\/\/i0.wp.com\/www.elsemanarioonline.com\/wp-content\/uploads\/2024\/01\/2-Commentary-E-Magana-Burga-2pic-GreenLatino-Irene-Burga.jpg?resize=150%2C150&ssl=1 150w, https:\/\/i0.wp.com\/www.elsemanarioonline.com\/wp-content\/uploads\/2024\/01\/2-Commentary-E-Magana-Burga-2pic-GreenLatino-Irene-Burga.jpg?resize=100%2C100&ssl=1 100w, https:\/\/i0.wp.com\/www.elsemanarioonline.com\/wp-content\/uploads\/2024\/01\/2-Commentary-E-Magana-Burga-2pic-GreenLatino-Irene-Burga.jpg?w=342&ssl=1 342w\" sizes=\"(max-width: 300px) 100vw, 300px\" \/><figcaption id=\"caption-attachment-23183\" class=\"wp-caption-text\"><b>Irene Burga<\/b><\/figcaption><\/figure>\n<p>Si bien la COP28 se desarroll\u00f3 en medio de circunstancias problem\u00e1ticas, produjo un proyecto de decisi\u00f3n que describe las prioridades clim\u00e1ticas internacionales, incluida la mitigaci\u00f3n, la adaptaci\u00f3n, el financiamiento y el apoyo a proyectos clim\u00e1ticos. En particular, los negociadores <a href=\"https:\/\/click.everyaction.com\/k\/75513872\/444946532\/523517716?download&nvep=ew0KICAiVGVuYW50VXJpIjogIm5ncHZhbjovL3Zhbi9FQS9FQTAwNy8xLzg4ODc1IiwNCiAgIkRpc3RyaWJ1dGlvblVuaXF1ZUlkIjogImQ1ZGRlOGZmLTY5OWYtZWUxMS1iZWExLTAwMjI0ODIyM2YzNiIsDQogICJFbWFpbEFkZHJlc3MiOiAiTmV3c2Rlc2tAZWxzZW1hbmFyaW8ubmV0Ig0KfQ%3D%3D&hmac=N6VHCFkKPDQozJnuhooNsvLzZsHMhr4gnmCE6EWfqT4=&emci=e73f0889-669f-ee11-bea1-002248223f36&emdi=d5dde8ff-699f-ee11-bea1-002248223f36&ceid=26265646\">acordaron<\/a> \u00abhacer una transici\u00f3n para alejarse\u00bb del consumo de combustibles f\u00f3siles, lo que marc\u00f3 un hito en la denuncia de los combustibles f\u00f3siles. Si bien este es un paso positivo en la direcci\u00f3n correcta, el lenguaje no llega a una eliminaci\u00f3n completa, lo que deja espacio para una extracci\u00f3n y consumo continuos y pone a nuestras comunidades en riesgo. El texto del proyecto de decisi\u00f3n se puede encontrar en el sitio web de la CMNUCC <a href=\"https:\/\/click.everyaction.com\/k\/75513874\/444946536\/1024052495?nvep=ew0KICAiVGVuYW50VXJpIjogIm5ncHZhbjovL3Zhbi9FQS9FQTAwNy8xLzg4ODc1IiwNCiAgIkRpc3RyaWJ1dGlvblVuaXF1ZUlkIjogImQ1ZGRlOGZmLTY5OWYtZWUxMS1iZWExLTAwMjI0ODIyM2YzNiIsDQogICJFbWFpbEFkZHJlc3MiOiAiTmV3c2Rlc2tAZWxzZW1hbmFyaW8ubmV0Ig0KfQ%3D%3D&hmac=N6VHCFkKPDQozJnuhooNsvLzZsHMhr4gnmCE6EWfqT4=&emci=e73f0889-669f-ee11-bea1-002248223f36&emdi=d5dde8ff-699f-ee11-bea1-002248223f36&ceid=26265646\">aqu\u00ed<\/a>.<\/p>\n<p>\u00a0<\/p>\n<p><strong>Un punto de inflexi\u00f3n para la acci\u00f3n<\/strong><\/p>\n<p>\u00a0<\/p>\n<p>Estados Unidos abri\u00f3 la COP con un anuncio cr\u00edtico al finalizar sus reglas sobre <a href=\"https:\/\/click.everyaction.com\/k\/75513876\/444946538\/-146816409?nvep=ew0KICAiVGVuYW50VXJpIjogIm5ncHZhbjovL3Zhbi9FQS9FQTAwNy8xLzg4ODc1IiwNCiAgIkRpc3RyaWJ1dGlvblVuaXF1ZUlkIjogImQ1ZGRlOGZmLTY5OWYtZWUxMS1iZWExLTAwMjI0ODIyM2YzNiIsDQogICJFbWFpbEFkZHJlc3MiOiAiTmV3c2Rlc2tAZWxzZW1hbmFyaW8ubmV0Ig0KfQ%3D%3D&hmac=N6VHCFkKPDQozJnuhooNsvLzZsHMhr4gnmCE6EWfqT4=&emci=e73f0889-669f-ee11-bea1-002248223f36&emdi=d5dde8ff-699f-ee11-bea1-002248223f36&ceid=26265646#:~:text=EPA%27s%20final%20rule%20leverages%20the,the%20power%20sector%20in%202021.\">petr\u00f3leo y gas metano<\/a>, una medida que reducir\u00e1 significativamente la contaminaci\u00f3n clim\u00e1tica y beneficiar\u00e1 la salud p\u00fablica, especialmente para las comunidades cercanas a los sitios de extracci\u00f3n. GreenLatinos trabaj\u00f3 arduamente con la justicia ambiental, la salud p\u00fablica y los aliados de los grupos ecologistas para asegurar esta victoria fundamental.<\/p>\n<p>\u00a0<\/p>\n<p>GreenLatinos est\u00e1 comprometido a garantizar que eliminemos gradualmente los combustibles f\u00f3siles por completo y erradiquemos el consumo de estas fuentes sucias de energ\u00eda de forma permanente. Sabemos que esta es la causa fundamental de los impactos desproporcionados del cambio clim\u00e1tico que nuestra comunidad enfrenta a diario. Desde fen\u00f3menos clim\u00e1ticos extremos hasta enfermedades cr\u00f3nicas, nuestras comunidades necesitan una soluci\u00f3n ahora, no m\u00e1s tarde.<\/p>\n<p>\u00a0<\/p>\n<p>La COP28, con sus v\u00ednculos con ejecutivos de compa\u00f1\u00edas petroleras, no brind\u00f3 el espacio constructivo que busc\u00e1bamos, y la influencia de Dubai eclips\u00f3 discusiones significativas. Elogiamos los esfuerzos de las organizaciones de justicia ambiental de primera l\u00ednea que asistieron para oponerse y resistir estas falsas soluciones de lavado verde y luchar por un lenguaje m\u00e1s fuerte. La ONU debe escuchar a las comunidades de primera l\u00ednea y aprovechar mejor su poder en futuras conferencias COP sobre cambio clim\u00e1tico.<\/p>\n<p>\u00a0<\/p>\n<p>La lucha contin\u00faa y nuestro compromiso sigue siendo inquebrantable.<\/p>\n<p>\u00a0<\/p>\n<p>Mark Maga\u00f1a, Presidente Fundador y Director Ejecutivo y Irene Burga, Directora del Programa de Justicia Clim\u00e1tica y Aire Limpio de GreenLatinos.<\/p>\n<p>\u00a0<\/p>\n<p>\u00a0<\/p>\n","protected":false},"excerpt":{"rendered":"<p>\u00a0 Mark Maga\u00f1a e Irene Burga \u00a0 Rompiendo con la tradici\u00f3n, GreenLatinos decidi\u00f3 no participar en las negociaciones internacionales sobre el clima de este a\u00f1o por primera vez en muchos&#8230;<\/p>\n","protected":false},"author":403,"featured_media":22547,"comment_status":"open","ping_status":"open","sticky":false,"template":"","format":"standard","meta":{"give_campaign_id":0,"_jetpack_memberships_contains_paid_content":false,"footnotes":""},"categories":[72,77],"tags":[],"class_list":["post-23184","post","type-post","status-publish","format-standard","has-post-thumbnail","hentry","category-comentario","category-medio-ambiente"],"jetpack_featured_media_url":"https:\/\/i0.wp.com\/www.elsemanarioonline.com\/wp-content\/uploads\/2023\/10\/2-Commentary-E-Magana-1pic.jpg?fit=600%2C400&ssl=1","jetpack-related-posts":[],"jetpack_sharing_enabled":true,"_links":{"self":[{"href":"https:\/\/www.elsemanarioonline.com\/es\/wp-json\/wp\/v2\/posts\/23184","targetHints":{"allow":["GET"]}}],"collection":[{"href":"https:\/\/www.elsemanarioonline.com\/es\/wp-json\/wp\/v2\/posts"}],"about":[{"href":"https:\/\/www.elsemanarioonline.com\/es\/wp-json\/wp\/v2\/types\/post"}],"author":[{"embeddable":true,"href":"https:\/\/www.elsemanarioonline.com\/es\/wp-json\/wp\/v2\/users\/403"}],"replies":[{"embeddable":true,"href":"https:\/\/www.elsemanarioonline.com\/es\/wp-json\/wp\/v2\/comments?post=23184"}],"version-history":[{"count":0,"href":"https:\/\/www.elsemanarioonline.com\/es\/wp-json\/wp\/v2\/posts\/23184\/revisions"}],"wp:featuredmedia":[{"embeddable":true,"href":"https:\/\/www.elsemanarioonline.com\/es\/wp-json\/wp\/v2\/media\/22547"}],"wp:attachment":[{"href":"https:\/\/www.elsemanarioonline.com\/es\/wp-json\/wp\/v2\/media?parent=23184"}],"wp:term":[{"taxonomy":"category","embeddable":true,"href":"https:\/\/www.elsemanarioonline.com\/es\/wp-json\/wp\/v2\/categories?post=23184"},{"taxonomy":"post_tag","embeddable":true,"href":"https:\/\/www.elsemanarioonline.com\/es\/wp-json\/wp\/v2\/tags?post=23184"}],"curies":[{"name":"wp","href":"https:\/\/api.w.org\/{rel}","templated":true}]}}