{"id":23040,"date":"2023-12-14T20:53:14","date_gmt":"2023-12-14T20:53:14","guid":{"rendered":"https:\/\/www.elsemanarioonline.com\/?p=23040"},"modified":"2023-12-14T20:53:14","modified_gmt":"2023-12-14T20:53:14","slug":"restaurar-el-alma-de-estados-unidos-no-debe-significar-la-aceptacion-de-las-politicas-migratorias-de-ex-presidente","status":"publish","type":"post","link":"https:\/\/www.elsemanarioonline.com\/es\/restaurar-el-alma-de-estados-unidos-no-debe-significar-la-aceptacion-de-las-politicas-migratorias-de-ex-presidente\/","title":{"rendered":"\u2018Restaurar el Alma de Estados Unidos\u2019 No Debe Significar la Aceptaci\u00f3n de las Pol\u00edticas Migratorias de Ex-Presidente"},"content":{"rendered":"<p><!-- VideographyWP Plugin Message: Automatic video embedding prevented by plugin options. --><br \/>\n\u00a0<\/p>\n<p><strong>Vanessa C\u00e1rdenas<\/strong><\/p>\n<p>\u00a0<\/p>\n<p><em>Nota del Editor: Hace apenas unas semanas, la campa\u00f1a de Biden se comprometi\u00f3 a \u201c<\/em><em><u><a href=\"https:\/\/www.cbsnews.com\/news\/biden-campaign-goes-on-offensive-immigration-decries-trump-plans\/\">pasar a la ofensiva en materia de inmigraci\u00f3n, condenando los \u2018espeluznantes\u2019 planes de Trump<\/a><\/u><\/em><em>\u201d. Ahora se informa que el gobierno de Biden est\u00e1 dispuesto a incluir las pol\u00edticas migratorias del expresidente en un proyecto de ley de financiamiento suplementario, como la \u201cexpulsi\u00f3n acelerada\u201d en todo el pa\u00eds, que es b\u00e1sicamente acorralar a los inmigrantes indocumentados para deportarlos masivamente, sin importar d\u00f3nde vivan o trabajen.<\/em><\/p>\n<p>\u00a0<\/p>\n<p>El lema de la campa\u00f1a de Biden de \u2018Restaurar el alma de Estados Unidos\u2019 no debe significar la aceptaci\u00f3n de las pol\u00edticas migratorias de Trump o ceder ante las demandas extremistas de los republicanos. Biden corre el riesgo de cometer un gran error estrat\u00e9gico al pasar de mantener un marcado contraste con la agenda extremista de los republicanos, a adoptar partes de dicha agenda extremista. Puede que haga esto por una errada conveniencia pol\u00edtica a corto plazo, pero pagar\u00e1 un alto precio pol\u00edtico entre sus votantes.<\/p>\n<p>\u00a0<\/p>\n<p>Si el presidente Biden o cualquier dem\u00f3crata piensa que ceder a las demandas del Partido Republicano ayudar\u00e1 a reducir las mentiras y los ataques pol\u00edticos de los republicanos en materia migratoria, o que contribuir\u00e1 al avance de soluciones de pol\u00edtica p\u00fablica que nos encaminen hacia una frontera m\u00e1s ordenada, est\u00e1n simplemente equivocados, tanto en el \u00e1mbito de la pol\u00edtica como en el de la pol\u00edtica p\u00fablica.<\/p>\n<p>\u00a0<\/p>\n<p>Nada de lo que se est\u00e1 discutiendo y exigiendo tiene que ver con \u201cseguridad fronteriza\u201d, y muchas de las medidas, de hecho, har\u00edan m\u00e1s dif\u00edcil asegurar la frontera. Apartar a las personas de los puertos de entrada, eliminar v\u00edas legales y exigir el encarcelamiento de familias y ni\u00f1os har\u00e1 que el manejo de la frontera sea sustancialmente m\u00e1s complicado. Por una parte, el presidente est\u00e1 considerando ayudar al pueblo de Ucrania, pero por otra, propone recortar las v\u00edas legales y los programas de libertad condicional que los ucranianos emplean para huir de forma segura de la agresi\u00f3n de Vladimir Putin.<\/p>\n<p>\u00a0<\/p>\n<p>M\u00e1s a\u00fan, esto no se trata estrictamente de pol\u00edtica p\u00fablica fronteriza y de asilo, ya que puede tener devastadoras consecuencias legales para los 11 millones de inmigrantes indocumentados que viven y trabajan en Estados Unidos, a pesar de que la inmensa mayor\u00eda ha vivido en este pa\u00eds por m\u00e1s de una d\u00e9cada. La expulsi\u00f3n y deportaci\u00f3n acelerada a nivel nacional, que Biden y los dem\u00f3cratas est\u00e1n considerando, implica que todos est\u00e1n vulnerables.<\/p>\n<p>\u00a0<\/p>\n<p>Una amplia mayor\u00eda del pa\u00eds, incluyendo los sectores electorales con los que el presidente Biden est\u00e1 contando, apoya la reforma de nuestro quebrantado sistema migratorio con un enfoque balanceado que consiste de una frontera ordenada y de v\u00edas legales para la inmigraci\u00f3n. Pero hacer suyo el devastador nativismo de Trump y la fracasada y extrema visi\u00f3n pol\u00edtica de MAGA, que se basa \u00fanicamente en disuadir o suprimir la inmigraci\u00f3n legal, solamente perpetuar\u00e1 un sistema migratorio roto, recompensar\u00e1 la pol\u00edtica partidista arriesgada y extrema, y desanimar\u00e1 a los sectores electorales clave de la coalici\u00f3n de Biden justo antes de un a\u00f1o de reelecci\u00f3n, donde el entusiasmo de la base ya est\u00e1 en aprietos\u201d.<\/p>\n<p>\u00a0<\/p>\n<p>\u00a0<\/p>\n<p>Vanessa C\u00e1rdenas, Directora Ejecutiva de America\u2019s Voice.<\/p>\n<p>\u00a0<\/p>\n<p>\u00a0<\/p>\n","protected":false},"excerpt":{"rendered":"<p>\u00a0 Vanessa C\u00e1rdenas \u00a0 Nota del Editor: Hace apenas unas semanas, la campa\u00f1a de Biden se comprometi\u00f3 a \u201cpasar a la ofensiva en materia de inmigraci\u00f3n, condenando los \u2018espeluznantes\u2019 planes&#8230;<\/p>\n","protected":false},"author":403,"featured_media":23039,"comment_status":"open","ping_status":"open","sticky":false,"template":"","format":"standard","meta":{"give_campaign_id":0,"_jetpack_memberships_contains_paid_content":false,"footnotes":""},"categories":[72],"tags":[],"class_list":["post-23040","post","type-post","status-publish","format-standard","has-post-thumbnail","hentry","category-comentario"],"jetpack_featured_media_url":"https:\/\/i0.wp.com\/www.elsemanarioonline.com\/wp-content\/uploads\/2023\/12\/3-Commentary-E-Cardenas-1pic-via-Americas-Voice.jpg?fit=600%2C400&ssl=1","jetpack-related-posts":[],"jetpack_sharing_enabled":true,"_links":{"self":[{"href":"https:\/\/www.elsemanarioonline.com\/es\/wp-json\/wp\/v2\/posts\/23040","targetHints":{"allow":["GET"]}}],"collection":[{"href":"https:\/\/www.elsemanarioonline.com\/es\/wp-json\/wp\/v2\/posts"}],"about":[{"href":"https:\/\/www.elsemanarioonline.com\/es\/wp-json\/wp\/v2\/types\/post"}],"author":[{"embeddable":true,"href":"https:\/\/www.elsemanarioonline.com\/es\/wp-json\/wp\/v2\/users\/403"}],"replies":[{"embeddable":true,"href":"https:\/\/www.elsemanarioonline.com\/es\/wp-json\/wp\/v2\/comments?post=23040"}],"version-history":[{"count":0,"href":"https:\/\/www.elsemanarioonline.com\/es\/wp-json\/wp\/v2\/posts\/23040\/revisions"}],"wp:featuredmedia":[{"embeddable":true,"href":"https:\/\/www.elsemanarioonline.com\/es\/wp-json\/wp\/v2\/media\/23039"}],"wp:attachment":[{"href":"https:\/\/www.elsemanarioonline.com\/es\/wp-json\/wp\/v2\/media?parent=23040"}],"wp:term":[{"taxonomy":"category","embeddable":true,"href":"https:\/\/www.elsemanarioonline.com\/es\/wp-json\/wp\/v2\/categories?post=23040"},{"taxonomy":"post_tag","embeddable":true,"href":"https:\/\/www.elsemanarioonline.com\/es\/wp-json\/wp\/v2\/tags?post=23040"}],"curies":[{"name":"wp","href":"https:\/\/api.w.org\/{rel}","templated":true}]}}