{"id":22923,"date":"2023-12-02T18:13:42","date_gmt":"2023-12-02T18:13:42","guid":{"rendered":"https:\/\/www.elsemanarioonline.com\/?p=22923"},"modified":"2023-12-02T18:13:42","modified_gmt":"2023-12-02T18:13:42","slug":"la-fuerza-de-un-volcan","status":"publish","type":"post","link":"https:\/\/www.elsemanarioonline.com\/es\/la-fuerza-de-un-volcan\/","title":{"rendered":"La fuerza de un volc\u00e1n"},"content":{"rendered":"<p><!-- VideographyWP Plugin Message: Automatic video embedding prevented by plugin options. --><br \/>\nMichell Fonseca<\/p>\n<p>\u00a0<\/p>\n<p>Cuando Miss Nicaragua gan\u00f3 Miss Universo este mes, llor\u00e9 de alegr\u00eda. Sent\u00ed por fin que mi cultura hab\u00eda obtenido el reconocimiento de la gente de todo el mundo.<\/p>\n<p>\u00a0<\/p>\n<p>Puede parecer extra\u00f1o: como joven nicarag\u00fcense, \u00bfpor qu\u00e9 los miembros progresistas de mi generaci\u00f3n prestar\u00edan atenci\u00f3n a los concursos de belleza de hoy? Pero el Miss Universo de este a\u00f1o, celebrado en San Salvador el 18 de noviembre, fue algo m\u00e1s que un triunfo de la belleza. Para muchos espectadores, fue una de las pocas presentaciones modernas positivas de estas culturas que no centralizaron la dictadura, la pobreza o el crimen.<\/p>\n<p>\u00a0<\/p>\n<p>De hecho, cuando Sheynnis Palacios gan\u00f3 el concurso como Miss Nicaragua, vi que incluso los hombres que conoc\u00eda, y los hombres en las redes sociales, no s\u00f3lo estaban viendo por primera vez con las mujeres, sino que se emocionaron hasta las l\u00e1grimas por la victoria, diciendo: \u00abAhora lo entendemos\u00bb, o que el concurso de este a\u00f1o era tan importante para ellos como la Copa del Mundo.<\/p>\n<p>\u00a0<\/p>\n<p>Cuando gan\u00f3, todo el estadio se puso en pie, y otras competidoras que representaban a pa\u00edses de todo el mundo la abrazaron y parec\u00edan realmente extasiadas por su victoria, una muestra de hermandad que nunca antes hab\u00eda visto.<\/p>\n<p>El concurso fue hist\u00f3rico en otros aspectos, ya que por primera vez cont\u00f3 con dos mujeres transexuales (Miss Portugal y Miss Pa\u00edses Bajos), las primeras mujeres casadas y madres (Miss Guatemala y Miss Colombia) y la primera modelo de tallas grandes (Miss Nepal). Antes de que el concurso fuera adquirido por la mujer transexual y empresaria tailandesa Anne Jakrajutatip en 2022 y ella revisara las reglas, las madres, las casadas y las divorciadas ni siquiera pod\u00edan competir.<\/p>\n<p>\u00a0<\/p>\n<p>Aunque el concurso sigue siendo una competici\u00f3n de belleza, ha crecido hasta significar mucho m\u00e1s que eso desde los d\u00edas en que era propiedad de Donald Trump. Se ha convertido en una afirmaci\u00f3n mundial de que el hecho de no encajar en una determinada talla o procedencia no significa que no seas bella o que no puedas alcanzar tus sue\u00f1os.<\/p>\n<p>\u00a0<\/p>\n<p>La victoria de Palacios este a\u00f1o me conmovi\u00f3 por lo mucho que conect\u00e9 con su propia historia.<\/p>\n<p>\u00a0<\/p>\n<p>Se trataba de una mujer de 23 a\u00f1os, completamente abierta sobre sus humildes comienzos vendiendo comida en la calle para poder completar su educaci\u00f3n mientras persegu\u00eda sus sue\u00f1os ascendiendo en varios concursos de belleza a partir de los 15 a\u00f1os. Tras emigrar con su madre a San Francisco, donde yo tambi\u00e9n vivo, Palacios se convirti\u00f3 en el principal sost\u00e9n de su familia mientras trabajaba para graduarse en la universidad.<\/p>\n<p>Me vi reflejada en su lucha, ya que recientemente obtuve mi maestr\u00eda como Trabajadora Social Cl\u00ednica Licenciada. Aunque me qued\u00e9 en la ciudad para asistir a San Francisco State, mientras segu\u00eda trabajando, la matr\u00edcula de mi programa all\u00ed se vio afectada y tuve que terminar en CSU Stanislaus, a m\u00e1s de 100 millas al sureste, en la ciudad de Turlock.<\/p>\n<p>\u00a0<\/p>\n<p>Como no ten\u00eda coche, durante la pandemia ten\u00eda que hacer un trayecto de cuatro horas en tren tres o cuatro d\u00edas a la semana para cumplir mi sue\u00f1o. Lo consegu\u00ed, y ahora estoy trabajando para completar mis horas de pr\u00e1cticas y terminar mis ex\u00e1menes estatales.<\/p>\n<p>\u00a0<\/p>\n<p>Al igual que Palacios, yo tambi\u00e9n luchaba por devolver y representar positivamente a mi pueblo -ya que mi objetivo es trabajar con la poblaci\u00f3n latina para apoyar la salud mental de la comunidad aqu\u00ed en San Francisco- y cuando ella gan\u00f3 fue una afirmaci\u00f3n para m\u00ed de que pod\u00eda ser fuerte y femenina a la vez, siempre y cuando sepas el impacto que quieres tener en el mundo.<\/p>\n<p>\u00a0<\/p>\n<p>Me recuerda que tus antecedentes no te impiden alcanzar tus sue\u00f1os.<\/p>\n<p>\u00a0<\/p>\n<p>Tambi\u00e9n me conmovi\u00f3 mucho la franqueza con la que Palacios habl\u00f3 de su propia salud mental. Cuando los entrevistadores le preguntaron durante el concurso c\u00f3mo se sent\u00eda, comparti\u00f3 sus propias experiencias con la ansiedad, incluido un ataque de ansiedad que sufri\u00f3 y super\u00f3 con ejercicios de respiraci\u00f3n durante el certamen.<\/p>\n<p>Un entrevistador le pregunt\u00f3 -extra\u00f1amente, respondi\u00f3 a todas las preguntas en espa\u00f1ol- cu\u00e1l cre\u00eda que era la esencia de la humanidad, y ella dijo que era la humildad y ser agradecida por las peque\u00f1as cosas de la vida, que es algo que yo tambi\u00e9n digo a menudo a mis amigos y familiares; ese fue el momento en que supe que iba a ganar.<\/p>\n<p>\u00a0<\/p>\n<p>Creo que a muchos de los que estaban viendo a esta mujer lo que m\u00e1s les impresion\u00f3 fue su humildad y la dignidad que mantuvo al ser tan abierta sobre su humilde origen y sus continuas luchas sin dejar de ser un ejemplo estelar para su pueblo.<\/p>\n<p>\u00a0<\/p>\n<p>En otro momento del concurso, Palacios dijo que una buena representaci\u00f3n de la mujer nicarag\u00fcense es la frase \u00abfuerza de volc\u00e1n\u00bb, lo que me sorprendi\u00f3, ya que es una frase con la que me identifico y que ya hab\u00eda escrito en mi propia cuenta de redes sociales. Me recuerda que tu origen no te impide alcanzar tus sue\u00f1os.<\/p>\n<p>\u00a0<\/p>\n<p>Mientras trabajo para conseguir lo que quiero, nunca olvido de d\u00f3nde vengo.<\/p>\n<p>\u00a0<\/p>\n<p>Michelle Fonseca vive en San Francisco, California, donde espera hacer trabajo social en apoyo de la comunidad latina de la ciudad. Reproducido con permiso de Ethnic Media Services.<\/p>\n","protected":false},"excerpt":{"rendered":"<p>Michell Fonseca \u00a0 Cuando Miss Nicaragua gan\u00f3 Miss Universo este mes, llor\u00e9 de alegr\u00eda. Sent\u00ed por fin que mi cultura hab\u00eda obtenido el reconocimiento de la gente de todo el&#8230;<\/p>\n","protected":false},"author":403,"featured_media":0,"comment_status":"open","ping_status":"open","sticky":false,"template":"","format":"standard","meta":{"give_campaign_id":0,"_jetpack_memberships_contains_paid_content":false,"footnotes":""},"categories":[72],"tags":[],"class_list":["post-22923","post","type-post","status-publish","format-standard","hentry","category-comentario"],"jetpack_featured_media_url":"","jetpack-related-posts":[],"jetpack_sharing_enabled":true,"_links":{"self":[{"href":"https:\/\/www.elsemanarioonline.com\/es\/wp-json\/wp\/v2\/posts\/22923","targetHints":{"allow":["GET"]}}],"collection":[{"href":"https:\/\/www.elsemanarioonline.com\/es\/wp-json\/wp\/v2\/posts"}],"about":[{"href":"https:\/\/www.elsemanarioonline.com\/es\/wp-json\/wp\/v2\/types\/post"}],"author":[{"embeddable":true,"href":"https:\/\/www.elsemanarioonline.com\/es\/wp-json\/wp\/v2\/users\/403"}],"replies":[{"embeddable":true,"href":"https:\/\/www.elsemanarioonline.com\/es\/wp-json\/wp\/v2\/comments?post=22923"}],"version-history":[{"count":0,"href":"https:\/\/www.elsemanarioonline.com\/es\/wp-json\/wp\/v2\/posts\/22923\/revisions"}],"wp:attachment":[{"href":"https:\/\/www.elsemanarioonline.com\/es\/wp-json\/wp\/v2\/media?parent=22923"}],"wp:term":[{"taxonomy":"category","embeddable":true,"href":"https:\/\/www.elsemanarioonline.com\/es\/wp-json\/wp\/v2\/categories?post=22923"},{"taxonomy":"post_tag","embeddable":true,"href":"https:\/\/www.elsemanarioonline.com\/es\/wp-json\/wp\/v2\/tags?post=22923"}],"curies":[{"name":"wp","href":"https:\/\/api.w.org\/{rel}","templated":true}]}}