{"id":22546,"date":"2023-10-19T04:25:04","date_gmt":"2023-10-19T04:25:04","guid":{"rendered":"https:\/\/www.elsemanarioonline.com\/?p=22546"},"modified":"2023-10-19T04:25:04","modified_gmt":"2023-10-19T04:25:04","slug":"atrapados-en-el-caos-de-la-guerra","status":"publish","type":"post","link":"https:\/\/www.elsemanarioonline.com\/es\/atrapados-en-el-caos-de-la-guerra\/","title":{"rendered":"Atrapados en el Caos de la Guerra"},"content":{"rendered":"<p><!-- VideographyWP Plugin Message: Automatic video embedding prevented by plugin options. --><br \/>\n&nbsp;<\/p>\n<p><strong>Mark Maga\u00f1a<\/strong><\/p>\n<p><em>\u00a0<\/em><\/p>\n<p><em>Nuestros corazones lloran por los estragos y la devastaci\u00f3n causados en Gaza e Israel. Estamos consternados por los padres, madres, hermanos y hermanas atrapados en el caos de la guerra. Nos enferma o\u00edr hablar de ni\u00f1os atrapados en un conflicto armado sin fin a la vista. Para empeorar las cosas, los efectos t\u00f3xicos de los bombardeos y la destrucci\u00f3n causados por la guerra da\u00f1an las vidas de personas inocentes y envenenan la tierra, el aire y el agua, haciendo que sea inseguro vivir o cultivar.<\/em><\/p>\n<p>&nbsp;<\/p>\n<p><em>Como organizaci\u00f3n comprometida con apoyar y elevar a la familia, las comunidades y nuestra gente, lamentamos la p\u00e9rdida de esas personas inocentes atrapadas en el fuego cruzado de un problema tr\u00e1gico y complejo. A medida que se desarrolla esta lucha, suplicamos al gobierno de los Estados Unidos que apoye los esfuerzos bilaterales para restaurar r\u00e1pidamente la paz en la regi\u00f3n y proteger a cada persona inocente atrapada en medio de este conflicto.<\/em><\/p>\n<p>&nbsp;<\/p>\n<p><em>Como naci\u00f3n m\u00e1s poderosa del mundo, debemos asegurarnos de comunicar que la respuesta de Israel en Gaza debe llevarse a cabo de acuerdo con el derecho internacional y tomar todas las medidas debidas para limitar el da\u00f1o a civiles inocentes. Tambi\u00e9n tenemos el deber de ayudar a restablecer r\u00e1pidamente el suministro de alimentos, agua, combustible, electricidad y otras necesidades vitales a Gaza para garantizar que los civiles inocentes tengan lo b\u00e1sico necesario para sobrevivir.<\/em><\/p>\n<p>&nbsp;<\/p>\n<p><em>Adem\u00e1s, para garantizar que se restablezca la paz en la regi\u00f3n, debemos colaborar con socios regionales para establecer un corredor humanitario que atienda las necesidades vitales y permita a los civiles palestinos y a los ciudadanos extranjeros, incluidos los ciudadanos estadounidenses, buscar refugio fuera de Gaza.<\/em><\/p>\n<p>&nbsp;<\/p>\n<p><em>M\u00e1s aun, el gobierno de nuestra naci\u00f3n debe desalentar p\u00fablicamente cualquier crimen de odio y reacci\u00f3n contra cualquier estadounidense (jud\u00edo y musulm\u00e1n), incluso comunicando <\/em><strong>expl\u00edcitamente<\/strong><em> al pueblo estadounidense que <\/em><strong>Ham\u00e1s no es el pueblo palestino<\/strong><em> y que el pueblo palestino no es Ham\u00e1s.<\/em><\/p>\n<p>&nbsp;<\/p>\n<p><em>Mientras las noticias sobre este conflicto contin\u00faan filtr\u00e1ndose, mantenemos a las familias inocentes involucradas en nuestros corazones. Se deben respetar y proteger los derechos humanos de todas las personas inocentes.\u201d<\/em><\/p>\n<p>&nbsp;<\/p>\n<p><strong>Mark Maga\u00f1a es el presidente fundador y director ejecutivo de GreenLatinos.<\/strong><\/p>\n<p><strong>\u00a0<\/strong><\/p>\n<p>&nbsp;<\/p>\n","protected":false},"excerpt":{"rendered":"<p>&nbsp; Mark Maga\u00f1a \u00a0 Nuestros corazones lloran por los estragos y la devastaci\u00f3n causados en Gaza e Israel. Estamos consternados por los padres, madres, hermanos y hermanas atrapados en el&#8230;<\/p>\n","protected":false},"author":1,"featured_media":22547,"comment_status":"open","ping_status":"open","sticky":false,"template":"","format":"standard","meta":{"give_campaign_id":0,"_jetpack_memberships_contains_paid_content":false,"footnotes":""},"categories":[72],"tags":[],"class_list":["post-22546","post","type-post","status-publish","format-standard","has-post-thumbnail","hentry","category-comentario"],"jetpack_featured_media_url":"https:\/\/i0.wp.com\/www.elsemanarioonline.com\/wp-content\/uploads\/2023\/10\/2-Commentary-E-Magana-1pic.jpg?fit=600%2C400&ssl=1","jetpack-related-posts":[],"jetpack_sharing_enabled":true,"_links":{"self":[{"href":"https:\/\/www.elsemanarioonline.com\/es\/wp-json\/wp\/v2\/posts\/22546","targetHints":{"allow":["GET"]}}],"collection":[{"href":"https:\/\/www.elsemanarioonline.com\/es\/wp-json\/wp\/v2\/posts"}],"about":[{"href":"https:\/\/www.elsemanarioonline.com\/es\/wp-json\/wp\/v2\/types\/post"}],"author":[{"embeddable":true,"href":"https:\/\/www.elsemanarioonline.com\/es\/wp-json\/wp\/v2\/users\/1"}],"replies":[{"embeddable":true,"href":"https:\/\/www.elsemanarioonline.com\/es\/wp-json\/wp\/v2\/comments?post=22546"}],"version-history":[{"count":0,"href":"https:\/\/www.elsemanarioonline.com\/es\/wp-json\/wp\/v2\/posts\/22546\/revisions"}],"wp:featuredmedia":[{"embeddable":true,"href":"https:\/\/www.elsemanarioonline.com\/es\/wp-json\/wp\/v2\/media\/22547"}],"wp:attachment":[{"href":"https:\/\/www.elsemanarioonline.com\/es\/wp-json\/wp\/v2\/media?parent=22546"}],"wp:term":[{"taxonomy":"category","embeddable":true,"href":"https:\/\/www.elsemanarioonline.com\/es\/wp-json\/wp\/v2\/categories?post=22546"},{"taxonomy":"post_tag","embeddable":true,"href":"https:\/\/www.elsemanarioonline.com\/es\/wp-json\/wp\/v2\/tags?post=22546"}],"curies":[{"name":"wp","href":"https:\/\/api.w.org\/{rel}","templated":true}]}}