{"id":22221,"date":"2023-09-07T05:21:09","date_gmt":"2023-09-07T05:21:09","guid":{"rendered":"https:\/\/www.elsemanarioonline.com\/?p=22221"},"modified":"2023-09-07T05:21:09","modified_gmt":"2023-09-07T05:21:09","slug":"el-beneficio-economico-de-los-permisos-de-trabajo","status":"publish","type":"post","link":"https:\/\/www.elsemanarioonline.com\/es\/el-beneficio-economico-de-los-permisos-de-trabajo\/","title":{"rendered":"El Beneficio Econ\u00f3mico de los Permisos de Trabajo"},"content":{"rendered":"<p><!-- VideographyWP Plugin Message: Automatic video embedding prevented by plugin options. --><br \/>\n\u00a0<\/p>\n<p><strong>Maribel Hastings<\/strong><\/p>\n<p>\u00a0<\/p>\n<p>\u00a0<\/p>\n<p>La cobertura de los medios en espa\u00f1ol sobre la crisis de refugiados en Nueva York muestra un com\u00fan denominador de los inmigrantes: quieren trabajar. Al ser solicitantes de asilo, esperan como m\u00ednimo\u00a0hasta seis meses desde que presentaron su petici\u00f3n para ser elegibles para un permiso de trabajo. En algunos casos la espera es m\u00e1s larga.<\/p>\n<p>\u00a0<\/p>\n<p>Pero si en algo coinciden los entrevistados es que no importa las vicisitudes que\u00a0enfrentan, quieren trabajar a la mayor brevedad posible. De ah\u00ed que, en el caso de Nueva York, tanto la gobernadora Kathy Hochul, como el alcalde de la ciudad de Nueva York, Eric Adams, le hayan\u00a0pedido al gobierno federal, al igual que otros funcionarios de estados y ciudades que est\u00e1n absorbiendo a los refugiados, que agilice los permisos de trabajo. Algo m\u00e1s f\u00e1cil de pedir que conseguir dado los rezagos existentes adem\u00e1s de las consideraciones pol\u00edticas, entre otros factores.<\/p>\n<p>\u00a0<\/p>\n<p>Y mientras celebramos el D\u00eda del Trabajo, no deja de ser frustrante que no se reconozcan los beneficios que supone la inmigraci\u00f3n para la econom\u00eda y la ventaja de contar con trabajadores disponibles donde hay escasez de mano de obra. Porque no hay que olvidar que en ese mar de refugiados hay desde profesionales especializados, hasta obreros que realizan diversas y necesarias labores.<\/p>\n<p>\u00a0<\/p>\n<p>En su lugar, el debate pol\u00edtico y electoral de parte de los republicanos se centra en una falsa \u201cinvasi\u00f3n\u201d de la frontera, en criminalizar a los indocumentados y culparlos err\u00f3neamente por la crisis del fentanilo, o en proponer la militarizaci\u00f3n de la franja, el uso de fuerza letal, o incluso de invadir M\u00e9xico para perseguir a los c\u00e1rteles de la droga.<\/p>\n<p>\u00a0<\/p>\n<blockquote><p>Como siempre, en materia migratoria la politiquer\u00eda y la demagogia siguen pesando m\u00e1s que las soluciones sensatas.<\/p><\/blockquote>\n<p>\u00a0<\/p>\n<p>Por estos d\u00edas circulan varios reportes y noticias que apuntan a los beneficios de la mano de obra inmigrante para la econom\u00eda pues tienden a ser m\u00e1s j\u00f3venes y en edad laboral. Casi 79% de las personas nacidas en el extranjero que arribaron a Estados Unidos despu\u00e9s del 2010 est\u00e1n entre las edades de 18-64 a\u00f1os (edad laboral), comparado con 61% del resto de la poblaci\u00f3n. Aportan al fisco con el pago de impuestos, contribuyen a los programas sociales de Medicare y Seguro Social, pero al estar en edad laboral no acceden a esos beneficios de inmediato.<\/p>\n<p>\u00a0<\/p>\n<p>CNBC <a href=\"https:\/\/www.telemundo.com\/noticias\/noticias-telemundo\/inmigracion\/como-la-politica-migratoria-de-eeuu-le-esta-costando-al-pais-perdidas-rcna101984\">report\u00f3<\/a> v\u00eda Telemundo que en junio hubo 9 millones de plazas disponibles pero no los suficientes trabajadores para llenarlas. \u201cCon 5.8 millones de personas desempleadas en Estados Unidos, algunos economistas afirman que es improbable que todos estos puestos sean ocupados por personas que viven actualmente en el pa\u00eds\u201d, escribi\u00f3 Lindsey Jacobson, de CNBC. \u201cSe calcula que el pa\u00eds est\u00e1 perdiendo alrededor de 1 bill\u00f3n de d\u00f3lares en producci\u00f3n cada a\u00f1o por estos puestos de trabajo vacantes\u201d, afirm\u00f3 a CNBC David J. Bier, director asociado de estudios de inmigraci\u00f3n en el Instituto Cato.<\/p>\n<p>\u00a0<\/p>\n<p>Por su parte, La Opini\u00f3n <a href=\"https:\/\/laopinion.com\/2023\/08\/23\/fwd-us-revelo-en-un-novedoso-informe-como-la-inmigracion-puede-revertir-la-despoblacion-rural-en-estados-unidos\/\">escribi\u00f3<\/a> sobre un <a href=\"https:\/\/www.fwd.us\/news\/rural-decline\/\">reporte<\/a> de la organizaci\u00f3n\u00a0FWD.us sobre c\u00f3mo la inmigraci\u00f3n solucionar\u00eda la despoblaci\u00f3n y p\u00e9rdida de trabajadores en zonas rurales de Estados Unidos.<\/p>\n<p>\u00a0<\/p>\n<p>\u201cSeg\u00fan el informe, casi dos tercios (62%) de los condados rurales del pa\u00eds pueden lograr un aumento en la poblaci\u00f3n de trabajadores en edad laboral para el 2040 en comparaci\u00f3n con el a\u00f1o 2000, con solamente aceptar\u00a0100\u00a0nuevos inmigrantes cada a\u00f1o. Este porcentaje se eleva al 71% de los condados si reciben\u00a0200\u00a0inmigrantes cada a\u00f1o\u201d, report\u00f3 el diario.<\/p>\n<p>\u00a0<\/p>\n<p>\u201cY es que m\u00e1s del 77% de los condados rurales del pa\u00eds actualmente tienen menos personas en edad laboral (de 15 a 64 a\u00f1os) en comparaci\u00f3n con hace dos d\u00e9cadas\u201d, agreg\u00f3.<\/p>\n<p>\u00a0<\/p>\n<p>En otras palabras, conceder permisos de trabajo a los inmigrantes es vital para proveer la mano de obra que la econom\u00eda de Estados Unidos urgentemente necesita. Los programas que permiten el ingreso legal de inmigrantes, como el Estatus de Protecci\u00f3n Temporal (TPS), son un ejemplo claro del beneficio econ\u00f3mico de regularizar esa mano de obra. El TPS no solo protege a los beneficiarios de la deportaci\u00f3n sino que les concede permisos de trabajo. Otro reporte de FWD.us <a href=\"https:\/\/www.fwd.us\/news\/temporary-protected-status-report\/\">encontr\u00f3<\/a> que \u201clas personas elegibles para el TPS, incluidos los actuales beneficiarios del TPS, aportan unos $22 mil millones de d\u00f3lares en salarios a la econom\u00eda estadounidense cada a\u00f1o y trabajan en m\u00e1s de 600,000 empleos, llenando importantes vac\u00edos en una econom\u00eda plagada de una persistente escasez de mano de obra\u201d.<\/p>\n<p>\u00a0<\/p>\n<p>El problema es que conceder permisos a gran escala requiere de una reforma migratoria que no tiene futuro en el presente Congreso, tanto por la s\u00f3lida oposici\u00f3n republicana como por el temor de los dem\u00f3cratas a abordar este asunto. Temor que incluso se refleja en la timidez de la administraci\u00f3n de Joe Biden en ampliar las v\u00edas para la migraci\u00f3n legal de manera administrativa, como lo ha hecho para ciertos grupos para ayudar a la descompresi\u00f3n de la frontera.<\/p>\n<p>\u00a0<\/p>\n<p>Como siempre, en materia migratoria la politiquer\u00eda y la demagogia siguen pesando\u00a0m\u00e1s que las soluciones sensatas.<\/p>\n<p>\u00a0<\/p>\n<p>\u00a0<\/p>\n<p>Maribel Hastings es Asesora Ejecutiva de <a href=\"https:\/\/americasvoice.org\">Am\u00e9rica\u2019s Voice.<\/a><\/p>\n<p>\u00a0<\/p>\n<p>\u00a0<\/p>\n","protected":false},"excerpt":{"rendered":"<p>\u00a0 Maribel Hastings \u00a0 \u00a0 La cobertura de los medios en espa\u00f1ol sobre la crisis de refugiados en Nueva York muestra un com\u00fan denominador de los inmigrantes: quieren trabajar. Al&#8230;<\/p>\n","protected":false},"author":403,"featured_media":14737,"comment_status":"open","ping_status":"open","sticky":false,"template":"","format":"standard","meta":{"give_campaign_id":0,"_jetpack_memberships_contains_paid_content":false,"footnotes":""},"categories":[72],"tags":[],"class_list":["post-22221","post","type-post","status-publish","format-standard","has-post-thumbnail","hentry","category-comentario"],"jetpack_featured_media_url":"https:\/\/i0.wp.com\/www.elsemanarioonline.com\/wp-content\/uploads\/2021\/07\/hastings-1.png?fit=600%2C400&ssl=1","jetpack-related-posts":[],"jetpack_sharing_enabled":true,"_links":{"self":[{"href":"https:\/\/www.elsemanarioonline.com\/es\/wp-json\/wp\/v2\/posts\/22221","targetHints":{"allow":["GET"]}}],"collection":[{"href":"https:\/\/www.elsemanarioonline.com\/es\/wp-json\/wp\/v2\/posts"}],"about":[{"href":"https:\/\/www.elsemanarioonline.com\/es\/wp-json\/wp\/v2\/types\/post"}],"author":[{"embeddable":true,"href":"https:\/\/www.elsemanarioonline.com\/es\/wp-json\/wp\/v2\/users\/403"}],"replies":[{"embeddable":true,"href":"https:\/\/www.elsemanarioonline.com\/es\/wp-json\/wp\/v2\/comments?post=22221"}],"version-history":[{"count":0,"href":"https:\/\/www.elsemanarioonline.com\/es\/wp-json\/wp\/v2\/posts\/22221\/revisions"}],"wp:featuredmedia":[{"embeddable":true,"href":"https:\/\/www.elsemanarioonline.com\/es\/wp-json\/wp\/v2\/media\/14737"}],"wp:attachment":[{"href":"https:\/\/www.elsemanarioonline.com\/es\/wp-json\/wp\/v2\/media?parent=22221"}],"wp:term":[{"taxonomy":"category","embeddable":true,"href":"https:\/\/www.elsemanarioonline.com\/es\/wp-json\/wp\/v2\/categories?post=22221"},{"taxonomy":"post_tag","embeddable":true,"href":"https:\/\/www.elsemanarioonline.com\/es\/wp-json\/wp\/v2\/tags?post=22221"}],"curies":[{"name":"wp","href":"https:\/\/api.w.org\/{rel}","templated":true}]}}