{"id":21822,"date":"2023-07-27T15:23:55","date_gmt":"2023-07-27T15:23:55","guid":{"rendered":"https:\/\/www.elsemanarioonline.com\/?p=21822"},"modified":"2023-07-27T15:23:55","modified_gmt":"2023-07-27T15:23:55","slug":"debemos-avanzar-por-la-senda-de-la-energia-limpia","status":"publish","type":"post","link":"https:\/\/www.elsemanarioonline.com\/es\/debemos-avanzar-por-la-senda-de-la-energia-limpia\/","title":{"rendered":"Debemos Avanzar por la Senda de la Energ\u00eda Limpia"},"content":{"rendered":"<p><!-- VideographyWP Plugin Message: Automatic video embedding prevented by plugin options. --><br \/>\n\u00a0<\/p>\n<figure id=\"attachment_21821\" aria-describedby=\"caption-attachment-21821\" style=\"width: 271px\" class=\"wp-caption alignleft\"><img data-recalc-dims=\"1\" fetchpriority=\"high\" decoding=\"async\" class=\"size-medium wp-image-21821\" src=\"https:\/\/i0.wp.com\/www.elsemanarioonline.com\/wp-content\/uploads\/2023\/07\/2-Commentary-E-Gonzalez-1pic-via-Liliana-Castillo.jpg?resize=271%2C300&ssl=1\" alt=\"\" width=\"271\" height=\"300\" srcset=\"https:\/\/i0.wp.com\/www.elsemanarioonline.com\/wp-content\/uploads\/2023\/07\/2-Commentary-E-Gonzalez-1pic-via-Liliana-Castillo.jpg?resize=271%2C300&ssl=1 271w, https:\/\/i0.wp.com\/www.elsemanarioonline.com\/wp-content\/uploads\/2023\/07\/2-Commentary-E-Gonzalez-1pic-via-Liliana-Castillo.jpg?resize=135%2C150&ssl=1 135w, https:\/\/i0.wp.com\/www.elsemanarioonline.com\/wp-content\/uploads\/2023\/07\/2-Commentary-E-Gonzalez-1pic-via-Liliana-Castillo.jpg?w=472&ssl=1 472w\" sizes=\"(max-width: 271px) 100vw, 271px\" \/><figcaption id=\"caption-attachment-21821\" class=\"wp-caption-text\"><b>Alejandra Gonzalez<\/b><\/figcaption><\/figure>\n<p><strong>Alejandra Gonzalez<\/strong><\/p>\n<p>\u00a0<\/p>\n<p>Soy madre organizadora de <a href=\"https:\/\/www.togetherforbrothers.org\/\">Together for Brothers,<\/a> (T4B) y vivo con mi familia en la West Mesa de Albuquerque. Compramos la casa en la que vivimos actualmente hace 14 a\u00f1os. Tras varios a\u00f1os de facturas de electricidad elevadas y una gran variaci\u00f3n mes a mes, empezamos a explorar opciones asequibles para reducir nuestros gastos. Ten\u00edamos que reducir nuestros gastos.<\/p>\n<p>\u00a0<\/p>\n<p>Empezamos a tomarnos en serio la idea de hacer una transici\u00f3n hacia la energ\u00eda limpia porque la pandemia del COVID provoc\u00f3 unos costes de electricidad mucho m\u00e1s elevados, hasta el punto de que mi \u00faltima factura de la luz ascendi\u00f3 a 415,71 d\u00f3lares. Decidimos buscar un sistema de energ\u00eda solar para nuestra casa y hace dos a\u00f1os lo instalamos. Un sistema de energ\u00eda solar result\u00f3 ser nuestra mejor opci\u00f3n. Con la financiaci\u00f3n que elegimos y los incentivos fiscales, tanto federales como estatales, mi pago m\u00e1s bajo ser\u00eda el mismo mes a mes, y durante un tiempo, nuestra estabilidad econ\u00f3mica como familia ya no estar\u00eda en peligro.<\/p>\n<p>\u00a0<\/p>\n<p>Otra ventaja fue que empezamos a tomar medidas y a formar parte de la transici\u00f3n hacia una energ\u00eda limpia y un medio ambiente mejor para mis cuatro hijos y las generaciones futuras.<\/p>\n<p>\u00a0<\/p>\n<p>A medida que me he ido informando, mi familia y yo hemos tomado conciencia de c\u00f3mo la contaminaci\u00f3n atmosf\u00e9rica afecta a todas las personas, y de c\u00f3mo el cambio clim\u00e1tico afecta a nuestro planeta. Estamos viendo la prueba del cambio clim\u00e1tico en los incendios forestales, que son dif\u00edciles de acabar debido a las sequ\u00edas a las que se enfrenta el estado.<\/p>\n<p>\u00a0<\/p>\n<p>En Nuevo M\u00e9xico, la poblaci\u00f3n latina se ve directa y desproporcionadamente afectada por el cambio clim\u00e1tico, especialmente las familias de bajos ingresos. Ser conscientes del da\u00f1o al medio ambiente, a nuestras familias y a nosotros mismos nos lleva a tomar decisiones que tengan en cuenta el cambio clim\u00e1tico, evaluando las diferentes opciones y eligiendo la que mejor cambie este patr\u00f3n de destrucci\u00f3n de nuestro planeta y nuestra salud.<\/p>\n<p>\u00a0<\/p>\n<p>Vivo en la zona de West Mesa de Alburquerque, por donde cruza la interestatal 40 y por la que circulan veh\u00edculos familiares y un gran n\u00famero de camiones medianos y pesados. Hay naves industriales y estaciones de veh\u00edculos pesados, entre otros tipos de industria. El transporte es la segunda fuente de contaminaci\u00f3n perjudicial para la salud y el clima en Nuevo M\u00e9xico. Los fabricantes de veh\u00edculos deben ser regulados para dejar de contaminar el aire que todos respiramos. Los responsables de la toma de decisiones deben considerar y tomar medidas para mitigar los da\u00f1os a los que se enfrentan nuestras comunidades a causa de esta contaminaci\u00f3n. Podemos asegurar una r\u00e1pida transici\u00f3n a camiones de cero emisiones y proteger nuestra salud mediante la aprobaci\u00f3n de las normas Advanced Clean Trucks. Juntos por los Hermanos se est\u00e1 uniendo a una amplia coalici\u00f3n de m\u00e1s de 20 grupos clim\u00e1ticos, de justicia ambiental y empresariales de Nuevo M\u00e9xico que han pedido a la Junta de Mejora Ambiental del estado y a la Junta de Control de Calidad del Aire del Condado de Albuquerque-Bernalillo que aprueben las normas antes de finales de 2023.<\/p>\n<p>\u00a0<\/p>\n<p>Personalmente, me comprometo a organizarme para ser parte del cambio y seguir tomando medidas que beneficien la salud y la econom\u00eda de mi familia. Mi pr\u00f3ximo objetivo ser\u00e1 tener mi propio coche el\u00e9ctrico y seguir abogando por un mayor acceso a la informaci\u00f3n, los recursos, la acci\u00f3n de los funcionarios electos en espa\u00f1ol y el cambio de pol\u00edtica para nuestra comunidad.<\/p>\n<p>\u00a0<\/p>\n<p>Alejandra Gonz\u00e1lez es Madre Organizadora de <a href=\"https:\/\/www.togetherforbrothers.org\/\">Together for Brothers,<\/a> una organizaci\u00f3n sin fines de lucro que est\u00e1 desarrollando la capacidad de los ni\u00f1os y j\u00f3venes de color para ser l\u00edderes en todos los niveles de sus comunidades.<\/p>\n<p>\u00a0<\/p>\n<p>\u00a0<\/p>\n","protected":false},"excerpt":{"rendered":"<p>\u00a0 Alejandra Gonzalez \u00a0 Soy madre organizadora de Together for Brothers, (T4B) y vivo con mi familia en la West Mesa de Albuquerque. Compramos la casa en la que vivimos&#8230;<\/p>\n","protected":false},"author":403,"featured_media":0,"comment_status":"open","ping_status":"open","sticky":false,"template":"","format":"standard","meta":{"give_campaign_id":0,"_jetpack_memberships_contains_paid_content":false,"footnotes":""},"categories":[72],"tags":[],"class_list":["post-21822","post","type-post","status-publish","format-standard","hentry","category-comentario"],"jetpack_featured_media_url":"","jetpack-related-posts":[],"jetpack_sharing_enabled":true,"_links":{"self":[{"href":"https:\/\/www.elsemanarioonline.com\/es\/wp-json\/wp\/v2\/posts\/21822","targetHints":{"allow":["GET"]}}],"collection":[{"href":"https:\/\/www.elsemanarioonline.com\/es\/wp-json\/wp\/v2\/posts"}],"about":[{"href":"https:\/\/www.elsemanarioonline.com\/es\/wp-json\/wp\/v2\/types\/post"}],"author":[{"embeddable":true,"href":"https:\/\/www.elsemanarioonline.com\/es\/wp-json\/wp\/v2\/users\/403"}],"replies":[{"embeddable":true,"href":"https:\/\/www.elsemanarioonline.com\/es\/wp-json\/wp\/v2\/comments?post=21822"}],"version-history":[{"count":0,"href":"https:\/\/www.elsemanarioonline.com\/es\/wp-json\/wp\/v2\/posts\/21822\/revisions"}],"wp:attachment":[{"href":"https:\/\/www.elsemanarioonline.com\/es\/wp-json\/wp\/v2\/media?parent=21822"}],"wp:term":[{"taxonomy":"category","embeddable":true,"href":"https:\/\/www.elsemanarioonline.com\/es\/wp-json\/wp\/v2\/categories?post=21822"},{"taxonomy":"post_tag","embeddable":true,"href":"https:\/\/www.elsemanarioonline.com\/es\/wp-json\/wp\/v2\/tags?post=21822"}],"curies":[{"name":"wp","href":"https:\/\/api.w.org\/{rel}","templated":true}]}}