{"id":21605,"date":"2023-06-29T04:41:18","date_gmt":"2023-06-29T04:41:18","guid":{"rendered":"https:\/\/www.elsemanarioonline.com\/?p=21605"},"modified":"2023-06-29T04:41:18","modified_gmt":"2023-06-29T04:41:18","slug":"colorado-extiende-el-acceso-a-la-terapia-gratuita-para-los-jovenes","status":"publish","type":"post","link":"https:\/\/www.elsemanarioonline.com\/es\/colorado-extiende-el-acceso-a-la-terapia-gratuita-para-los-jovenes\/","title":{"rendered":"Colorado Extiende el Acceso a la Terapia Gratuita para los J\u00f3venes"},"content":{"rendered":"<p><!-- VideographyWP Plugin Message: Automatic video embedding prevented by plugin options. --><br \/>\nColorado renueva su compromiso de proporcionar servicios gratuitos de salud mental a todos los j\u00f3venes de Colorado. Los legisladores aprobaron seguir financiando el programa <a href=\"https:\/\/colorado.us14.list-manage.com\/track\/click?u=ab4d57df3cf259d7a3ccc3565&id=7b93935384&e=47237b8fc1\">Yo Importo<\/a>, que ofrece terapia gratuita a los j\u00f3venes. La ayuda estatal garantiza hasta seis sesiones de terapia gratuitas a los j\u00f3venes de 18 a\u00f1os o menos, o de 21 a\u00f1os o menos si reciben servicios de educaci\u00f3n especial. La terapia est\u00e1 disponible en ingl\u00e9s y espa\u00f1ol. Se puede acceder a los servicios en espa\u00f1ol a trav\u00e9s de <a href=\"http:\/\/YoImportoColorado.org\">YoImportoColorado.org<\/a>.<\/p>\n<p>Yo Importo se inici\u00f3 el 27 de octubre de 2021 y ahora cuenta con financiaci\u00f3n hasta el 30 de junio de 2024. Los legisladores asignaron $6 millones de d\u00f3lares para este proyecto en el presupuesto 2023-2024.<\/p>\n<p>\u201cSabemos que hay muchas barreras que impiden que los j\u00f3venes reciban atenci\u00f3n de salud mental, como la estigmatizaci\u00f3n, el costo y la ubicaci\u00f3n. La Administraci\u00f3n de Salud Conductual (Behavioral Health Administration, BHA) se enorgullece de seguir proporcionando a cualquier joven de Colorado sesiones de terapia gratuitas y confidenciales a cargo de terapeutas licenciados que van hacia donde los pacientes se encuentran\u201d, ha declarado Michelle Barnes, comisaria interina de la BHA, la agencia que supervisa el programa.<\/p>\n<p>En menos de dos a\u00f1os, casi 8,000 j\u00f3venes de Colorado han participado en al menos una sesi\u00f3n de terapia y j\u00f3venes de 61 condados han concertado una cita con Yo Importo. Se han realizado m\u00e1s de 37,000 sesiones de terapia. Las citas terap\u00e9uticas se programan principalmente a trav\u00e9s de la telesalud, lo que elimina las barreras conocidas al acceso a los servicios de salud mental para las poblaciones urbanas, fronterizas, rurales y tribales. M\u00e1s de 215 m\u00e9dicos licenciados participan en el programa Yo Importo.<\/p>\n<p>\u201cLos j\u00f3venes de Colorado y de todo el pa\u00eds han experimentado un aumento de los problemas de salud mental desde la pandemia de COVID-19. I Matter se cre\u00f3 para ser un recurso de salud mental para los j\u00f3venes, y estamos muy agradecidos de que siga existiendo, porque la necesidad sigue siendo imperiosa\u201d, afirma Paul Barnett, director de servicios a la infancia, la juventud y la familia de la BHA.<\/p>\n<p>Aunque Yo Importo\u00a0funciona todo el a\u00f1o, el uso del programa disminuye habitualmente en los meses de verano, sobre todo porque no hay escuela. Este verano, se anima a todos los j\u00f3venes y\/o a sus tutores a que se pongan en contacto con I Matter si necesitan apoyo. En <a href=\"http:\/\/YoImportoColorado.org\">YoImportoColorado.org<\/a> encontrar\u00e1s m\u00e1s recursos y c\u00f3mo ponerte en contacto con un terapeuta.<\/p>\n<p>\u00a0<\/p>\n<p>Si usted o alguien a quien conoce est\u00e1 en crisis o necesita ayuda para enfrentar una crisis, llame al 1-844-493-TALK (8255) o env\u00ede la palabra TALK al 38255 para hablar con un profesional capacitado. M\u00e1s informaci\u00f3n en <a href=\"http:\/\/coloradocrisisservices.org\">coloradocrisisservices.org<\/a><\/p>\n<p>Acceder e inscribirse en los servicios I Matter es f\u00e1cil visitando <a href=\"http:\/\/IMatterColorado.org\">IMatterColorado.org<\/a> y <a href=\"http:\/\/YoImportoColorado.org\">YoImportoColorado.org<\/a>, donde los visitantes participar\u00e1n en una encuesta confidencial en l\u00ednea sobre su salud mental y podr\u00e1n programar sus sesiones. Seg\u00fan la ley estatal, los j\u00f3venes mayores de 12 a\u00f1os pueden dar su consentimiento para la terapia. Los padres de los j\u00f3venes de 11 a\u00f1os o menos deber\u00e1n realizar la encuesta y dar su consentimiento para que se presten servicios a sus hijos. Visite la p\u00e1gina sobre I Matter en el sitio web para solicitar material gratuito sobre I Matter o utilice el conjunto de herramientas de la campa\u00f1a para informar a su comunidad sobre I Matter.<\/p>\n<p>\u00a0<\/p>\n<p>\u00a0<\/p>\n<p>\u00a0<\/p>\n","protected":false},"excerpt":{"rendered":"<p>Colorado renueva su compromiso de proporcionar servicios gratuitos de salud mental a todos los j\u00f3venes de Colorado. Los legisladores aprobaron seguir financiando el programa Yo Importo, que ofrece terapia gratuita&#8230;<\/p>\n","protected":false},"author":1,"featured_media":21604,"comment_status":"open","ping_status":"open","sticky":false,"template":"","format":"standard","meta":{"give_campaign_id":0,"_jetpack_memberships_contains_paid_content":false,"footnotes":""},"categories":[71],"tags":[],"class_list":["post-21605","post","type-post","status-publish","format-standard","has-post-thumbnail","hentry","category-estado"],"jetpack_featured_media_url":"https:\/\/i0.wp.com\/www.elsemanarioonline.com\/wp-content\/uploads\/2023\/06\/CO-2-State-E-Colo-I-Matter-1pic-by-adobe-stock.jpg?fit=576%2C384&ssl=1","jetpack-related-posts":[],"jetpack_sharing_enabled":true,"_links":{"self":[{"href":"https:\/\/www.elsemanarioonline.com\/es\/wp-json\/wp\/v2\/posts\/21605","targetHints":{"allow":["GET"]}}],"collection":[{"href":"https:\/\/www.elsemanarioonline.com\/es\/wp-json\/wp\/v2\/posts"}],"about":[{"href":"https:\/\/www.elsemanarioonline.com\/es\/wp-json\/wp\/v2\/types\/post"}],"author":[{"embeddable":true,"href":"https:\/\/www.elsemanarioonline.com\/es\/wp-json\/wp\/v2\/users\/1"}],"replies":[{"embeddable":true,"href":"https:\/\/www.elsemanarioonline.com\/es\/wp-json\/wp\/v2\/comments?post=21605"}],"version-history":[{"count":0,"href":"https:\/\/www.elsemanarioonline.com\/es\/wp-json\/wp\/v2\/posts\/21605\/revisions"}],"wp:featuredmedia":[{"embeddable":true,"href":"https:\/\/www.elsemanarioonline.com\/es\/wp-json\/wp\/v2\/media\/21604"}],"wp:attachment":[{"href":"https:\/\/www.elsemanarioonline.com\/es\/wp-json\/wp\/v2\/media?parent=21605"}],"wp:term":[{"taxonomy":"category","embeddable":true,"href":"https:\/\/www.elsemanarioonline.com\/es\/wp-json\/wp\/v2\/categories?post=21605"},{"taxonomy":"post_tag","embeddable":true,"href":"https:\/\/www.elsemanarioonline.com\/es\/wp-json\/wp\/v2\/tags?post=21605"}],"curies":[{"name":"wp","href":"https:\/\/api.w.org\/{rel}","templated":true}]}}