{"id":21377,"date":"2023-06-05T20:44:43","date_gmt":"2023-06-05T20:44:43","guid":{"rendered":"https:\/\/www.elsemanarioonline.com\/?p=21377"},"modified":"2023-06-05T20:44:43","modified_gmt":"2023-06-05T20:44:43","slug":"la-intolerancia-antiinmigrante-no-aprende-de-sus-errores","status":"publish","type":"post","link":"https:\/\/www.elsemanarioonline.com\/es\/la-intolerancia-antiinmigrante-no-aprende-de-sus-errores\/","title":{"rendered":"La Intolerancia Antiinmigrante no Aprende de Sus Errores"},"content":{"rendered":"<p><!-- VideographyWP Plugin Message: Automatic video embedding prevented by plugin options. --><br \/>\n\u00a0<\/p>\n<p><strong>Maribel Hastings y David Torres<\/strong><\/p>\n<p>\u00a0<\/p>\n<p>Cuando el gobernador de Florida, Ron DeSantis, anuncie esta la semana pasada su intenci\u00f3n de buscar la nominaci\u00f3n presidencial republicana en 2024, los inmigrantes ser\u00e1n una vez m\u00e1s el chivo expiatorio predilecto de los pol\u00edticos conservadores. Esto, en su af\u00e1n de alimentar su extremismo y el de su base sin ofrecer soluciones reales a nuestro descompuesto sistema migratorio.<\/p>\n<p>\u00a0<\/p>\n<p>El 16 de junio de 2015 Donald Trump descendi\u00f3 por las escaleras de la Torre Trump, de Nueva York, para oficializar su candidatura, tildando de \u201ccriminales\u201d y \u201cvioladores\u201d a los migrantes mexicanos.<\/p>\n<figure id=\"attachment_9330\" aria-describedby=\"caption-attachment-9330\" style=\"width: 300px\" class=\"wp-caption alignleft\"><img data-recalc-dims=\"1\" fetchpriority=\"high\" decoding=\"async\" class=\"size-medium wp-image-9330\" src=\"https:\/\/i0.wp.com\/www.elsemanarioonline.com\/wp-content\/uploads\/2019\/10\/CO-2-Commentary-E-Torres-1pic-by-Americas-Voice.jpg?resize=300%2C275&ssl=1\" alt=\"\" width=\"300\" height=\"275\" srcset=\"https:\/\/i0.wp.com\/www.elsemanarioonline.com\/wp-content\/uploads\/2019\/10\/CO-2-Commentary-E-Torres-1pic-by-Americas-Voice.jpg?resize=300%2C275&ssl=1 300w, https:\/\/i0.wp.com\/www.elsemanarioonline.com\/wp-content\/uploads\/2019\/10\/CO-2-Commentary-E-Torres-1pic-by-Americas-Voice.jpg?resize=150%2C138&ssl=1 150w, https:\/\/i0.wp.com\/www.elsemanarioonline.com\/wp-content\/uploads\/2019\/10\/CO-2-Commentary-E-Torres-1pic-by-Americas-Voice.jpg?w=325&ssl=1 325w\" sizes=\"(max-width: 300px) 100vw, 300px\" \/><figcaption id=\"caption-attachment-9330\" class=\"wp-caption-text\"><b>Foto: Am\u00e9rica\u2019s Voice <\/b><br \/><i>David Torres <\/i><\/figcaption><\/figure>\n<p>Es obvio que el discurso de ambos republicanos est\u00e1 unido por el mismo hilo conductor que afianzan cada vez m\u00e1s las fuerzas conservadoras de extrema derecha, y que no es otra cosa que la utilizaci\u00f3n del racismo y la xenofobia con fines meramente pol\u00edtico-electorales. Tan es as\u00ed, que cuando est\u00e1n en el poder lo convierten incluso en pol\u00edtica p\u00fablica, con r\u00fabrica y protocolo medi\u00e1tico de por medio.<\/p>\n<p>\u00a0<\/p>\n<p>En efecto, ahora DeSantis se lanza al ruedo apoyado nada menos que por Elon Musk, el due\u00f1o de Twitter propenso a la desinformaci\u00f3n y las teor\u00edas conspirativas, y con una ley antiinmigrante bajo el brazo que entra en vigor el 1 de julio, y que ya est\u00e1 generando todo tipo de preocupaciones, desde su impacto econ\u00f3mico hasta el humanitario y en los derechos civiles.<\/p>\n<p>\u00a0<\/p>\n<p>Lo primero se podr\u00e1 medir con exactitud en cuanto entre en vigor la nueva normativa, aunque desde ya los medios informativos han estado reportando sobre el abandono de los campos de Florida y de las construcciones, sobre todo, donde la mano de obra es b\u00e1sicamente migrante. La discriminaci\u00f3n y el acoso, por otro lado, ser\u00e1n tambi\u00e9n una constante, especialmente por quienes se han puesto del lado de una de las leyes m\u00e1s antiinmigrantes de la historia de Estados Unidos.<\/p>\n<p>\u00a0<\/p>\n<p>Y aunque la ventaja que ten\u00eda DeSantis sobre Trump en la preferencia de los votantes republicanos se ha desvanecido, la realidad sigue siendo igual. Las dos figuras que hasta el momento despuntan en la ruta electoral del Partido Republicano son antiinmigrantes probados. Uno, Trump, us\u00f3 la presidencia y el consejo de asesores extremistas como Stephen Miller para encabezar una de las cruzadas m\u00e1s duras y crueles contra los migrantes, incluyendo separar beb\u00e9s de sus madres, muchos de los cuales ni siquiera han sido reunificados.<\/p>\n<p>\u00a0<\/p>\n<p>El otro, DeSantis, pupilo de Trump ca\u00eddo de su gracia, es otro antiinmigrante que ha desatado una guerra cultural en un estado multicultural como la Florida, metiendo las narices hasta en los libros de texto que deben asignarse en las escuelas, en los derechos reproductivos de la mujer y en lo derechos de la comunidad LGBTQ+.<\/p>\n<p>\u00a0<\/p>\n<p>Es decir, tanto Trump como DeSantis se han destacado como los ejemplos m\u00e1s claros de esa profunda divisi\u00f3n entre la idea de Estados Unidos como una naci\u00f3n incluyente, mutilcultural y tolerante, y un pa\u00eds racista, xen\u00f3fobo y antiinmigrante. Los dos no han dudado en apostar por el desprendimiento, tanto estatal como nacional, de Estados Unidos como eje de las libertades, y lo han querido llevar a la antesala de la intolerancia, as\u00ed como otros personajes que anta\u00f1o se inclinaron por el nazi-fascismo en otras latitudes, llevando a sus sociedades y al mundo hacia un callej\u00f3n sin salida.<\/p>\n<p>\u00a0<\/p>\n<blockquote><p>No ver eso ahora es como caer en ese viejo adagio de las sociedades que declinan: quienes no conocen su historia est\u00e1n condenados a repetirla.<\/p><\/blockquote>\n<p>\u00a0<\/p>\n<p>Adem\u00e1s, aparte de su guerra corporativa contra Disney que ya le est\u00e1 costando millones de d\u00f3lares al estado, DeSantis se propuso repetir en Florida lo que hace m\u00e1s de una d\u00e9cada hicieron, sin \u00e9xito, otros estados republicanos como Arizona en 2010 y Alabama en 2011: tratar de convertirse en el epicentro de la guerra contra la migraci\u00f3n indocumentada.<\/p>\n<p>\u00a0<\/p>\n<p>Lo que Arizona y Alabama aprendieron de inmediato es que entre la ret\u00f3rica y la realidad hay un espacio enorme, y que por m\u00e1s que en su miop\u00eda quieran hacer creer que de un dedazo pueden deshacerse de los indocumentados, son sus estados los que sufren serias consecuencias, particularmente en la econom\u00eda.<\/p>\n<p>\u00a0<\/p>\n<p>En Alabama, por ejemplo,\u00a0\u00a0la\u00a0<u><a href=\"https:\/\/www.theguardian.com\/commentisfree\/cifamerica\/2011\/oct\/07\/sweet-home-alabama-no-more\">HB 56\u00a0<\/a><\/u>se promulg\u00f3 curiosamente hace casi 12 a\u00f1os, el 9 de junio de 2011. Uno de los efectos inmediatos fue la salida de\u00a0inmigrantes\u00a0indocumentados de los puestos que ocupaban, sobre todo en la agricultura.\u00a0<u><a href=\"https:\/\/americasvoice.org\/press_releases\/original_series_on_al_immigration_law_maribel_hastings4\/\">America\u2019s Voice en Espa\u00f1ol\u00a0<\/a><\/u>report\u00f3 de primera mano sobre la desesperaci\u00f3n de los agricultores al ver que sus cosechas se estaban pudriendo por la falta de mano de obra que el entonces gobernador republicano, Robert J. Bentley, sataniz\u00f3 gracias a una medida escrita en gran parte por una de las figuras m\u00e1s antiinmigrantes del pa\u00eds, Kris Kobach, entonces Secretario de Estado de Kansas y actual procurador del mismo estado.<\/p>\n<p>\u00a0<\/p>\n<p>Vimos de primera mano c\u00f3mo los negocios donde esos migrantes compraban sus alimentos, ropa, se cortaban el pelo, o llevaban sus autos a lavar o a arreglar, perdieron de la noche a la ma\u00f1ana miles de clientes.<\/p>\n<p>\u00a0<\/p>\n<p>Vimos tambi\u00e9n el impacto directo sobre los hijos ciudadanos de padres indocumentados. Algunos por temor a ser detenidos y deportados dejaron de enviar a sus hijos ciudadanos a las escuelas, o incluso al doctor, aunque estuvieran enfermos, lo que gener\u00f3 preocupaci\u00f3n entre los sectores de\u00a0<a href=\"https:\/\/americasvoice.org\/blog\/hb_56_indignation\/\">salubridad<\/a>.<\/p>\n<p>\u00a0<\/p>\n<p>Es el anterior un escenario de terror que se prev\u00e9 ocurra nuevamente, ahora en Florida, afectando otra vez a las poblaciones m\u00e1s vulnerables del pa\u00eds, entre las que por supuesto se encuentran en primer lugar los migrantes indocumentados y sus familias, a los que este tipo de leyes tratan con desprecio, a pesar del beneficio econ\u00f3mico que su mano de obra representa para fortalecer las finanzas de los estados donde viven y trabajan arduamente.<\/p>\n<p>\u00a0<\/p>\n<p>No ver eso ahora es como caer en ese viejo adagio de las sociedades que declinan: quienes no conocen su historia est\u00e1n condenados a repetirla.<\/p>\n<p>\u00a0<\/p>\n<p>Es decir, cuando se promulga una ley antiinmigrante, como acaba de hacer DeSantis \u2014solamente con el fin de demostrar a la base de su tambi\u00e9n antiinmigrante rival pol\u00edtico, Trump, que puede ser tan o m\u00e1s cruel que su l\u00edder\u2014, la realidad no tarda en dar sus lecciones hist\u00f3ricas, las que un terco y necio Partido Republicano parece que no ha querido aprender.<\/p>\n<p>\u00a0<\/p>\n<p>\u00a0<\/p>\n<p>Maribel Hastings es Asesora Ejecutiva de <u><a href=\"https:\/\/americasvoice.org\">Am\u00e9rica\u2019s Voice.<\/a><\/u> David Torres es Asesor en Espa\u00f1ol de <u><a href=\"https:\/\/americasvoice.org\">Am\u00e9rica\u2019s Voice.<\/a><\/u><\/p>\n<p>\u00a0<\/p>\n<p>\u00a0<\/p>\n","protected":false},"excerpt":{"rendered":"<p>\u00a0 Maribel Hastings y David Torres \u00a0 Cuando el gobernador de Florida, Ron DeSantis, anuncie esta la semana pasada su intenci\u00f3n de buscar la nominaci\u00f3n presidencial republicana en 2024, los&#8230;<\/p>\n","protected":false},"author":360,"featured_media":14737,"comment_status":"open","ping_status":"open","sticky":false,"template":"","format":"standard","meta":{"give_campaign_id":0,"_jetpack_memberships_contains_paid_content":false,"footnotes":""},"categories":[72],"tags":[],"class_list":["post-21377","post","type-post","status-publish","format-standard","has-post-thumbnail","hentry","category-comentario"],"jetpack_featured_media_url":"https:\/\/i0.wp.com\/www.elsemanarioonline.com\/wp-content\/uploads\/2021\/07\/hastings-1.png?fit=600%2C400&ssl=1","jetpack-related-posts":[],"jetpack_sharing_enabled":true,"_links":{"self":[{"href":"https:\/\/www.elsemanarioonline.com\/es\/wp-json\/wp\/v2\/posts\/21377","targetHints":{"allow":["GET"]}}],"collection":[{"href":"https:\/\/www.elsemanarioonline.com\/es\/wp-json\/wp\/v2\/posts"}],"about":[{"href":"https:\/\/www.elsemanarioonline.com\/es\/wp-json\/wp\/v2\/types\/post"}],"author":[{"embeddable":true,"href":"https:\/\/www.elsemanarioonline.com\/es\/wp-json\/wp\/v2\/users\/360"}],"replies":[{"embeddable":true,"href":"https:\/\/www.elsemanarioonline.com\/es\/wp-json\/wp\/v2\/comments?post=21377"}],"version-history":[{"count":0,"href":"https:\/\/www.elsemanarioonline.com\/es\/wp-json\/wp\/v2\/posts\/21377\/revisions"}],"wp:featuredmedia":[{"embeddable":true,"href":"https:\/\/www.elsemanarioonline.com\/es\/wp-json\/wp\/v2\/media\/14737"}],"wp:attachment":[{"href":"https:\/\/www.elsemanarioonline.com\/es\/wp-json\/wp\/v2\/media?parent=21377"}],"wp:term":[{"taxonomy":"category","embeddable":true,"href":"https:\/\/www.elsemanarioonline.com\/es\/wp-json\/wp\/v2\/categories?post=21377"},{"taxonomy":"post_tag","embeddable":true,"href":"https:\/\/www.elsemanarioonline.com\/es\/wp-json\/wp\/v2\/tags?post=21377"}],"curies":[{"name":"wp","href":"https:\/\/api.w.org\/{rel}","templated":true}]}}