{"id":19789,"date":"2022-12-30T23:23:35","date_gmt":"2022-12-30T23:23:35","guid":{"rendered":"https:\/\/www.elsemanarioonline.com\/?p=19789"},"modified":"2022-12-30T23:25:19","modified_gmt":"2022-12-30T23:25:19","slug":"el-representante-del-estado-de-colorado-adrienne-benavidez-anuncia-su-renuncia","status":"publish","type":"post","link":"https:\/\/www.elsemanarioonline.com\/es\/el-representante-del-estado-de-colorado-adrienne-benavidez-anuncia-su-renuncia\/","title":{"rendered":"La Representante del Estado de Colorado Adrienne Benavidez Anuncia su Renuncia"},"content":{"rendered":"<p><!-- VideographyWP Plugin Message: Automatic video embedding prevented by plugin options. --><br \/>\n\u00a0<\/p>\n<p><strong>Por Sara Wilson<\/strong><\/p>\n<p>\u00a0<\/p>\n<p>El representante del estado de Colorado Adrienne Benavidez anunci\u00f3 la semana pasada que ella renunciar\u00e1 a su posici\u00f3n. El movimiento vino poco despu\u00e9s de que la eligieran para servir su cuarto y final t\u00e9rmino.<\/p>\n<p>\u00a0<\/p>\n<p>\u00abEstoy orgullosa del trabajo que hemos realizado durante mi mandato en la C\u00e1mara estatal. Ha sido un honor representar a mis electores en la formulaci\u00f3n de pol\u00edticas que funcionen para todos. Estoy listo para mi pr\u00f3ximo cap\u00edtulo fuera de esta c\u00fapula de oro como yo planeo seguir trabajando para el pueblo de Colorado\u00bb, Benavidez, un dem\u00f3crata de Commerce City, escribi\u00f3 en una carta al secretario jefe de la C\u00e1mara.<\/p>\n<p>\u00a0<\/p>\n<p>Su \u00faltimo d\u00eda ser\u00e1 el 5 de enero, cuatro d\u00edas antes de la nueva sesi\u00f3n legislativa.<\/p>\n<p>\u00a0<\/p>\n<p>Benavidez ha servido en la C\u00e1mara desde 2017. En la sesi\u00f3n m\u00e1s reciente, se desempe\u00f1\u00f3 en los comit\u00e9s de Finanzas, Judicial y del Consejo Legislativo, adem\u00e1s de servir como presidenta pro tempore.<\/p>\n<p>\u00a0<\/p>\n<p>\u00abCon mis compa\u00f1eros legisladores latinos, hemos hecho crecer nuestro caucus a 14 miembros, el m\u00e1s grande en la historia de Colorado. Estoy orgulloso de nuestro trabajo para involucrar a los latinos en todo nuestro estado y asegurar que se aborden las necesidades y preocupaciones de nuestras comunidades latinas. Este alcance y defensa continuar\u00e1n bajo sus ojos vigilantes, y espero ver su impacto continuo \u00ab.<\/p>\n<p>\u00a0<\/p>\n<p>Benavidez qued\u00f3 en segundo lugar despu\u00e9s de la Rep. Julie McCluskie de Dillon en la selecci\u00f3n de los dem\u00f3cratas de la C\u00e1mara de Portavoces para la pr\u00f3xima sesi\u00f3n. McCluskie eligi\u00f3 Rep. Chris deGruy Kennedy como el nuevo presidente pro tempore.<\/p>\n<p>\u00a0<\/p>\n<p>Los copresidentes del Caucus Latino, la senadora Julie Gonzales, dem\u00f3crata de Denver, y la representante electa Elizabeth Velasco, dem\u00f3crata de Glenwood Springs, dijeron que la experiencia y la orientaci\u00f3n de Benavidez se echar\u00e1n de menos tanto en el caucus como en la c\u00e1mara en su conjunto.<\/p>\n<p>\u00a0<\/p>\n<p>\u00abLa representante Benavidez ha sido una l\u00edder audaz e intr\u00e9pida, tanto dentro de nuestro Grupo Latino como en la legislatura de Colorado, dedicando su tiempo, energ\u00eda y experiencia a la defensa de pol\u00edticas para mejorar la vida de las comunidades latinas de Colorado, destacando las injusticias de larga data experimentadas por las comunidades nativas americanas, y para garantizar la justicia social para todos los habitantes de Colorado\u00bb, dijeron en un comunicado.<\/p>\n<p>\u00a0<\/p>\n<p>El presidente saliente de la C\u00e1mara, Alec Garnett, un dem\u00f3crata de Denver, dijo que apreciaba la colaboraci\u00f3n y el consejo de Benavidez, ya que sirvi\u00f3 con \u00e9l en el liderazgo.<\/p>\n<p>\u00a0<\/p>\n<p>\u00abComo Presidente Pro Tempore, ella ejemplific\u00f3 lo que significa liderar y defender la instituci\u00f3n, mientras que ser una voz apasionada de sus electores, y su trabajo ha hecho de Colorado un lugar mejor para todos\u00bb, dijo en un comunicado.<\/p>\n<p>\u00a0<\/p>\n<p>Algunos de los trabajos m\u00e1s significativos de Benavidez en la Legislatura incluyen el patrocinio de los proyectos de ley que sustituyeron el D\u00eda de Col\u00f3n por el D\u00eda de Frances Xavier Cabrini, derogaron la pena de muerte y prohibieron el uso de mascotas ind\u00edgenas en las escuelas.<\/p>\n<p>\u00a0<\/p>\n<p>Un comit\u00e9 de vacantes seleccionar\u00e1 a la persona que representar\u00e1 al Distrito 35 de la C\u00e1mara de Representantes hasta 2024. 2020 candidato al Senado de EE.UU. Lorena Garc\u00eda anunci\u00f3 el martes que est\u00e1 compitiendo por el puesto.<\/p>\n<p>\u00a0<\/p>\n<p>Sara Wilson es reportera de Colorado Newsline. Este<a href=\"https:\/\/coloradonewsline.com\/briefs\/colorado-state-rep-adrienne-benavidez-announces-resignation\/\"> art\u00edculo <\/a>fue publicada originalmente por <a href=\"https:\/\/coloradonewsline.com\/briefs\/sentence-truck-driver-rogel-aguilera-mederos\/\">Colorado Newsline.<\/a><\/p>\n<p>\u00a0<\/p>\n<p>Traducido por Juan Carlos Uribe-The Weekly Issue\/El Semanario.<\/p>\n<p>\u00a0<\/p>\n<p><strong>Para Noticias de Colorado: <\/strong><a href=\"http:\/\/WWW.ELSEMANARIO.US\"><strong>ELSEMANARIO.US<\/strong><\/a><\/p>\n<p>\u00a0<\/p>\n","protected":false},"excerpt":{"rendered":"<p>\u00a0 Por Sara Wilson \u00a0 El representante del estado de Colorado Adrienne Benavidez anunci\u00f3 la semana pasada que ella renunciar\u00e1 a su posici\u00f3n. El movimiento vino poco despu\u00e9s de que&#8230;<\/p>\n","protected":false},"author":422,"featured_media":19788,"comment_status":"open","ping_status":"open","sticky":false,"template":"","format":"standard","meta":{"give_campaign_id":0,"_jetpack_memberships_contains_paid_content":false,"footnotes":""},"categories":[71],"tags":[],"class_list":["post-19789","post","type-post","status-publish","format-standard","has-post-thumbnail","hentry","category-estado"],"jetpack_featured_media_url":"https:\/\/i0.wp.com\/www.elsemanarioonline.com\/wp-content\/uploads\/2022\/12\/CO-1-State-E-Colo-Benavidez-1pic-by-Colo-Democrats-story-Colorado-Newsline-scaled-e1672442523491.jpg?fit=1706%2C2560&ssl=1","jetpack-related-posts":[],"jetpack_sharing_enabled":true,"_links":{"self":[{"href":"https:\/\/www.elsemanarioonline.com\/es\/wp-json\/wp\/v2\/posts\/19789","targetHints":{"allow":["GET"]}}],"collection":[{"href":"https:\/\/www.elsemanarioonline.com\/es\/wp-json\/wp\/v2\/posts"}],"about":[{"href":"https:\/\/www.elsemanarioonline.com\/es\/wp-json\/wp\/v2\/types\/post"}],"author":[{"embeddable":true,"href":"https:\/\/www.elsemanarioonline.com\/es\/wp-json\/wp\/v2\/users\/422"}],"replies":[{"embeddable":true,"href":"https:\/\/www.elsemanarioonline.com\/es\/wp-json\/wp\/v2\/comments?post=19789"}],"version-history":[{"count":0,"href":"https:\/\/www.elsemanarioonline.com\/es\/wp-json\/wp\/v2\/posts\/19789\/revisions"}],"wp:featuredmedia":[{"embeddable":true,"href":"https:\/\/www.elsemanarioonline.com\/es\/wp-json\/wp\/v2\/media\/19788"}],"wp:attachment":[{"href":"https:\/\/www.elsemanarioonline.com\/es\/wp-json\/wp\/v2\/media?parent=19789"}],"wp:term":[{"taxonomy":"category","embeddable":true,"href":"https:\/\/www.elsemanarioonline.com\/es\/wp-json\/wp\/v2\/categories?post=19789"},{"taxonomy":"post_tag","embeddable":true,"href":"https:\/\/www.elsemanarioonline.com\/es\/wp-json\/wp\/v2\/tags?post=19789"}],"curies":[{"name":"wp","href":"https:\/\/api.w.org\/{rel}","templated":true}]}}