{"id":19521,"date":"2022-11-19T03:09:42","date_gmt":"2022-11-19T03:09:42","guid":{"rendered":"https:\/\/www.elsemanarioonline.com\/?p=19521"},"modified":"2022-11-19T03:09:42","modified_gmt":"2022-11-19T03:09:42","slug":"el-electorado-latino-aporta-votos-clave-para-los-democratas-en-las-elecciones-intermedias-de-colorado","status":"publish","type":"post","link":"https:\/\/www.elsemanarioonline.com\/es\/el-electorado-latino-aporta-votos-clave-para-los-democratas-en-las-elecciones-intermedias-de-colorado\/","title":{"rendered":"El Electorado Latino Aporta Votos Clave para los Dem\u00f3cratas en las Elecciones Intermedias de Colorado"},"content":{"rendered":"<p><!-- VideographyWP Plugin Message: Automatic video embedding prevented by plugin options. --><br \/>\n\u00a0<\/p>\n<p><strong>Por Lindsey Toomer<\/strong><\/p>\n<p>\u00a0<\/p>\n<p>Los votantes latinos de Colorado mostraron una fuerte preferencia por los dem\u00f3cratas en las elecciones intermedias de 2022, seg\u00fan una nueva encuesta a pie de urna que dice que el electorado latino se moviliz\u00f3 para votar en funci\u00f3n de los temas que les preocupan.<\/p>\n<p>\u00a0<\/p>\n<p><a href=\"https:\/\/coloradolatinopolicyagenda.org\/exit-poll-2022\/\">El Colorado Latino Exit Poll<\/a>, publicado por primera vez este a\u00f1o, fue organizado por la Organizaci\u00f3n de Colorado para la Oportunidad y los Derechos Reproductivos de las Latinas (COLOR) y Voces Unidas, y fue realizado por BSP Research. La encuesta habl\u00f3 con 531 votantes latinos y latinas en todo el estado, con una muestra m\u00e1s grande en el nuevo 8\u00ba Distrito del Congreso debido a su alto n\u00famero de votantes latinos. Se encontr\u00f3 abrumadoramente que el electorado latino de Colorado se preocupaba m\u00e1s por votar en apoyo de los temas que les preocupan y hacer un cambio positivo que la lealtad al partido pol\u00edtico.<\/p>\n<p>\u00a0<\/p>\n<blockquote><p>\u201cFue m\u00e1s bien la necesidad de votar sus valores lo que ayud\u00f3 a impulsar a los candidatos y a los temas a la victoria arriba y abajo de la boleta\u00bb.<br \/>\nDusti Gurule, COLOR<\/p>\n<p>\u00a0<\/p><\/blockquote>\n<p>Dusti Gurule, presidenta y directora ejecutiva de COLOR, se\u00f1al\u00f3 que los resultados de la encuesta a pie de urna reflejan las prioridades esbozadas en la Agenda Pol\u00edtica de los Latinos de Colorado, un informe anual sobre los puntos de vista pol\u00edticos de los latinos de Colorado, en el que las cuestiones econ\u00f3micas fueron clasificadas como la principal preocupaci\u00f3n pol\u00edtica. A\u00f1adi\u00f3 espec\u00edficamente que los latinos de Colorado son m\u00e1s propensos a votar por los candidatos que apoyan la expansi\u00f3n y la protecci\u00f3n del acceso al aborto.<\/p>\n<p>\u00a0<\/p>\n<p>\u00abUno de los muchos hallazgos fascinantes de esta encuesta a pie de urna (\u2026) es que esas preocupaciones econ\u00f3micas no se tradujeron en una reacci\u00f3n contra el partido en el poder, como muchos hab\u00edan previsto\u00bb, dijo Gurule en una conferencia de prensa el jueves pasado. \u00abPero en realidad, fue m\u00e1s bien la necesidad de votar sus valores lo que ayud\u00f3 a impulsar a los candidatos y a los temas a la victoria arriba y abajo de la boleta\u00bb.<\/p>\n<p>\u00a0<\/p>\n<p>Gabe S\u00e1nchez, vicepresidente de investigaci\u00f3n de BSP, explic\u00f3 los resultados en la rueda de prensa del jueves, destacando igualmente la importancia de los valores para el voto latino. Dijo que los resultados de la encuesta a pie de urna de Colorado muestran la importancia que el electorado latino tuvo en las elecciones en general, especialmente en el hecho de que la diputada electa Yadira Caraveo ganara el esca\u00f1o del 8\u00ba Distrito de Colorado, haciendo historia como la primera latina de Colorado en la C\u00e1mara de Representantes de los Estados Unidos. Caraveo, actual representante estatal, se present\u00f3 contra la senadora estatal republicana Barbara Kirkmeyer en un nuevo distrito del Congreso.<\/p>\n<p>\u00a0<\/p>\n<p>El enfoque del electorado en lograr un impacto positivo llev\u00f3 a los votantes latinos a apoyar ciertos temas de la boleta electoral de Colorado, incluyendo aquellos que apoyan la vivienda asequible y las comidas gratuitas para los ni\u00f1os en edad escolar con un margen de 3 a 1 y a los candidatos dem\u00f3cratas con un margen de 2 a 1, dijo S\u00e1nchez. Tambi\u00e9n se\u00f1al\u00f3 que el electorado latino vot\u00f3 m\u00e1s azul que cualquier otro electorado en Colorado, lo que significa que el voto de la poblaci\u00f3n fue influyente para empujar a los dem\u00f3cratas por encima de la l\u00ednea. Por ejemplo, en la carrera por el Senado, el 69% de los votantes latinos dijeron que apoyaban al senador dem\u00f3crata Michael Bennet, que venci\u00f3 al aspirante republicano Joe O\u2019Dea, y en las ocho carreras por la C\u00e1mara de Representantes en todo el estado, el 72% apoy\u00f3 al candidato dem\u00f3crata.<\/p>\n<p>\u00a0<\/p>\n<p>\u00abSe especul\u00f3 que habr\u00eda una elecci\u00f3n de ola roja y que ser\u00eda alimentada principalmente por el movimiento latino hacia el Partido Republicano\u00bb, dijo S\u00e1nchez. \u00abObservar\u00e9 que hubo movimiento, pero fue relativamente modesto y en consonancia con lo que solemos ver en las elecciones de fuera de a\u00f1o, en las que muchos votantes se alejan del presidente en funciones, en este contexto, el partido de Biden, los dem\u00f3cratas; as\u00ed que hubo movimiento, pero no fue demoledor\u00bb.<\/p>\n<p>\u00a0<\/p>\n<p>Mirando espec\u00edficamente al 8\u00ba Distrito del Congreso, la Agenda Pol\u00edtica Latina de Colorado destac\u00f3 que los latinos valoran ver a otros latinos elegidos para el cargo, lo que se tradujo en que el 75% de los latinos del distrito apoyaron a Caraveo. Desde las elecciones de 2020, la encuesta encontr\u00f3 que los votantes latinos en el distrito cambiaron hacia actitudes e ideolog\u00edas m\u00e1s liberales.<\/p>\n<p>\u00a0<\/p>\n<p>\u00abDefinitivamente podemos decir que sin que el electorado latino se volcara con ella, no ser\u00eda la primera latina que entra en la C\u00e1mara de los Estados Unidos por el estado de Colorado\u00bb, dijo S\u00e1nchez sobre Caraveo.<\/p>\n<p>\u00a0<\/p>\n<p>En el resto del estado, sin embargo, la encuesta encontr\u00f3 que s\u00f3lo el 19% de los latinos dijo que su ideolog\u00eda se ha vuelto m\u00e1s liberal en comparaci\u00f3n con el 24% de los latinos que dicen que ahora son m\u00e1s conservadores, mientras que el 52% de los votantes latinos de Colorado dijo que su ideolog\u00eda no ha cambiado desde 2020. S\u00e1nchez dijo que se trata de un cambio bastante modesto en comparaci\u00f3n con estados como Florida o Texas, sobre todo teniendo en cuenta c\u00f3mo le suele ir al partido del presidente en las elecciones de medio t\u00e9rmino.<\/p>\n<p>\u00a0<\/p>\n<p>La encuesta tambi\u00e9n pregunt\u00f3 a los encuestados cu\u00e1ndo se decidieron por qui\u00e9n y qu\u00e9 votar\u00edan en las elecciones, y el 42% de los encuestados en el octavo distrito y en todo Colorado dijeron que fue m\u00e1s de un mes antes del momento en que hicieron la encuesta, que se realiz\u00f3 del 10 de octubre al 8 de noviembre. S\u00e1nchez dijo que esto indica que los votantes latinos necesitan que los partidos, los candidatos y los defensores se acerquen antes, con informaci\u00f3n sobre las iniciativas de votaci\u00f3n y los candidatos.<\/p>\n<p>\u00a0<\/p>\n<p>Una quinta parte de los votantes latinos de Colorado participaron en unas elecciones por primera vez en 2022, seg\u00fan la encuesta. Pero no fueron s\u00f3lo los votantes j\u00f3venes \u2013 mientras que el 27% de los votantes latinos por primera vez cayeron en el grupo de edad de 18 a 29 a\u00f1os, un 23% adicional de los votantes latinos de 30 a 49 a\u00f1os votaron por primera vez, as\u00ed como el 14% de los votantes mayores de 50 a\u00f1os.<\/p>\n<p>\u00a0<\/p>\n<p>\u00a0<\/p>\n<p>Lindsey Toomer es reportera de Colorado Newsline. Esta historia fue publicada originalmente por <a href=\"https:\/\/coloradonewsline.com\/briefs\/sentence-truck-driver-rogel-aguilera-mederos\/\">Colorado Newsline.<\/a><\/p>\n<p>\u00a0<\/p>\n<p>\u00a0<\/p>\n<p>Traducido por Juan Carlos Uribe-The Weekly Issue\/El Semanario.<\/p>\n<p>\u00a0<\/p>\n<p>\u00a0<\/p>\n<p><strong>Para Noticias de Colorado: <\/strong><a href=\"http:\/\/WWW.ELSEMANARIO.US\"><strong>ELSEMANARIO.US<\/strong><\/a><\/p>\n<p>\u00a0<\/p>\n","protected":false},"excerpt":{"rendered":"<p>\u00a0 Por Lindsey Toomer \u00a0 Los votantes latinos de Colorado mostraron una fuerte preferencia por los dem\u00f3cratas en las elecciones intermedias de 2022, seg\u00fan una nueva encuesta a pie de&#8230;<\/p>\n","protected":false},"author":403,"featured_media":19520,"comment_status":"open","ping_status":"open","sticky":false,"template":"","format":"standard","meta":{"give_campaign_id":0,"_jetpack_memberships_contains_paid_content":false,"footnotes":""},"categories":[71],"tags":[],"class_list":["post-19521","post","type-post","status-publish","format-standard","has-post-thumbnail","hentry","category-estado"],"jetpack_featured_media_url":"https:\/\/i0.wp.com\/www.elsemanarioonline.com\/wp-content\/uploads\/2022\/11\/CO-1-State-E-Colo-COLOR-Poll-Caraveo-1pic-by-Quentin-Young-Colorado-Newsline.jpg?fit=720%2C430&ssl=1","jetpack-related-posts":[],"jetpack_sharing_enabled":true,"_links":{"self":[{"href":"https:\/\/www.elsemanarioonline.com\/es\/wp-json\/wp\/v2\/posts\/19521","targetHints":{"allow":["GET"]}}],"collection":[{"href":"https:\/\/www.elsemanarioonline.com\/es\/wp-json\/wp\/v2\/posts"}],"about":[{"href":"https:\/\/www.elsemanarioonline.com\/es\/wp-json\/wp\/v2\/types\/post"}],"author":[{"embeddable":true,"href":"https:\/\/www.elsemanarioonline.com\/es\/wp-json\/wp\/v2\/users\/403"}],"replies":[{"embeddable":true,"href":"https:\/\/www.elsemanarioonline.com\/es\/wp-json\/wp\/v2\/comments?post=19521"}],"version-history":[{"count":0,"href":"https:\/\/www.elsemanarioonline.com\/es\/wp-json\/wp\/v2\/posts\/19521\/revisions"}],"wp:featuredmedia":[{"embeddable":true,"href":"https:\/\/www.elsemanarioonline.com\/es\/wp-json\/wp\/v2\/media\/19520"}],"wp:attachment":[{"href":"https:\/\/www.elsemanarioonline.com\/es\/wp-json\/wp\/v2\/media?parent=19521"}],"wp:term":[{"taxonomy":"category","embeddable":true,"href":"https:\/\/www.elsemanarioonline.com\/es\/wp-json\/wp\/v2\/categories?post=19521"},{"taxonomy":"post_tag","embeddable":true,"href":"https:\/\/www.elsemanarioonline.com\/es\/wp-json\/wp\/v2\/tags?post=19521"}],"curies":[{"name":"wp","href":"https:\/\/api.w.org\/{rel}","templated":true}]}}