{"id":19344,"date":"2022-11-03T13:49:34","date_gmt":"2022-11-03T13:49:34","guid":{"rendered":"https:\/\/www.elsemanarioonline.com\/?p=19344"},"modified":"2022-11-03T13:49:34","modified_gmt":"2022-11-03T13:49:34","slug":"campana-de-desinformacion-transfobica-dirigida-a-la-comunidad-latina","status":"publish","type":"post","link":"https:\/\/www.elsemanarioonline.com\/es\/campana-de-desinformacion-transfobica-dirigida-a-la-comunidad-latina\/","title":{"rendered":"Campa\u00f1a de Desinformaci\u00f3n Transf\u00f3bica Dirigida a la Comunidad Latina"},"content":{"rendered":"<p><!-- VideographyWP Plugin Message: Automatic video embedding prevented by plugin options. --><br \/>\n&nbsp;<\/p>\n<p><strong>Por Benjamin Neufeld<\/strong><\/p>\n<p>&nbsp;<\/p>\n<p>Los residentes latinos de Colorado, Nuevo M\u00e9xico, Arizona y Texas han sido objeto de una reciente campa\u00f1a de desinformaci\u00f3n con ret\u00f3rica antitrans en un intento de inclinar a los votantes hacia la derecha conservadora para las pr\u00f3ximas elecciones. En las \u00faltimas semanas, han llegado a los buzones de los hogares latinos de Colorado folletos en espa\u00f1ol que contienen \u00abmentiras y mensajes extremadamente peligrosos sobre las personas transg\u00e9nero\u00bb, seg\u00fan un comunicado de prensa del Consejo de Acci\u00f3n Latino. El volante incluye \u00abla afirmaci\u00f3n de que el presidente Biden y &#8216;sus aliados progresistas&#8217; est\u00e1n obligando a los ni\u00f1os a someterse a una cirug\u00eda de reasignaci\u00f3n de sexo en contra de su voluntad y est\u00e1n realizando &#8216;experimentos de g\u00e9nero radicales e irreversibles en los ni\u00f1os'\u00bb.<\/p>\n<p>&nbsp;<\/p>\n<p>Los folletos fueron enviados por la America First Legal Foundation, y debido a su estatus como organizaci\u00f3n sin \u00e1nimo de lucro 501c3, es inherentemente y a prop\u00f3sito poco claro qui\u00e9n est\u00e1 financiando a America First. El presidente de la organizaci\u00f3n sin fines de lucro de derecha, Stephen Miller, es un ex asesor de Donald Trump que es responsable de la pol\u00edtica de separaci\u00f3n de familias en la frontera de la Administraci\u00f3n Trump. La organizaci\u00f3n tambi\u00e9n ha estado emitiendo anuncios de radio en espa\u00f1ol que contienen informaci\u00f3n err\u00f3nea similar.<\/p>\n<p>&nbsp;<\/p>\n<p>Varias organizaciones de Colorado celebraron una conferencia de prensa para hacer frente a las mentiras sobre las comunidades transg\u00e9nero y \u00abrechazar los ecos de los mensajes anti-LGBTQ+ de Trump.\u00bb<\/p>\n<p>&nbsp;<\/p>\n<p>Al presentar la conferencia, Milo M\u00e1rquez, director del Consejo de Acci\u00f3n Latina llam\u00f3 a Miller y a \u00e9l America First Legal Foundation \u00abmalos actores\u00bb, y advirti\u00f3 que \u00ablos latinos son cada vez m\u00e1s blanco de la desinformaci\u00f3n de los votantes como esta.\u00bb<\/p>\n<p>&nbsp;<\/p>\n<p>\u00abEsta continua desinformaci\u00f3n y desinformaci\u00f3n dirigida a nuestras comunidades latinas e hispanohablantes es reprobable\u00bb, dijo M\u00e1rquez. \u00abEstos grupos est\u00e1n creando p\u00e1nico en nuestras comunidades para desanimar a los latinos [de votar] en las elecciones de medio t\u00e9rmino\u00bb.<\/p>\n<p>&nbsp;<\/p>\n<p>Elena Mart\u00ednez-Vivot, dem\u00f3crata inscrita desde hace tiempo y directora de organizaci\u00f3n de los Dem\u00f3cratas de Colorado, que recibi\u00f3 uno de los folletos, dijo: \u00abNormalmente me identifico como dem\u00f3crata con una fuerte inclinaci\u00f3n, as\u00ed que no recibo ese tipo de correos\u00bb.<\/p>\n<p>&nbsp;<\/p>\n<p>Mart\u00ednez-Vivot sospecha que The America First Legal Foundation \u00abse limit\u00f3 a tirar de cualquier apellido que sonara a hispano\u00bb al enviar sus volantes.<\/p>\n<p>&nbsp;<\/p>\n<blockquote><p>\u00abEsta continua desinformaci\u00f3n y desinformaci\u00f3n dirigida a nuestras comunidades latinas e hispanohablantes es reprobable\u00bb.<br \/>\nMilo Marquez, Consejo de Acci\u00f3n Latino<\/p>\n<p>&nbsp;<\/p><\/blockquote>\n<p>Chris Davis, del Fondo de Acci\u00f3n de la Coalici\u00f3n por los Derechos de los Inmigrantes de Colorado (CIRC), una organizaci\u00f3n de defensa de los derechos de los inmigrantes, a\u00f1adi\u00f3: \u00abRutinariamente, las organizaciones de supremac\u00eda blanca como la America First Legal Foundation, se dirigen a las comunidades de habla hispana durante la temporada electoral con el \u00fanico prop\u00f3sito de difundir informaci\u00f3n err\u00f3nea\u00bb.<\/p>\n<p>&nbsp;<\/p>\n<p>Davis dijo que \u00abcomo individuo que se identifica como ellos\/ellas\u00bb, ve esta campa\u00f1a como un ataque directo a la comunidad LGBTQ+. \u00abDepende de nosotros, en esta sala, oponernos a ello\u00bb.<\/p>\n<p>&nbsp;<\/p>\n<p>Ruby L\u00f3pez, QTPOC Coordinadora de Programaci\u00f3n y Acceso al Espa\u00f1ol para Out Boulder Colorado-una organizaci\u00f3n de defensa LGBTQ+-dijo que esta campa\u00f1a la afecta personalmente como persona trans chicana. \u00abComo alguien que ya no tiene contacto con mi familia&#8230; por varias razones&#8230; Cuando vi esto, me estremeci\u00f3\u00bb, dijo. \u00abYa s\u00e9 que la comunidad latina es susceptible a cierta ret\u00f3rica anti-LGBT\u00bb.<\/p>\n<p>&nbsp;<\/p>\n<p>M\u00e1s all\u00e1 de c\u00f3mo esta campa\u00f1a puede afectar al resultado de las pr\u00f3ximas elecciones de mitad de mandato, L\u00f3pez dice estar especialmente preocupada por c\u00f3mo esto afectar\u00e1 a los j\u00f3venes trans de la comunidad latina. \u00abLos chicos trans se suicidar\u00e1n a un ritmo mucho mayor que otros chicos\u00bb, dijo. \u00abSer\u00e1n v\u00edctimas de enfermedades mentales y del abuso de sustancias a un ritmo m\u00e1s alto que la mayor\u00eda de los otros ni\u00f1os\u00bb.<\/p>\n<p>&nbsp;<\/p>\n<p>A L\u00f3pez le preocupa que la desinformaci\u00f3n de este tipo cree o empeore los entornos hostiles para los j\u00f3venes trans latinos, tanto en casa como en sus comunidades. \u00abNo podemos tolerar esto\u00bb, dijo. \u00abNo podemos dejar que nuestra gente sucumba a esta ret\u00f3rica\u00bb.<\/p>\n<p>&nbsp;<\/p>\n<p>Durante su declaraci\u00f3n, Suniga, la presidenta de la Coalici\u00f3n Latina del Condado de Weld, pidi\u00f3 a las emisoras de radio que est\u00e1n emitiendo estos anuncios pol\u00edticos enga\u00f1osos que piensen en las repercusiones negativas. Reconoci\u00f3 que las estaciones de radio necesitan los fondos generados por la venta de tiempo publicitario; sin embargo, dijo, \u00abpor favor no lo hagan a costa de los latinos\u00bb.<\/p>\n<p>&nbsp;<\/p>\n<p>El Dr. Luis Torres, que recibi\u00f3 uno de estos correos, describi\u00f3 su reacci\u00f3n como de sorpresa y preocupaci\u00f3n. El Dr. Torres es el ex vicerrector de Asuntos Acad\u00e9micos y Estudiantiles de la Universidad Estatal Metropolitana de Denver y ex director del programa de estudios chicanos. Dijo que esta campa\u00f1a de odio le recuerda a campa\u00f1as similares dirigidas a las comunidades latinas que ha visto en el pasado y que, seg\u00fan \u00e9l, han sido eficaces.<\/p>\n<p>&nbsp;<\/p>\n<p>En t\u00e9rminos de contraatacar esta campa\u00f1a de desinformaci\u00f3n, Milo M\u00e1rquez dijo: \u00abComo comunidad, estamos trabajando juntos para asegurarnos de que entendemos esta desinformaci\u00f3n y tratamos de combatir esa narrativa\u00bb. Sin embargo, al enfrentarse a una organizaci\u00f3n tan grande y bien equipada, \u00abtenemos mucho trabajo que hacer\u00bb.<\/p>\n<p>&nbsp;<\/p>\n<p>&nbsp;<\/p>\n<p>Benjamin Neufeld es un Reportera Independiente de The Weekly Issue\/El Semanario. Traducido por Juan Carlos Uribe-The Weekly Issue\/El Semanario.<\/p>\n<p>&nbsp;<\/p>\n<p>&nbsp;<\/p>\n<p><strong>Lea Mas Noticias de Portada en: <\/strong><a href=\"http:\/\/WWW.ELSEMANARIO.US\"><strong>ELSEMANARIO.US<\/strong><\/a><\/p>\n<p>&nbsp;<\/p>\n","protected":false},"excerpt":{"rendered":"<p>&nbsp; Por Benjamin Neufeld &nbsp; Los residentes latinos de Colorado, Nuevo M\u00e9xico, Arizona y Texas han sido objeto de una reciente campa\u00f1a de desinformaci\u00f3n con ret\u00f3rica antitrans en un intento&#8230;<\/p>\n","protected":false},"author":403,"featured_media":19343,"comment_status":"open","ping_status":"open","sticky":false,"template":"","format":"standard","meta":{"give_campaign_id":0,"_jetpack_memberships_contains_paid_content":false,"footnotes":""},"categories":[74],"tags":[],"class_list":["post-19344","post","type-post","status-publish","format-standard","has-post-thumbnail","hentry","category-noticia-de-portada"],"jetpack_featured_media_url":"https:\/\/i0.wp.com\/www.elsemanarioonline.com\/wp-content\/uploads\/2022\/11\/Cover-E-Misinformation-Spanish-Flyer-1pic-by-Benjamin-Neufeld-EL-Semanario-Milo-Marquez-copy-e1667534665952.jpg?fit=864%2C1296&ssl=1","jetpack-related-posts":[],"jetpack_sharing_enabled":true,"_links":{"self":[{"href":"https:\/\/www.elsemanarioonline.com\/es\/wp-json\/wp\/v2\/posts\/19344","targetHints":{"allow":["GET"]}}],"collection":[{"href":"https:\/\/www.elsemanarioonline.com\/es\/wp-json\/wp\/v2\/posts"}],"about":[{"href":"https:\/\/www.elsemanarioonline.com\/es\/wp-json\/wp\/v2\/types\/post"}],"author":[{"embeddable":true,"href":"https:\/\/www.elsemanarioonline.com\/es\/wp-json\/wp\/v2\/users\/403"}],"replies":[{"embeddable":true,"href":"https:\/\/www.elsemanarioonline.com\/es\/wp-json\/wp\/v2\/comments?post=19344"}],"version-history":[{"count":0,"href":"https:\/\/www.elsemanarioonline.com\/es\/wp-json\/wp\/v2\/posts\/19344\/revisions"}],"wp:featuredmedia":[{"embeddable":true,"href":"https:\/\/www.elsemanarioonline.com\/es\/wp-json\/wp\/v2\/media\/19343"}],"wp:attachment":[{"href":"https:\/\/www.elsemanarioonline.com\/es\/wp-json\/wp\/v2\/media?parent=19344"}],"wp:term":[{"taxonomy":"category","embeddable":true,"href":"https:\/\/www.elsemanarioonline.com\/es\/wp-json\/wp\/v2\/categories?post=19344"},{"taxonomy":"post_tag","embeddable":true,"href":"https:\/\/www.elsemanarioonline.com\/es\/wp-json\/wp\/v2\/tags?post=19344"}],"curies":[{"name":"wp","href":"https:\/\/api.w.org\/{rel}","templated":true}]}}