{"id":19006,"date":"2022-10-03T13:46:53","date_gmt":"2022-10-03T13:46:53","guid":{"rendered":"https:\/\/www.elsemanarioonline.com\/?p=19006"},"modified":"2022-10-03T13:48:03","modified_gmt":"2022-10-03T13:48:03","slug":"el-semanario-respalda-a-yolanda-ortega-para-regente-de-cu-distrito-8","status":"publish","type":"post","link":"https:\/\/www.elsemanarioonline.com\/es\/el-semanario-respalda-a-yolanda-ortega-para-regente-de-cu-distrito-8\/","title":{"rendered":"El Semanario respalda a Yolanda Ortega para Regente de CU, Distrito 8"},"content":{"rendered":"<p><!-- VideographyWP Plugin Message: Automatic video embedding prevented by plugin options. --><br \/>\n&nbsp;<\/p>\n<figure id=\"attachment_18942\" aria-describedby=\"caption-attachment-18942\" style=\"width: 285px\" class=\"wp-caption alignleft\"><img data-recalc-dims=\"1\" fetchpriority=\"high\" decoding=\"async\" class=\"size-medium wp-image-18942\" src=\"https:\/\/i0.wp.com\/www.elsemanarioonline.com\/wp-content\/uploads\/2022\/09\/2-Commentary-E-El-Semanario-Endorsement-Yolanda-Ortega-1pic-by-Ortega-Campaign.jpg?resize=285%2C300&#038;ssl=1\" alt=\"\" width=\"285\" height=\"300\" srcset=\"https:\/\/i0.wp.com\/www.elsemanarioonline.com\/wp-content\/uploads\/2022\/09\/2-Commentary-E-El-Semanario-Endorsement-Yolanda-Ortega-1pic-by-Ortega-Campaign-e1664490416750.jpg?resize=285%2C300&amp;ssl=1 285w, https:\/\/i0.wp.com\/www.elsemanarioonline.com\/wp-content\/uploads\/2022\/09\/2-Commentary-E-El-Semanario-Endorsement-Yolanda-Ortega-1pic-by-Ortega-Campaign-e1664490416750.jpg?resize=143%2C150&amp;ssl=1 143w, https:\/\/i0.wp.com\/www.elsemanarioonline.com\/wp-content\/uploads\/2022\/09\/2-Commentary-E-El-Semanario-Endorsement-Yolanda-Ortega-1pic-by-Ortega-Campaign-e1664490416750.jpg?resize=600%2C631&amp;ssl=1 600w, https:\/\/i0.wp.com\/www.elsemanarioonline.com\/wp-content\/uploads\/2022\/09\/2-Commentary-E-El-Semanario-Endorsement-Yolanda-Ortega-1pic-by-Ortega-Campaign-e1664490416750.jpg?w=917&amp;ssl=1 917w\" sizes=\"(max-width: 285px) 100vw, 285px\" \/><figcaption id=\"caption-attachment-18942\" class=\"wp-caption-text\">Photo: Ortega4CURegent<br \/>Yolanda Ortega<\/figcaption><\/figure>\n<p>El Semanario anuncia su apoyo a Yolanda Ortega, candidata a Regente de la Universidad de Colorado (CU) para el nuevo Distrito 8 del Congreso, que abarca los condados de Adams, Weld y parte de Larimer. Sus 50 a\u00f1os de experiencia en la educaci\u00f3n superior, concretamente en la Universidad Estatal Metropolitana de Denver (MSU Denver), as\u00ed como su activismo y su car\u00e1cter c\u00edvico responsable, la convierten en la principal candidata para ocupar este puesto. Yolanda comenz\u00f3 su carrera en la educaci\u00f3n superior como secretaria en el Departamento de Estudios Chicanos y de Chicana en MSU Denver, seguida de una promoci\u00f3n a varios puestos administrativos, que incluy\u00f3 su nombramiento como Vicepresidenta de Servicios Estudiantiles, cargo que ocup\u00f3 hasta su jubilaci\u00f3n. Se fue con el t\u00edtulo de administradora em\u00e9rita, un estatus de respeto y admiraci\u00f3n.<\/p>\n<p>&nbsp;<\/p>\n<p>Uno de los principales papeles que Yolanda desempe\u00f1\u00f3 en MSU Denver fue el de defensora de los estudiantes de color, comenzando en una \u00e9poca en la que hab\u00eda muy pocos profesores y administradores en los campus universitarios de todo el estado, y mucho menos defensores. Como chicana de primera generaci\u00f3n, aport\u00f3 sus experiencias vitales a una instituci\u00f3n sedienta de diversidad, tras una intensa lucha durante la \u00e9poca del aburguesamiento y el desarrollo del complejo de educaci\u00f3n superior Auraria. Sus incansables esfuerzos durante 50 a\u00f1os, fueron una fuerza instrumental para allanar el camino de los latinos que hab\u00edan perdido la confianza en el gobierno durante la batalla por la construcci\u00f3n del triplex institucional, perdiendo la confianza y sufriendo un esp\u00edritu colectivo herido. Ella estableci\u00f3 una relaci\u00f3n entre las comunidades circundantes y esta universidad, que ahora es una Instituci\u00f3n de Servicio Hispano (HSI), con un 35% de poblaci\u00f3n estudiantil latina. Como ella misma declar\u00f3, \u00ab\u00a1entiendo lo importante que es crear comunidad, apreciar los sacrificios que hace tu familia y el deseo de realizar tu sue\u00f1o! S\u00e9 lo que es ser la &#8216;\u00fanica&#8217; o la &#8216;primera'\u00bb.<\/p>\n<p>&nbsp;<\/p>\n<p>Su plataforma incluye la dedicaci\u00f3n y la defensa continuas de las latinas y los latinos que a menudo sue\u00f1an con ir a la universidad, pero cuyas aspiraciones se ven a menudo truncadas por una serie de problemas econ\u00f3micos, sociales y pol\u00edticos.<\/p>\n<p>&nbsp;<\/p>\n<p>Yolanda se da cuenta de que los estudiantes latinos a menudo est\u00e1n en desventaja con respecto a ganar suficiente dinero para asistir a la universidad.<\/p>\n<p>&nbsp;<\/p>\n<p>Yolanda considera que su papel es abogar \u00abpor becas dotadas, asistencia en la b\u00fasqueda de becas y ayudas y apoyo\u00bb.\u00a0 Ha dedicado su vida al servicio de los dem\u00e1s. Su visi\u00f3n incluye \u00abel fortalecimiento de las asociaciones comunitarias en la CU para ayudar a los estudiantes, con pol\u00edticas concomitantes que incluyen pasant\u00edas, becas y una ventaja en las carreras de su elecci\u00f3n\u00bb.<\/p>\n<p>&nbsp;<\/p>\n<p>Parte de la experiencia de Yolanda incluye d\u00e9cadas como actriz y cantante en El Centro Su Teatro, representando mitos que cuentan las historias de lucha, racismo, marginaci\u00f3n, discriminaci\u00f3n, aburguesamiento y otros males que han restado poder a las comunidades latinas. Utiliza sus habilidades teatrales como medio de ense\u00f1anza, despertando la conciencia de una comunidad cuyas aspiraciones educativas siguen enfrent\u00e1ndose a un sinf\u00edn de retos. Tambi\u00e9n considera que el teatro chicano es una fuerza curativa, ya que los complejos problemas de la vida real se representan en el escenario, ofreciendo catarsis a muchos de los miembros del p\u00fablico.<\/p>\n<p>&nbsp;<\/p>\n<p>Su experiencia en la universidad est\u00e1 llena de historias de profesores y personal de color que luchan por los ascensos y la titularidad, muchas veces sin resoluciones positivas. El desarrollo de v\u00edas para atraer y contratar a \u00abprofesores y personal profesional latinox con talento y cualificado\u00bb est\u00e1 en su punto de mira. Est\u00e1 comprometida con el desarrollo, el apoyo y la mejora de las pol\u00edticas que incluyen la diversidad, la inclusi\u00f3n y la equidad y su institucionalizaci\u00f3n en la estructura de la Universidad de Colorado en Boulder.<\/p>\n<p>&nbsp;<\/p>\n<p>Conozca m\u00e1s sobre Yolanda Ortega <a href=\"http:\/\/ortega4curegent.com\/\">aqu\u00ed.<\/a><\/p>\n","protected":false},"excerpt":{"rendered":"<p>&nbsp; El Semanario anuncia su apoyo a Yolanda Ortega, candidata a Regente de la Universidad de Colorado (CU) para el nuevo Distrito 8 del Congreso, que abarca los condados de&#8230;<\/p>\n","protected":false},"author":403,"featured_media":0,"comment_status":"open","ping_status":"open","sticky":false,"template":"","format":"standard","meta":{"give_campaign_id":0,"_jetpack_memberships_contains_paid_content":false,"footnotes":""},"categories":[72],"tags":[],"class_list":["post-19006","post","type-post","status-publish","format-standard","hentry","category-comentario"],"jetpack_featured_media_url":"","jetpack-related-posts":[],"jetpack_sharing_enabled":true,"_links":{"self":[{"href":"https:\/\/www.elsemanarioonline.com\/es\/wp-json\/wp\/v2\/posts\/19006","targetHints":{"allow":["GET"]}}],"collection":[{"href":"https:\/\/www.elsemanarioonline.com\/es\/wp-json\/wp\/v2\/posts"}],"about":[{"href":"https:\/\/www.elsemanarioonline.com\/es\/wp-json\/wp\/v2\/types\/post"}],"author":[{"embeddable":true,"href":"https:\/\/www.elsemanarioonline.com\/es\/wp-json\/wp\/v2\/users\/403"}],"replies":[{"embeddable":true,"href":"https:\/\/www.elsemanarioonline.com\/es\/wp-json\/wp\/v2\/comments?post=19006"}],"version-history":[{"count":0,"href":"https:\/\/www.elsemanarioonline.com\/es\/wp-json\/wp\/v2\/posts\/19006\/revisions"}],"wp:attachment":[{"href":"https:\/\/www.elsemanarioonline.com\/es\/wp-json\/wp\/v2\/media?parent=19006"}],"wp:term":[{"taxonomy":"category","embeddable":true,"href":"https:\/\/www.elsemanarioonline.com\/es\/wp-json\/wp\/v2\/categories?post=19006"},{"taxonomy":"post_tag","embeddable":true,"href":"https:\/\/www.elsemanarioonline.com\/es\/wp-json\/wp\/v2\/tags?post=19006"}],"curies":[{"name":"wp","href":"https:\/\/api.w.org\/{rel}","templated":true}]}}