{"id":18993,"date":"2022-09-30T02:49:03","date_gmt":"2022-09-30T02:49:03","guid":{"rendered":"https:\/\/www.elsemanarioonline.com\/?p=18993"},"modified":"2022-09-30T02:49:03","modified_gmt":"2022-09-30T02:49:03","slug":"epa-y-estado-de-colorado-solicitan-los-aportes-de-la-comunidad-sobre-el-plan","status":"publish","type":"post","link":"https:\/\/www.elsemanarioonline.com\/es\/epa-y-estado-de-colorado-solicitan-los-aportes-de-la-comunidad-sobre-el-plan\/","title":{"rendered":"EPA y Estado de Colorado Solicitan los Aportes de la Comunidad Sobre el Plan"},"content":{"rendered":"<p><!-- VideographyWP Plugin Message: Automatic video embedding prevented by plugin options. --><br \/>\n&nbsp;<\/p>\n<p>La Agencia de Protecci\u00f3n Ambiental de Estados Unidos y el Departamento de Salud P\u00fablica y Medio Ambiente de Colorado desean recibir los comentarios del p\u00fablico sobre <a href=\"https:\/\/urldefense.proofpoint.com\/v2\/url?u=https-3A__drive.google.com_file_d_19WxCpvyIcNAaSZXeSOltjfa2eNOJOMDg_view-3Fusp-3Dsharing5B4yxvFmMwLitX6H-3Fusp-3Dsharing&amp;d=DwMFaQ&amp;c=sdnEM9SRGFuMt5z5w3AhsPNahmNicq64TgF1JwNR0cs&amp;r=PnKX2o6V5rT28C01uT2jQaey7O9MlRgTjftfZ9p6mrI&amp;m=3b0r-OvDg9Z4QxqQ-j9IgefK0c946MrGYTmIJgdy5mj3jSBcVXxHrGqW_EOSVo35&amp;s=p6yjgUZLIJ5Ek69EqxPHPPDTVdxw7QQ0gRt4GqoRvh8&amp;e=\">el plan de trabajo<\/a> propuesto para la implementaci\u00f3n del <a href=\"https:\/\/urldefense.proofpoint.com\/v2\/url?u=https-3A__drive.google.com_file_d_12DKoFkF9K0bwEoOU7DWlsQXUKlqoNuXa_view&amp;d=DwMFaQ&amp;c=sdnEM9SRGFuMt5z5w3AhsPNahmNicq64TgF1JwNR0cs&amp;r=PnKX2o6V5rT28C01uT2jQaey7O9MlRgTjftfZ9p6mrI&amp;m=3b0r-OvDg9Z4QxqQ-j9IgefK0c946MrGYTmIJgdy5mj3jSBcVXxHrGqW_EOSVo35&amp;s=g36N576oBnq2JEAMS67TWxDavvD-lkI9v6hSjBIpDT8&amp;e=\">memorando de entendimiento<\/a> que firmaron el 8 de marzo de 2022, cuyo prop\u00f3sito es fomentar la justicia ambiental al garantizar la ejecuci\u00f3n y el cumplimiento de las normas. Esta alianza expresa el compromiso que ambas agencias comparten de colaborar para obtener la participaci\u00f3n y servir a las comunidades que se ven afectadas de manera desproporcionada por la contaminaci\u00f3n y las comunidades que hist\u00f3ricamente han sido marginadas, sobrecargadas y desatendidas. Para impulsar esta labor, las agencias piden a los integrantes de la comunidad que lean y expresen sus opiniones sobre el plan de trabajo que servir\u00e1 de gu\u00eda a las agencias y garantizar\u00e1 que se respeten los compromisos que se describen en el acuerdo.<\/p>\n<p>&nbsp;<\/p>\n<blockquote><p>\u201cEste plan de trabajo proporcionar\u00e1 a nuestras agencias la infraestructura necesaria para reducir considerablemente la cuota desproporcionada de contaminaci\u00f3n que experimentan las comunidades de Colorado\u201d.<br \/>\nTrisha Oeth, CDPHE<\/p>\n<p>&nbsp;<\/p><\/blockquote>\n<p>Ambas agencias solicitaron los aportes de la comunidad antes de redactar el plan de trabajo y los usaron para identificar las medidas que contribuir\u00e1n a mejorar la relaci\u00f3n de trabajo que existe, tanto entre ellas como con las comunidades, con el fin de identificar y hacer frente a los problemas medioambientales. El plan de trabajo propuesto se concentra en los siguientes aspectos:<\/p>\n<p>&nbsp;<\/p>\n<p>-Focalizaci\u00f3n estrat\u00e9gica de las inspecciones en las comunidades afectadas de manera desproporcionada<\/p>\n<p>&nbsp;<\/p>\n<p>-Colaboraci\u00f3n para la aplicaci\u00f3n de las medidas que garantizan la ejecuci\u00f3n y cumplimiento para reducir las cargas de la contaminaci\u00f3n<\/p>\n<p>&nbsp;<\/p>\n<p>-Creaci\u00f3n de oportunidades equitativas para que las comunidades de Colorado\u00a0 participen con nosotros y aprendan sobre los temas relacionados con la ejecuci\u00f3n y el cumplimiento<\/p>\n<p>&nbsp;<\/p>\n<p>La EPA y el CDPHE han finalizado la versi\u00f3n inicial del plan y desean volver a recibir los comentarios del p\u00fablico.<\/p>\n<p>&nbsp;<\/p>\n<p>\u201cEste plan de trabajo proporcionar\u00e1 a nuestras agencias la infraestructura necesaria para reducir considerablemente la cuota desproporcionada de contaminaci\u00f3n que experimentan las comunidades de Colorado\u201d, manifest\u00f3 Trisha Oeth, directora de Salud Ambiental y Protecci\u00f3n del CDPHE. \u201cEs un paso crucial en la direcci\u00f3n adecuada, y queremos saber qu\u00e9 piensan los habitantes de Colorado para garantizar que el plan de trabajo sea representativo de las comunidades que m\u00e1s se ven afectadas por la contaminaci\u00f3n\u201d.<\/p>\n<p>&nbsp;<\/p>\n<p>\u201cEs fundamental que recibamos los aportes del p\u00fablico para que nuestros esfuerzos de mejorar la salud, el medio ambiente y la calidad de vida de las comunidades que experimentan una carga excesiva, en las que los efectos de la contaminaci\u00f3n con frecuencia son los m\u00e1s pesados, tengan \u00e9xito\u201d, dijo KC Becker, administradora regional de la EPA<strong>.<\/strong>\u00a0\u201cAnimo a todas las personas que vivan y trabajen en comunidades que se ven afectadas a que lean el plan de trabajo y env\u00eden sus comentarios para ayudarnos a obtener resultados a medida que seguimos adelante bajo el amparo de este acuerdo conjunto\u201d.<\/p>\n<p>&nbsp;<\/p>\n<p>La participaci\u00f3n de las comunidades afectadas de manera desproporcionada es una prioridad, tanto para la EPA como el CDPHE. Ambas agencias dan la bienvenida a los aportes del p\u00fablico y desean asegurarse de que las actividades para garantizar la ejecuci\u00f3n y el cumplimiento motiven a la participaci\u00f3n comunitaria y beneficien a las personas que m\u00e1s sufren los perjuicios de la contaminaci\u00f3n ambiental. Env\u00ede un mensaje por correo electr\u00f3nico con sus sugerencias sobre el plan de trabajo propuesto a <a href=\"mailto:cdphe_ej@state.co.us\">cdphe_ej@state.co.us<\/a>. Si lo prefiere, conteste las preguntas de <a href=\"https:\/\/urldefense.proofpoint.com\/v2\/url?u=https-3A__docs.google.com_forms_d_e_1FAIpQLSfLKs7zEajjJ7DCduyxIzafRlEqKEmnMjVepTqlJlCgcKKG2w_viewform&amp;d=DwMFaQ&amp;c=sdnEM9SRGFuMt5z5w3AhsPNahmNicq64TgF1JwNR0cs&amp;r=PnKX2o6V5rT28C01uT2jQaey7O9MlRgTjftfZ9p6mrI&amp;m=3b0r-OvDg9Z4QxqQ-j9IgefK0c946MrGYTmIJgdy5mj3jSBcVXxHrGqW_EOSVo35&amp;s=Uynnp0i1zikPYwlHWerO4dDg-6JCJWDWKBTRsmdqbgE&amp;e=\">esta encuesta<\/a> sobre el plan de trabajo. Se recibir\u00e1n los comentarios del p\u00fablico sobre el plan de trabajo propuesto hasta el 22 de noviembre de 2022.<\/p>\n<p>&nbsp;<\/p>\n<p><strong>Para Noticias de Colorado: <\/strong><a href=\"http:\/\/WWW.ELSEMANARIO.US\"><strong>ELSEMANARIO.US<\/strong><\/a><\/p>\n<p>&nbsp;<\/p>\n","protected":false},"excerpt":{"rendered":"<p>&nbsp; La Agencia de Protecci\u00f3n Ambiental de Estados Unidos y el Departamento de Salud P\u00fablica y Medio Ambiente de Colorado desean recibir los comentarios del p\u00fablico sobre el plan de&#8230;<\/p>\n","protected":false},"author":403,"featured_media":18994,"comment_status":"open","ping_status":"open","sticky":false,"template":"","format":"standard","meta":{"give_campaign_id":0,"_jetpack_memberships_contains_paid_content":false,"footnotes":""},"categories":[71],"tags":[],"class_list":["post-18993","post","type-post","status-publish","format-standard","has-post-thumbnail","hentry","category-estado"],"jetpack_featured_media_url":"https:\/\/i0.wp.com\/www.elsemanarioonline.com\/wp-content\/uploads\/2022\/09\/CO-2-State-S-Colo-EPA-CDPHE-1pic.jpg?fit=576%2C381&ssl=1","jetpack-related-posts":[],"jetpack_sharing_enabled":true,"_links":{"self":[{"href":"https:\/\/www.elsemanarioonline.com\/es\/wp-json\/wp\/v2\/posts\/18993","targetHints":{"allow":["GET"]}}],"collection":[{"href":"https:\/\/www.elsemanarioonline.com\/es\/wp-json\/wp\/v2\/posts"}],"about":[{"href":"https:\/\/www.elsemanarioonline.com\/es\/wp-json\/wp\/v2\/types\/post"}],"author":[{"embeddable":true,"href":"https:\/\/www.elsemanarioonline.com\/es\/wp-json\/wp\/v2\/users\/403"}],"replies":[{"embeddable":true,"href":"https:\/\/www.elsemanarioonline.com\/es\/wp-json\/wp\/v2\/comments?post=18993"}],"version-history":[{"count":0,"href":"https:\/\/www.elsemanarioonline.com\/es\/wp-json\/wp\/v2\/posts\/18993\/revisions"}],"wp:featuredmedia":[{"embeddable":true,"href":"https:\/\/www.elsemanarioonline.com\/es\/wp-json\/wp\/v2\/media\/18994"}],"wp:attachment":[{"href":"https:\/\/www.elsemanarioonline.com\/es\/wp-json\/wp\/v2\/media?parent=18993"}],"wp:term":[{"taxonomy":"category","embeddable":true,"href":"https:\/\/www.elsemanarioonline.com\/es\/wp-json\/wp\/v2\/categories?post=18993"},{"taxonomy":"post_tag","embeddable":true,"href":"https:\/\/www.elsemanarioonline.com\/es\/wp-json\/wp\/v2\/tags?post=18993"}],"curies":[{"name":"wp","href":"https:\/\/api.w.org\/{rel}","templated":true}]}}