{"id":18172,"date":"2022-07-13T23:15:13","date_gmt":"2022-07-13T23:15:13","guid":{"rendered":"https:\/\/www.elsemanarioonline.com\/?p=18172"},"modified":"2022-07-13T23:17:10","modified_gmt":"2022-07-13T23:17:10","slug":"lujan-and-gallego-bill-to-boost-teacher-retention-endorsed-by-the-congressional-hispanic-caucus","status":"publish","type":"post","link":"https:\/\/www.elsemanarioonline.com\/es\/lujan-and-gallego-bill-to-boost-teacher-retention-endorsed-by-the-congressional-hispanic-caucus\/","title":{"rendered":"Luj\u00e1n and Gallego Bill to Boost Teacher Retention Endorsed by the Congressional Hispanic Caucus"},"content":{"rendered":"<p><!-- VideographyWP Plugin Message: Automatic video embedding prevented by plugin options. --><br \/>\nEl senador Ben Ray Luj\u00e1n (dem\u00f3crata de Nuevo M\u00e9xico) se enorgullece de anunciar el respaldo del Grupo Hispano del Congreso a la Ley de Maestros que Lideran, Educan, Avanzan y Dise\u00f1an (Teachers LEAD) de 2022. El proyecto de ley, presentado conjuntamente por el Senador Luj\u00e1n en el Senado y el Representante de los Estados Unidos Rub\u00e9n Gallego (D-Ariz.) en la C\u00e1mara de Representantes, establecer\u00eda un programa de subvenci\u00f3n competitivo a trav\u00e9s del Departamento de Educaci\u00f3n que proporcionar\u00eda liderazgo profesional y oportunidades de desarrollo para los educadores.<\/p>\n<p>\u00a0<\/p>\n<p>Foto: Oficina del Representante de los Estados Unidos Ruben Gallego<\/p>\n<p>\u00abEstoy orgulloso de haber liderado esta legislaci\u00f3n, que es una inversi\u00f3n audaz en nuestros maestros y nuestros estudiantes\u00bb, dijo Luj\u00e1n. \u00abLa Ley Teachers LEAD trabajar\u00e1 para empoderar a los maestros de Nuevo M\u00e9xico proporcionando fondos para que los distritos implementen nuevos modelos y proporcionen m\u00e1s compensaci\u00f3n a los maestros que permanecen en el aula mientras asumen roles de liderazgo adicionales. Al proporcionar los recursos y las oportunidades que los maestros necesitan para liderar en sus escuelas y comunidades, estamos honrando el trabajo cr\u00edtico que los maestros de Nuevo M\u00e9xico hacen todos los d\u00edas. Me complace contar con el apoyo del Caucus Hispano del Congreso, ya que este proyecto de ley elevar\u00e1 a los maestros l\u00edderes en las comunidades hispanas, latinas y nativas, e incentivar\u00e1 las asociaciones de los distritos con las Instituciones de Servicio a los Hispanos y otras Instituciones de Servicio a las Minor\u00edas en todo Nuevo M\u00e9xico y el pa\u00eds.\u00bb<\/p>\n<p>\u00a0<\/p>\n<p>\u00abEducar a los futuros l\u00edderes de Arizona significa tener maestros de alta calidad en nuestro estado\u00bb, dijo Gallego. \u00abLa Ley Teachers LEAD asegurar\u00e1 que todos los maestros -especialmente los de nuestras comunidades negras, latinas e ind\u00edgenas hist\u00f3ricamente desatendidas- tengan los recursos que necesitan para desarrollar sus carreras, servir mejor a sus estudiantes y evitar que se quemen. En Arizona, hemos visto una verdadera crisis de retenci\u00f3n de maestros, especialmente entre los educadores de color. Podemos y debemos hacer m\u00e1s para abordar esto, y me alegro de tener el respaldo del Caucus Hispano del Congreso en nuestros esfuerzos para construir un mejor sistema educativo para las comunidades en todas partes.\u00bb<\/p>\n<p>\u00a0<\/p>\n<p>\u00abEl Caucus Hispano del Congreso (CHC) se enorgullece de respaldar la Ley de Maestros que Lideran, Educan, Avanzan y Dise\u00f1an (LEAD) de 2022\u00bb, dijo el representante Ra\u00fal Ruiz, presidente del Caucus Hispano del Congreso. \u00abSeg\u00fan una encuesta de la Asociaci\u00f3n Nacional de Educaci\u00f3n de 2022, el 59% de los educadores hispanos o latinos dijeron que era m\u00e1s probable que se jubilaran anticipadamente o que dejaran la profesi\u00f3n. Debemos mejorar la retenci\u00f3n de los maestros y prevenir el agotamiento de los mismos, empoderando a los maestros. Ellos son los que mejor saben c\u00f3mo liderar, apoyarse mutuamente, colaborar e implementar estrategias para abordar las necesidades \u00fanicas de sus escuelas. Agradezco al representante Rub\u00e9n Gallego y al senador Ben Ray Luj\u00e1n por su liderazgo en este proyecto de ley para establecer un programa de subvenciones competitivas a trav\u00e9s del Departamento de Educaci\u00f3n para proporcionar este apoyo localizado para nuestros educadores y estudiantes.\u00bb<\/p>\n<p>\u00a0<\/p>\n<p>\u00abLa Ley Teachers LEAD garantizar\u00e1 que todos los maestros -especialmente los de nuestras comunidades negras, latinas e ind\u00edgenas hist\u00f3ricamente desatendidas- tengan los recursos que necesitan para desarrollar sus carreras, servir mejor a sus estudiantes y evitar que se quemen.\u00bb<br \/>\nRepresentante de los Estados Unidos Rub\u00e9n Gallego<\/p>\n<p>\u00a0<\/p>\n<p>Para m\u00e1s informaci\u00f3n sobre la Ley Teachers LEAD, haga <a href=\"https:\/\/rubengallego.house.gov\/media-center\/press-releases\/gallego-senator-ben-ray-lujan-introduce-bill-address-teacher-retention\">clic aqu\u00ed.<\/a><\/p>\n<p>\u00a0<\/p>\n<p>Para el texto completo del proyecto de ley, haga <a href=\"https:\/\/rubengallego.house.gov\/sites\/evo-subsites\/rubengallego.house.gov\/files\/evo-media-document\/Teachers%20LEAD%20Act%20Text%20for%20Intro.pdf\">clic aqu\u00ed.<\/a><\/p>\n<p>\u00a0<\/p>\n<p>Para m\u00e1s noticias nacionales: ELSEMANARIO.US<\/p>\n","protected":false},"excerpt":{"rendered":"<p>El senador Ben Ray Luj\u00e1n (dem\u00f3crata de Nuevo M\u00e9xico) se enorgullece de anunciar el respaldo del Grupo Hispano del Congreso a la Ley de Maestros que Lideran, Educan, Avanzan y&#8230;<\/p>\n","protected":false},"author":403,"featured_media":18140,"comment_status":"open","ping_status":"open","sticky":false,"template":"","format":"standard","meta":{"give_campaign_id":0,"_jetpack_memberships_contains_paid_content":false,"footnotes":""},"categories":[81],"tags":[],"class_list":["post-18172","post","type-post","status-publish","format-standard","has-post-thumbnail","hentry","category-noticias-nacionales"],"jetpack_featured_media_url":"https:\/\/i0.wp.com\/www.elsemanarioonline.com\/wp-content\/uploads\/2022\/07\/1-Nat-News-E-Lujan-Gallego-Education-Bill-1pic-Senator-Lujan.jpg?fit=1014%2C1024&ssl=1","jetpack-related-posts":[],"jetpack_sharing_enabled":true,"_links":{"self":[{"href":"https:\/\/www.elsemanarioonline.com\/es\/wp-json\/wp\/v2\/posts\/18172","targetHints":{"allow":["GET"]}}],"collection":[{"href":"https:\/\/www.elsemanarioonline.com\/es\/wp-json\/wp\/v2\/posts"}],"about":[{"href":"https:\/\/www.elsemanarioonline.com\/es\/wp-json\/wp\/v2\/types\/post"}],"author":[{"embeddable":true,"href":"https:\/\/www.elsemanarioonline.com\/es\/wp-json\/wp\/v2\/users\/403"}],"replies":[{"embeddable":true,"href":"https:\/\/www.elsemanarioonline.com\/es\/wp-json\/wp\/v2\/comments?post=18172"}],"version-history":[{"count":0,"href":"https:\/\/www.elsemanarioonline.com\/es\/wp-json\/wp\/v2\/posts\/18172\/revisions"}],"wp:featuredmedia":[{"embeddable":true,"href":"https:\/\/www.elsemanarioonline.com\/es\/wp-json\/wp\/v2\/media\/18140"}],"wp:attachment":[{"href":"https:\/\/www.elsemanarioonline.com\/es\/wp-json\/wp\/v2\/media?parent=18172"}],"wp:term":[{"taxonomy":"category","embeddable":true,"href":"https:\/\/www.elsemanarioonline.com\/es\/wp-json\/wp\/v2\/categories?post=18172"},{"taxonomy":"post_tag","embeddable":true,"href":"https:\/\/www.elsemanarioonline.com\/es\/wp-json\/wp\/v2\/tags?post=18172"}],"curies":[{"name":"wp","href":"https:\/\/api.w.org\/{rel}","templated":true}]}}