{"id":18147,"date":"2022-07-08T02:42:02","date_gmt":"2022-07-08T02:42:02","guid":{"rendered":"https:\/\/www.elsemanarioonline.com\/?p=18147"},"modified":"2022-07-08T02:42:02","modified_gmt":"2022-07-08T02:42:02","slug":"la-exclusion-de-la-asequibilidad-amenaza-la-estabilidad-de-la-vivienda","status":"publish","type":"post","link":"https:\/\/www.elsemanarioonline.com\/es\/la-exclusion-de-la-asequibilidad-amenaza-la-estabilidad-de-la-vivienda\/","title":{"rendered":"La Exclusi\u00f3n de la Asequibilidad Amenaza la Estabilidad de la Vivienda"},"content":{"rendered":"<p><!-- VideographyWP Plugin Message: Automatic video embedding prevented by plugin options. --><br \/>\n\u00a0<\/p>\n<p><strong>Por Sara Wilson<\/strong><\/p>\n<p>\u00a0<\/p>\n<p>Los residentes de casas m\u00f3viles y los activistas est\u00e1n pidiendo una reuni\u00f3n con el gobernador de Colorado Jared Polis para cuestionar por qu\u00e9 trabaj\u00f3 para eliminar una medida de estabilizaci\u00f3n de alquiler en una ley recientemente firmada para las protecciones de los residentes de casas m\u00f3viles.<\/p>\n<p>\u00a0<\/p>\n<p>\u00abEsperamos que el gobernador Polis acepte reunirse con los residentes de los parques m\u00f3viles para ver nuestra humanidad completa, entender el riesgo de que perdamos nuestros hogares sin la estabilizaci\u00f3n del alquiler. No importa c\u00f3mo seamos, de d\u00f3nde vengamos o cu\u00e1nto haya en nuestras carteras, todos merecemos un lugar seguro y sostenible al que llamar hogar\u00bb, dijo Susan Gibson, la presidenta de la asociaci\u00f3n de propietarios de Table Mesa Village, en el condado de Boulder, a unas cuantas docenas de asistentes a la manifestaci\u00f3n en el Capitolio estatal el pasado jueves por la noche.<\/p>\n<p>\u00a0<\/p>\n<p>Gibson dijo que desde que un inversor inmobiliario compr\u00f3 el parque de casas m\u00f3viles en el que vive hace unos seis a\u00f1os, el alquiler mensual de su parcela casi se ha duplicado. Fue similar a los testimonios que muchos otros propietarios de casas m\u00f3viles compartieron en la manifestaci\u00f3n organizada por los grupos de defensa 9to5 Colorado y Together Colorado.<\/p>\n<p>\u00a0<\/p>\n<p>En Colorado hay unas 100.000 casas m\u00f3viles. Los residentes de casas m\u00f3viles se enfrentan a un desaf\u00edo \u00fanico, porque a menudo son propietarios de la estructura en la que viven, pero no del terreno en el que se encuentra.<\/p>\n<p>\u00a0<\/p>\n<p>Los organizadores y los asistentes el 30 de junio, dijo que quer\u00eda llamar a Polis para causar la eliminaci\u00f3n de lo que ellos ven como una disposici\u00f3n clave de asequibilidad en la legislaci\u00f3n que recientemente firm\u00f3 en la ley. Dijeron que la exclusi\u00f3n amenaza su estabilidad habitacional.<\/p>\n<p>\u00a0<\/p>\n<p>El proyecto de ley, House Bill 22-1287, originalmente inclu\u00eda disposiciones para ampliar el per\u00edodo de tiempo que los residentes tienen que comprar para la venta de parques de casas m\u00f3viles, ampliar las protecciones para los residentes cuando los parques se cierran, y los aumentos de alquiler de lote tope al 3% anual o la tasa local de inflaci\u00f3n, lo que sea mayor.<\/p>\n<p>\u00a0<\/p>\n<p>Sin embargo, el l\u00edmite de los alquileres se elimin\u00f3 del proyecto de ley cuando Polis amenaz\u00f3 con vetarlo si se manten\u00eda, seg\u00fan la Radio P\u00fablica de Colorado. Al parecer, su pensamiento era que la estabilizaci\u00f3n de los alquileres podr\u00eda conducir a un mayor cierre o abandono de esas comunidades de casas m\u00f3viles.<\/p>\n<p>\u00a0<\/p>\n<p>Polis firm\u00f3 la ley modificada en mayo. Entrar\u00e1 en vigor en octubre.<\/p>\n<p>\u00a0<\/p>\n<blockquote><p>\u00abEsperamos que el gobernador Polis acepte reunirse con los residentes de los parques m\u00f3viles para ver nuestra humanidad completa, entender el riesgo de que perdamos nuestros hogares sin la estabilizaci\u00f3n del alquiler\u201d.<br \/>\nSusan Gibson, Table Mesa Village<\/p>\n<p>\u00a0<\/p><\/blockquote>\n<p>Los asistentes a la manifestaci\u00f3n de la semana pasada, sin embargo, consideran que la combinaci\u00f3n de un alquiler cada vez m\u00e1s elevado, seg\u00fan los caprichos de los propietarios de las empresas, y el estancamiento de los salarios en una econom\u00eda dif\u00edcil, obliga a elegir entre el alquiler y otras necesidades, como los alimentos y las facturas de los servicios p\u00fablicos. Muchos de los oradores se\u00f1alaron que viven con ingresos bajos o fijos.<\/p>\n<p>\u00a0<\/p>\n<p>\u00abTal y como est\u00e1n las cosas, cada vez es m\u00e1s dif\u00edcil pagar el alquiler de mi lote y mis otros gastos como la comida, la gasolina, las medicinas y otras necesidades. Alguien de mi edad, que ha sido propietaria de su casa durante a\u00f1os, no deber\u00eda tener que preocuparse por quedarse sin hogar simplemente porque el alquiler del terreno bajo su casa siga subiendo\u00bb, dijo Gibson, leyendo una declaraci\u00f3n en nombre de su vecina Anne, que lleva 20 a\u00f1os viviendo en Table Mesa Village.<\/p>\n<p>\u00a0<\/p>\n<p>La estabilizaci\u00f3n de los alquileres fue la \u00fanica parte importante del proyecto de ley que se recort\u00f3, pero los activistas dijeron que era una protecci\u00f3n crucial que los residentes de casas m\u00f3viles merecen.<\/p>\n<p>\u00a0<\/p>\n<p>\u00abHay muchas disposiciones en el proyecto de ley sobre las protecciones para los residentes de parques m\u00f3viles que s\u00ed se aprobaron, pero cuando los inquilinos no est\u00e1n protegidos de los aumentos excesivos de los alquileres, esas otras protecciones pierden su significado\u00bb, dijo la reverenda Lydia Ferrante-Roseberry, de la Hermandad Unitaria Universalista del Valle de Boulder. \u00abLos aumentos de alquiler del 10, 20 y 30% obligan a la gente a elegir entre la comida o la atenci\u00f3n m\u00e9dica o el refugio, y aumentan la posibilidad de que la gente pierda su vivienda por completo\u00bb.<\/p>\n<p>\u00a0<\/p>\n<p>El jueves, los activistas pidieron a Polis que se reuniera con ellos y dieron a entender que iban a emprender una nueva campa\u00f1a para derogar la prohibici\u00f3n estatal del control de los alquileres para todo tipo de viviendas. Acudieron a la oficina del gobernador a primera hora del d\u00eda para entregar cartas con esas demandas.<\/p>\n<p>\u00a0<\/p>\n<p>\u00abNo nos vamos a ir y no hemos terminado de luchar\u00bb, dijo Heather Malone, vicepresidenta de la Cooperativa Comunitaria Golden Hills y l\u00edder de Together Colorado. \u00abVolveremos en la pr\u00f3xima sesi\u00f3n legislativa para exigir que se act\u00fae y se garantice una vivienda digna y equitativa para todos\u00bb.<\/p>\n<p>\u00a0<\/p>\n<p>\u00a0<\/p>\n<p>Sara Wilson es reportera de Colorado Newsline. Esta historia fue publicada originalmente por <a href=\"https:\/\/coloradonewsline.com\/briefs\/sentence-truck-driver-rogel-aguilera-mederos\/\">Colorado Newsline.<\/a><\/p>\n<p>\u00a0<\/p>\n<p>Traducido por Juan Carlos Uribe-The Weekly Issue\/El Semanario.<\/p>\n<p>\u00a0<\/p>\n<p><strong>Para Noticias de Colorado: <\/strong><a href=\"http:\/\/WWW.ELSEMANARIO.US\"><strong>ELSEMANARIO.US<\/strong><\/a><\/p>\n","protected":false},"excerpt":{"rendered":"<p>\u00a0 Por Sara Wilson \u00a0 Los residentes de casas m\u00f3viles y los activistas est\u00e1n pidiendo una reuni\u00f3n con el gobernador de Colorado Jared Polis para cuestionar por qu\u00e9 trabaj\u00f3 para&#8230;<\/p>\n","protected":false},"author":403,"featured_media":18148,"comment_status":"open","ping_status":"open","sticky":false,"template":"","format":"standard","meta":{"give_campaign_id":0,"_jetpack_memberships_contains_paid_content":false,"footnotes":""},"categories":[71],"tags":[],"class_list":["post-18147","post","type-post","status-publish","format-standard","has-post-thumbnail","hentry","category-estado"],"jetpack_featured_media_url":"https:\/\/i0.wp.com\/www.elsemanarioonline.com\/wp-content\/uploads\/2022\/07\/CO-1-State-S-Colo-Mobile-Home-Rally-1pic-via-Colorado-Newsline-copy.jpg?fit=576%2C432&ssl=1","jetpack-related-posts":[],"jetpack_sharing_enabled":true,"_links":{"self":[{"href":"https:\/\/www.elsemanarioonline.com\/es\/wp-json\/wp\/v2\/posts\/18147","targetHints":{"allow":["GET"]}}],"collection":[{"href":"https:\/\/www.elsemanarioonline.com\/es\/wp-json\/wp\/v2\/posts"}],"about":[{"href":"https:\/\/www.elsemanarioonline.com\/es\/wp-json\/wp\/v2\/types\/post"}],"author":[{"embeddable":true,"href":"https:\/\/www.elsemanarioonline.com\/es\/wp-json\/wp\/v2\/users\/403"}],"replies":[{"embeddable":true,"href":"https:\/\/www.elsemanarioonline.com\/es\/wp-json\/wp\/v2\/comments?post=18147"}],"version-history":[{"count":0,"href":"https:\/\/www.elsemanarioonline.com\/es\/wp-json\/wp\/v2\/posts\/18147\/revisions"}],"wp:featuredmedia":[{"embeddable":true,"href":"https:\/\/www.elsemanarioonline.com\/es\/wp-json\/wp\/v2\/media\/18148"}],"wp:attachment":[{"href":"https:\/\/www.elsemanarioonline.com\/es\/wp-json\/wp\/v2\/media?parent=18147"}],"wp:term":[{"taxonomy":"category","embeddable":true,"href":"https:\/\/www.elsemanarioonline.com\/es\/wp-json\/wp\/v2\/categories?post=18147"},{"taxonomy":"post_tag","embeddable":true,"href":"https:\/\/www.elsemanarioonline.com\/es\/wp-json\/wp\/v2\/tags?post=18147"}],"curies":[{"name":"wp","href":"https:\/\/api.w.org\/{rel}","templated":true}]}}