{"id":17511,"date":"2022-05-08T19:48:25","date_gmt":"2022-05-08T19:48:25","guid":{"rendered":"https:\/\/www.elsemanarioonline.com\/?p=17511"},"modified":"2022-05-08T19:48:25","modified_gmt":"2022-05-08T19:48:25","slug":"el-nativismo-y-la-intolerancia-siguen-ganando-terreno-en-el-pais","status":"publish","type":"post","link":"https:\/\/www.elsemanarioonline.com\/es\/el-nativismo-y-la-intolerancia-siguen-ganando-terreno-en-el-pais\/","title":{"rendered":"El Nativismo y la Intolerancia Siguen Ganando Terreno en el Pa\u00eds"},"content":{"rendered":"<p><!-- VideographyWP Plugin Message: Automatic video embedding prevented by plugin options. --><br \/>\n<strong>Maribel Hastings y David Torres\u00a0<\/strong><\/p>\n<p>\u00a0<\/p>\n<p>Mientras en Estados Unidos el Trumpismo se afila los dientes apostando a lograr, a corto plazo, el control del Congreso, y con la mira puesta en la Casa Blanca, a mediano plazo, el nativismo y la intolerancia siguen ganando terreno en el pa\u00eds. Sus cada vez m\u00e1s constantes mensajes de campa\u00f1a en los que recurre otra vez al gastado discurso contra las minor\u00edas migratorias conllevan un dejo de racismo multiplicado a la quinta potencia, que hace remecer nuevamente los cimientos de la democracia.<\/p>\n<p>Pero eso ocurre no solo aqu\u00ed, sino en otras democracias del mundo, como demostr\u00f3 la elecci\u00f3n por la presidencia de Francia.<\/p>\n<p>\u00a0<\/p>\n<figure id=\"attachment_9944\" aria-describedby=\"caption-attachment-9944\" style=\"width: 325px\" class=\"wp-caption alignleft\"><img data-recalc-dims=\"1\" fetchpriority=\"high\" decoding=\"async\" class=\"size-full wp-image-9944\" src=\"https:\/\/i0.wp.com\/www.elsemanarioonline.com\/wp-content\/uploads\/2018\/05\/NM-1-Commentary-E-Torres-2pic.jpg?resize=325%2C298&ssl=1\" alt=\"\" width=\"325\" height=\"298\" srcset=\"https:\/\/i0.wp.com\/www.elsemanarioonline.com\/wp-content\/uploads\/2018\/05\/NM-1-Commentary-E-Torres-2pic.jpg?w=325&ssl=1 325w, https:\/\/i0.wp.com\/www.elsemanarioonline.com\/wp-content\/uploads\/2018\/05\/NM-1-Commentary-E-Torres-2pic.jpg?resize=150%2C138&ssl=1 150w, https:\/\/i0.wp.com\/www.elsemanarioonline.com\/wp-content\/uploads\/2018\/05\/NM-1-Commentary-E-Torres-2pic.jpg?resize=300%2C275&ssl=1 300w\" sizes=\"(max-width: 325px) 100vw, 325px\" \/><figcaption id=\"caption-attachment-9944\" class=\"wp-caption-text\">Photo: Am\u00e9rica\u2019s Voice<br \/>David Torres<\/figcaption><\/figure>\n<p>Emmanuel Macron gan\u00f3, en efecto, la reelecci\u00f3n, pero la extremista Marine Le Pen logr\u00f3 m\u00e1s del 40% del voto, algo as\u00ed como el 42% de la poblaci\u00f3n estadounidense que en 2020 segu\u00eda apoyando a Donald Trump. De hecho, Le Pen increment\u00f3 su apoyo entre los electores franceses con respecto a 2017, cuando obtuvo 34% de respaldo electoral.<\/p>\n<p>No sorprende, por supuesto, el reacomodo internacional de la extrema derecha con base en mensajes pol\u00edticos subrepticios de supuesta \u201csalvaci\u00f3n\u201d nacional. Lo que asusta y al mismo tiempo indigna es que a\u00fan hoy, en pleno Siglo XXI, cuando la direcci\u00f3n del mundo se supon\u00eda que estar\u00eda encaminada hacia un equilibrio mayor en todos los \u00e1mbitos\u00a0\u2014empezando por los derechos humanos y las libertades\u2014, haya grandes segmentos de la poblaci\u00f3n que est\u00e1n dispuestos a que retroceda el mundo y su historia.<\/p>\n<p>\u00a0<\/p>\n<p>Porque como Macron, Biden gan\u00f3 la elecci\u00f3n en 2020, s\u00ed, pero los monstruos del racismo, del prejuicio y de la xenofobia siguen vivitos y coleando. Por ejemplo, las recientes apariciones p\u00fablicas de Trump ante cientos de sus seguidores est\u00e1n ah\u00ed para comprobarlo, como ocurri\u00f3 el fin de semana pasado en Ohio. Ah\u00ed, el expresidente se sac\u00f3 de la chistera como siempre, para avivar el fanatismo del que se rodea, que durante su presidencia \u201cdobleg\u00f3\u201d a su hom\u00f3logo mexicano, Andr\u00e9s Manuel L\u00f3pez Obrador, para imponer el programa \u201cQu\u00e9date en M\u00e9xico\u201d. Acostumbrado a mentir por los cuatro costados, Trump us\u00f3 un lenguaje altamente prejuicioso para dejar en un nivel de humillaci\u00f3n, no al mandatario mexicano precisamente, sino a los miles de migrantes de diversas partes del mundo que buscan asilo y a quienes el mismo Trump par\u00f3 en seco estableciendo las pol\u00edticas migratorias m\u00e1s draconianas en la historia contempor\u00e1nea de Estados Unidos.<\/p>\n<p>\u00a0<\/p>\n<p>Seguimos viendo eso en el circo medi\u00e1tico desplegado por una delegaci\u00f3n de 10 republicanos en la frontera entre M\u00e9xico y Texas. El l\u00edder de la minor\u00eda republicana de la C\u00e1mara Baja, Kevin McCarthy, acudi\u00f3 a la franja para darnos su dosis diaria de demagogia y de mentiras. Fueron a defender la permanencia del T\u00edtulo 42, como si una medida sanitaria pudiera sustituir una reforma integral de nuestras leyes migratorias que su partido ha bloqueado sistem\u00e1ticamente durante d\u00e9cadas, porque es un hecho que los republicanos no quieren soluciones reales, sino explotar el tema y a los inmigrantes para acumular puntos pol\u00edticos con la base que los sostiene.<\/p>\n<p>De hecho, vuelve a sentirse en todo el pa\u00eds el resurgir de ese sentimiento antiinmigrante que nunca durmi\u00f3 del todo, sino que se ha mantenido agazapado en espera de otra oportunidad que, ahora mismo, le brindan los que mantienen latente el Trumpismo, anomal\u00eda pol\u00edtica que a\u00fan tiene secuestrado al Partido Republicano ante un pa\u00eds que empieza a salir del prolongado letargo que represent\u00f3 la pandemia y sus consecuencias.<\/p>\n<p>\u00a0<\/p>\n<p>\u00a0<\/p>\n<blockquote><p>Esa desagradable receta de nativismo y racismo que el Partido Republicano ha perfeccionado con el uniforme puesto del Trumpismo se pondr\u00e1 a prueba una vez m\u00e1s en los pr\u00f3ximos comicios de medio de tiempo en noviembre<\/p>\n<p>\u00a0<\/p><\/blockquote>\n<p>Y esa es otra similitud con la extrema derecha francesa personificada por Le Pen: los inmigrantes son sus chivos expiatorios favoritos. Saben explotar el descontento de sectores de trabajadores ante la p\u00e9rdida de empleos entre los sectores industriales y manufactureros, tal como en Estados Unidos. Ante ese cuadro de inequidad, es f\u00e1cil buscar un \u201cculpable\u201d, y el inmigrante siempre es la pieza favorita en su convenenciero y c\u00ednico juego de ajedrez pol\u00edtico.<\/p>\n<p>\u00a0<\/p>\n<p>Le Pen es porrista de Trump, del presidente ruso Vladimir Putin y del primer ministro de Hungr\u00eda, Viktor Orban, tres personajes cuya imagen ahora mismo, al menos en Occidente, no es precisamente el modelo a seguir.\u00a0\u00a0\u00a1Y ella gan\u00f3 casi 42% del voto franc\u00e9s! Esa es otra se\u00f1al de que la fragilidad de la democracia, pero sobre todo la p\u00e9rdida de valores en favor de los m\u00e1s elementales derechos humanos\u00a0\u2014como es el migrar y solicitar asilo\u2014\u00a0no es exclusiva de Estados Unidos.<\/p>\n<p>\u00a0<\/p>\n<p>Lamentablemente esa desagradable receta de nativismo y racismo que el Partido Republicano ha perfeccionado con el uniforme puesto del Trumpismo se pondr\u00e1 a prueba una vez m\u00e1s en los pr\u00f3ximos comicios de medio de tiempo en noviembre, donde la inmigraci\u00f3n se perfila, otra vez, como el tema favorito de los republicanos para acusar a los dem\u00f3cratas de estar en favor de \u201cfronteras abiertas\u201d y del \u201ccaos\u201d.<\/p>\n<p>\u00a0<\/p>\n<p>\u00a0<\/p>\n<p>Maribel Hastings es Asesora Ejecutiva de <a href=\"https:\/\/americasvoice.org\">Am\u00e9rica\u2019s Voice.<\/a>\u00a0 David Torres es Asesor en Espa\u00f1ol de <a href=\"https:\/\/americasvoice.org\">Am\u00e9rica\u2019s Voice.<\/a><\/p>\n<p>\u00a0<\/p>\n<p><strong>\u00a0<\/strong><\/p>\n<p><strong>Leer M\u00e1s Comentarios: <\/strong><a href=\"http:\/\/WWW.ELSEMANARIO.US\"><strong>ELSEMANARIO.US<\/strong><\/a><\/p>\n<p>\u00a0<\/p>\n","protected":false},"excerpt":{"rendered":"<p>Maribel Hastings y David Torres\u00a0 \u00a0 Mientras en Estados Unidos el Trumpismo se afila los dientes apostando a lograr, a corto plazo, el control del Congreso, y con la mira&#8230;<\/p>\n","protected":false},"author":403,"featured_media":14737,"comment_status":"open","ping_status":"open","sticky":false,"template":"","format":"standard","meta":{"give_campaign_id":0,"_jetpack_memberships_contains_paid_content":false,"footnotes":""},"categories":[72],"tags":[],"class_list":["post-17511","post","type-post","status-publish","format-standard","has-post-thumbnail","hentry","category-comentario"],"jetpack_featured_media_url":"https:\/\/i0.wp.com\/www.elsemanarioonline.com\/wp-content\/uploads\/2021\/07\/hastings-1.png?fit=600%2C400&ssl=1","jetpack-related-posts":[],"jetpack_sharing_enabled":true,"_links":{"self":[{"href":"https:\/\/www.elsemanarioonline.com\/es\/wp-json\/wp\/v2\/posts\/17511","targetHints":{"allow":["GET"]}}],"collection":[{"href":"https:\/\/www.elsemanarioonline.com\/es\/wp-json\/wp\/v2\/posts"}],"about":[{"href":"https:\/\/www.elsemanarioonline.com\/es\/wp-json\/wp\/v2\/types\/post"}],"author":[{"embeddable":true,"href":"https:\/\/www.elsemanarioonline.com\/es\/wp-json\/wp\/v2\/users\/403"}],"replies":[{"embeddable":true,"href":"https:\/\/www.elsemanarioonline.com\/es\/wp-json\/wp\/v2\/comments?post=17511"}],"version-history":[{"count":0,"href":"https:\/\/www.elsemanarioonline.com\/es\/wp-json\/wp\/v2\/posts\/17511\/revisions"}],"wp:featuredmedia":[{"embeddable":true,"href":"https:\/\/www.elsemanarioonline.com\/es\/wp-json\/wp\/v2\/media\/14737"}],"wp:attachment":[{"href":"https:\/\/www.elsemanarioonline.com\/es\/wp-json\/wp\/v2\/media?parent=17511"}],"wp:term":[{"taxonomy":"category","embeddable":true,"href":"https:\/\/www.elsemanarioonline.com\/es\/wp-json\/wp\/v2\/categories?post=17511"},{"taxonomy":"post_tag","embeddable":true,"href":"https:\/\/www.elsemanarioonline.com\/es\/wp-json\/wp\/v2\/tags?post=17511"}],"curies":[{"name":"wp","href":"https:\/\/api.w.org\/{rel}","templated":true}]}}