{"id":16679,"date":"2022-02-12T20:09:39","date_gmt":"2022-02-12T20:09:39","guid":{"rendered":"https:\/\/www.elsemanarioonline.com\/?p=16679"},"modified":"2022-02-12T20:11:00","modified_gmt":"2022-02-12T20:11:00","slug":"charter-school-applications-cant-ask-about-disability","status":"publish","type":"post","link":"https:\/\/www.elsemanarioonline.com\/es\/charter-school-applications-cant-ask-about-disability\/","title":{"rendered":"Solicitud de Escuelas Ch\u00e1rter No Puede Preguntar Sobre Discapacidad"},"content":{"rendered":"<p><!-- VideographyWP Plugin Message: Automatic video embedding prevented by plugin options. --><br \/>\n&nbsp;<\/p>\n<p><strong>By Erica Meltzer<\/strong><\/p>\n<p>&nbsp;<\/p>\n<p>Las escuelas ch\u00e1rter de Colorado ya no podr\u00e1n preguntar en sus solicitudes si los alumnos necesitan servicios de educaci\u00f3n especial.<\/p>\n<p>&nbsp;<\/p>\n<p>El cambio en esta regla hace que Colorado cumpla con las normas federales emitidas hace m\u00e1s de cinco a\u00f1os. La Junta Estatal de Educaci\u00f3n aprob\u00f3 el cambio por unanimidad el mes pasado.<\/p>\n<p>&nbsp;<\/p>\n<p>Las escuelas ch\u00e1rter tambi\u00e9n tendr\u00e1n que dejar claro en sus p\u00e1ginas de internet que no discriminan y que capacitan a sus empleados para contestar cualquier pregunta sobre las pol\u00edticas de admisi\u00f3n correctamente para as\u00ed no disuadir a las familias de estudiantes con necesidades especiales, lo cual incluye a los discapacitados y los que est\u00e1n aprendiendo ingl\u00e9s.<\/p>\n<p>&nbsp;<\/p>\n<p>El cambio ocurri\u00f3 despu\u00e9s de que la organizaci\u00f3n <em>Disability Law Colorado<\/em> <a href=\"https:\/\/co.chalkbeat.org\/2021\/10\/5\/22711758\/colorado-charter-schools-discrimination-complaint-students-disabilities\">presentara quejas<\/a> ante la Oficina de Derechos Civiles del Departamento de Educaci\u00f3n de EE.UU. contra 29 escuelas ch\u00e1rter que hac\u00edan preguntas sobre discapacidad en sus solicitudes.<\/p>\n<p>&nbsp;<\/p>\n<p>La mayor\u00eda de las escuelas actualizaron r\u00e1pidamente su solicitud en respuesta a las quejas. Los administradores de muchas de las escuelas dijeron que no ten\u00edan intenci\u00f3n de discriminar, sino solamente de planificar las necesidades de los estudiantes, pero los defensores de estudiantes con discapacidades dijeron que ese tipo de preguntas podr\u00eda disuadir a los padres.<\/p>\n<p>&nbsp;<\/p>\n<p>Las preguntas de la solicitud parec\u00edan violar las normas federales emitidas en un memorando en 2016, pero eran alentadas expl\u00edcitamente en las reglas de las escuelas ch\u00e1rter de Colorado, que les dec\u00edan a las escuelas que determinaran \u201cdurante el proceso de admisi\u00f3n antes de la matr\u00edcula\u201d si una escuela era la adecuada para un estudiante con necesidades especiales, incluidos aquellos con discapacidades y aquellos que est\u00e1n aprendiendo ingl\u00e9s.<\/p>\n<p>&nbsp;<\/p>\n<p>Bill Kottenstette, director de <em>Schools of Choice Unit <\/em>dentro del Departamento de Educaci\u00f3n de Colorado, dijo en la reuni\u00f3n que esa regla de las escuelas ch\u00e1rter fue adoptada en 2012, antes de la adopci\u00f3n de las normas federales.<\/p>\n<p>&nbsp;<\/p>\n<p>Las escuelas ch\u00e1rter de Colorado matriculan menos estudiantes con discapacidades que el promedio del estado &#8211; y menos que las escuelas ch\u00e1rter en la mayor\u00eda de los otros estados, seg\u00fan un <a href=\"https:\/\/coauthorizers.org\/wp-content\/uploads\/2021\/06\/Shared-Responsibility-Shared-Accountability-An-Analysis-of-Enrollment-of-Students-with-Disabilities-in-Colorados-Charter-Sector-002.pdf\">estudio del <em>Center for Learner Equity<\/em><\/a>.<\/p>\n<p>&nbsp;<\/p>\n<p>El estudio fue comisionado por el Departamento de Educaci\u00f3n de Colorado, que convoc\u00f3 un grupo de trabajo para sugerir cambios en las reglas. Esa labor estaba en progreso cuando se presentaron las quejas.<\/p>\n<p>&nbsp;<\/p>\n<p>Los cambios en las reglas dejan claro que las conversaciones sobre qu\u00e9 servicios necesitan los estudiantes deben tener lugar despu\u00e9s de admitirlos a la escuela. Las reglas nuevas proh\u00edben que las escuelas ch\u00e1rter hagan preguntas en su solicitud que pudieran identificar a un estudiante como parte de grupos demogr\u00e1ficos legalmente protegidos contra discriminaci\u00f3n, requieren que las solicitudes sean accesibles para personas con discapacidades, y requieren que las escuelas ofrezcan asistencia para los padres cuyo dominio del ingl\u00e9s sea limitado.<\/p>\n<p>&nbsp;<\/p>\n<p>Durante la reuni\u00f3n del el mes pasado, Alex Medler, director ejecutivo de la <em>Colorado Association of Charter School Authorizers<\/em>, dijo que una investigaci\u00f3n reciente comisionada por el grupo encontr\u00f3 que los padres se quejaron repetidamente sobre la falta de informaci\u00f3n sobre c\u00f3mo funcionan las admisiones de las escuelas ch\u00e1rter para estudiantes con discapacidades.<\/p>\n<p>&nbsp;<\/p>\n<p>\u00c9l elogi\u00f3 los cambios en las reglas pero dijo que a\u00fan se necesita m\u00e1s.<\/p>\n<p>&nbsp;<\/p>\n<p>\u201cNecesitamos educar a los padres sobre sus opciones, y ayudar al distrito y al personal de las escuelas ch\u00e1rter a comunicarlas,\u201d dijo.<\/p>\n<p>&nbsp;<\/p>\n<p>&nbsp;<\/p>\n<p>Erica Meltzer es la jefa de la oficina de <a href=\"https:\/\/co.chalkbeat.org\/2021\/8\/25\/22642026\/denver-west-high-school-reunified-back-to-school\">Chalkbeat Colorado. <\/a><em>La reportera senior de Chalkbeat Ann Schimke aport\u00f3 a este reportaje. <\/em>Esta historia fue publicada originalmente por <a href=\"https:\/\/co.chalkbeat.org\/2022\/1\/25\/22901559\/ricardo-martinez-obituary-padres-jovenes-unidos-denver-schools\">Chalkbeat.<\/a><\/p>\n<p><em>\u00a0<\/em><\/p>\n<p><strong>Para Noticias de Colorado: <\/strong><a href=\"http:\/\/WWW.ELSEMANARIO.US\"><strong>ELSEMANARIO.US<\/strong><\/a><\/p>\n<p>&nbsp;<\/p>\n","protected":false},"excerpt":{"rendered":"<p>&nbsp; By Erica Meltzer &nbsp; Las escuelas ch\u00e1rter de Colorado ya no podr\u00e1n preguntar en sus solicitudes si los alumnos necesitan servicios de educaci\u00f3n especial. &nbsp; El cambio en esta&#8230;<\/p>\n","protected":false},"author":403,"featured_media":16680,"comment_status":"open","ping_status":"open","sticky":false,"template":"","format":"standard","meta":{"give_campaign_id":0,"_jetpack_memberships_contains_paid_content":false,"footnotes":""},"categories":[71],"tags":[],"class_list":["post-16679","post","type-post","status-publish","format-standard","has-post-thumbnail","hentry","category-estado"],"jetpack_featured_media_url":"https:\/\/i0.wp.com\/www.elsemanarioonline.com\/wp-content\/uploads\/2022\/02\/CO-1-State-S-Colo-Charter-Disability-1pic-by-Chalkbeat-CO.jpg?fit=920%2C613&ssl=1","jetpack-related-posts":[],"jetpack_sharing_enabled":true,"_links":{"self":[{"href":"https:\/\/www.elsemanarioonline.com\/es\/wp-json\/wp\/v2\/posts\/16679","targetHints":{"allow":["GET"]}}],"collection":[{"href":"https:\/\/www.elsemanarioonline.com\/es\/wp-json\/wp\/v2\/posts"}],"about":[{"href":"https:\/\/www.elsemanarioonline.com\/es\/wp-json\/wp\/v2\/types\/post"}],"author":[{"embeddable":true,"href":"https:\/\/www.elsemanarioonline.com\/es\/wp-json\/wp\/v2\/users\/403"}],"replies":[{"embeddable":true,"href":"https:\/\/www.elsemanarioonline.com\/es\/wp-json\/wp\/v2\/comments?post=16679"}],"version-history":[{"count":0,"href":"https:\/\/www.elsemanarioonline.com\/es\/wp-json\/wp\/v2\/posts\/16679\/revisions"}],"wp:featuredmedia":[{"embeddable":true,"href":"https:\/\/www.elsemanarioonline.com\/es\/wp-json\/wp\/v2\/media\/16680"}],"wp:attachment":[{"href":"https:\/\/www.elsemanarioonline.com\/es\/wp-json\/wp\/v2\/media?parent=16679"}],"wp:term":[{"taxonomy":"category","embeddable":true,"href":"https:\/\/www.elsemanarioonline.com\/es\/wp-json\/wp\/v2\/categories?post=16679"},{"taxonomy":"post_tag","embeddable":true,"href":"https:\/\/www.elsemanarioonline.com\/es\/wp-json\/wp\/v2\/tags?post=16679"}],"curies":[{"name":"wp","href":"https:\/\/api.w.org\/{rel}","templated":true}]}}