{"id":15685,"date":"2021-10-29T05:03:55","date_gmt":"2021-10-29T05:03:55","guid":{"rendered":"https:\/\/www.elsemanarioonline.com\/?p=15685"},"modified":"2021-10-29T05:03:55","modified_gmt":"2021-10-29T05:03:55","slug":"la-asociacion-de-colorado-para-la-educacion-bilingue-honra-a-academicos","status":"publish","type":"post","link":"https:\/\/www.elsemanarioonline.com\/es\/la-asociacion-de-colorado-para-la-educacion-bilingue-honra-a-academicos\/","title":{"rendered":"La Asociaci\u00f3n de Colorado para la Educaci\u00f3n Biling\u00fce Honra a Acad\u00e9micos"},"content":{"rendered":"<p><!-- VideographyWP Plugin Message: Automatic video embedding prevented by plugin options. --><br \/>\n\u00a0<\/p>\n<p>\u00a0<\/p>\n<p>Durante m\u00e1s de tres d\u00e9cadas, la Asociaci\u00f3n de Colorado para la Educaci\u00f3n Biling\u00fce (CABE) ha abogado por la preservaci\u00f3n y el desarrollo de la pol\u00edtica educativa para estudiantes y educadores.<\/p>\n<p>\u00a0<\/p>\n<p>CABE es una organizaci\u00f3n de desarrollo profesional y de derechos civiles sin \u00e1nimo de lucro. CO-CABE es la \u00fanica organizaci\u00f3n profesional de Colorado a nivel estatal dedicada exclusivamente a representar tanto los intereses de los estudiantes biling\u00fces emergentes como los de los profesionales de la educaci\u00f3n biling\u00fce que los atienden. Los ni\u00f1os son la principal preocupaci\u00f3n de CO-CABE y de sus miembros, que trabajan para garantizar que el aprendizaje sea una realidad para todos los estudiantes.<\/p>\n<p>\u00a0<\/p>\n<p>La organizaci\u00f3n ofrece varias oportunidades de <a href=\"https:\/\/www.cocabe.org\/what-we-do\/scholarships\/\">becas <\/a>para estudiantes de secundaria, de grado y de posgrado; la fecha l\u00edmite para solicitar las becas CABE es el 4 de mayo de 2022. Encuentre m\u00e1s informaci\u00f3n aqu\u00ed.<\/p>\n<p>\u00a0<\/p>\n<p>La organizaci\u00f3n tambi\u00e9n organiza el Concurso de Deletreo\/<a href=\"https:\/\/www.cocabe.org\/event\/2021-national-spanish-spelling-bee\/\">Colorado Spanish Spelling Bee,<\/a> y el concurso anual Manuel y Kathy Escamilla Orgulloso(a) de ser biling\u00fce\/<a href=\"https:\/\/www.cocabe.org\/what-we-do\/essay-contest\/\"> Proud to Be Bilingual Student Essay Contest.<\/a><\/p>\n<p>\u00a0<\/p>\n<p>Cada a\u00f1o, CABE organiza su ceremonia anual de premios a los educadores y defensores biling\u00fces de Colorado, en la que se destacan los logros de destacados acad\u00e9micos. Este a\u00f1o el evento en persona se celebr\u00f3 el 23 de octubre en el Centro de Eventos Bella Sera en Brighton, Colorado.<\/p>\n<p>\u00a0<\/p>\n<blockquote><p>\u201cCuando un tribunal federal de distrito en Texas fall\u00f3 en contra de la Acci\u00f3n Diferida para los Llegados en la Infancia, muchos de nosotros nos sentimos condenados, deprimidos y aparentemente sin direcci\u00f3n. El Dr. Torres, neg\u00e1ndose a caer en la cuenta, nos demostr\u00f3 que pod\u00edamos levantarnos y luchar en esta batalla, justo aqu\u00ed en Colorado, trabajando por una DACA basada en el estado\u201d.<br \/>\nDr. Jorge Garc\u00eda, CABE<\/p>\n<p>\u00a0<\/p><\/blockquote>\n<p>El maestro de ceremonias, el Dr. Jorge Garc\u00eda, copresidente de CABE, present\u00f3 los premios a los galardonados de 2021, el Dr. Ram\u00f3n Del Castillo, que recibi\u00f3 el premio Federico Pe\u00f1a al servicio de la comunidad, y el Dr. Luis Torres, que recibi\u00f3 el premio de la Junta de CO-CABE.<\/p>\n<p>\u00a0<\/p>\n<p>Garc\u00eda elogi\u00f3 a Del Castillo por sus a\u00f1os como educador y defensor de la educaci\u00f3n. Del Castillo se retir\u00f3 en 2019 de su papel como Presidente de Estudios Chicanos en la Universidad Estatal Metropolitana de Denver.<\/p>\n<p>\u00a0<\/p>\n<p>Garc\u00eda entreg\u00f3 el prestigioso premio a Del Castillo.<\/p>\n<p>\u00a0<\/p>\n<p>\u00abGracias, Ram\u00f3n, por tu pasi\u00f3n, tu defensa y tu liderazgo a lo largo de los a\u00f1os.\u00a0 Es un placer para m\u00ed otorgarte el Premio CO-CABE Federico Pe\u00f1a al Servicio Comunitario 2021. El prop\u00f3sito del Premio Federico Pe\u00f1a al Servicio Comunitario de CABE es honrar, en nombre de CABE, a un individuo que est\u00e1 haciendo contribuciones significativas a su comunidad a trav\u00e9s de su tiempo, acciones, talentos y dedicaci\u00f3n en el campo de la educaci\u00f3n biling\u00fce.<\/p>\n<p>\u00a0<\/p>\n<p>\u00abHas sido seleccionado para este premio porque eres un modelo de compasi\u00f3n y servicio y te esfuerzas por hacer del mundo un lugar mejor. Nos has demostrado tu pasi\u00f3n por ayudar a los dem\u00e1s en la comunidad. Este a\u00f1o, tus acciones con la Coalici\u00f3n de Educaci\u00f3n Latina han reavivado la conciencia p\u00fablica sobre la educaci\u00f3n biling\u00fce en Denver y has expresado p\u00fablicamente tus preocupaciones directamente al nuevo superintendente de las Escuelas P\u00fablicas de Denver se\u00f1alando las necesidades de las familias biling\u00fces emergentes en Denver. Creemos que usted merece ser reconocido por su servicio p\u00fablico en apoyo de la educaci\u00f3n biling\u00fce\u00bb, continu\u00f3 Garc\u00eda.<\/p>\n<p>\u00a0<\/p>\n<p>\u00abUsted demuestra un fuerte compromiso para defender y mejorar el desarrollo de la pol\u00edtica y los programas educativos que afectar\u00e1n positivamente a los estudiantes y las comunidades de origen ling\u00fc\u00edstico y culturalmente diverso. En concreto, su servicio le ha llevado a decir la verdad al poder. Cuando el nuevo superintendente de las Escuelas P\u00fablicas de Denver declar\u00f3 p\u00fablicamente que podr\u00eda ser el momento de poner fin al decreto de consentimiento entre las Escuelas P\u00fablicas de Denver y el Congreso de Educadores Hispanos, usted habl\u00f3: \u00abdemostrar que nuestros estudiantes est\u00e1n recibiendo una educaci\u00f3n de calidad y tienen el rendimiento acad\u00e9mico que se merecen\u00bb.<\/p>\n<p>\u00a0<\/p>\n<p>no fueron las palabras exactas, pero la cuesti\u00f3n es que sus palabras y acciones sirvieron a la comunidad para que ahora, esa acci\u00f3n por parte de esa instituci\u00f3n no se lleve a cabo tan r\u00e1pidamente. Este es s\u00f3lo un ejemplo de tu servicio a nuestra comunidad, un servicio que no s\u00f3lo es necesario sino que tiene un impacto significativo\u00bb.<\/p>\n<p>\u00a0<\/p>\n<p>Garc\u00eda entreg\u00f3 a Torres el Premio de la Junta Directiva de la CO-CABE, un importante honor de la organizaci\u00f3n.<\/p>\n<p>\u00a0<\/p>\n<p>Torres se retir\u00f3 en 2016 como vicerrector de Asuntos Acad\u00e9micos y Estudiantiles de la Metropolitan State University of Denver, y profesor de Estudios Chicanos. Anteriormente, Torres se desempe\u00f1\u00f3 como decano asociado en la Facultad de Letras, Artes y Ciencias de MSU Denver, y fue copresidente de la iniciativa Hispanic Serving Institution de MSU Denver desde 2007. Torres ha recibido varios honores acad\u00e9micos, entre ellos una beca de la Fundaci\u00f3n Ford, dos becas de la Fundaci\u00f3n Nacional para las Humanidades y un premio del Consejo de las Artes de California.<\/p>\n<p>\u00a0<\/p>\n<p>\u00abEn nombre de la Junta Directiva de CABE, es un privilegio para m\u00ed presentar el Premio de la Junta Directiva CO-CABE 2021 al Dr. Luis Torres. Este premio es uno de los m\u00e1s importantes que otorga la Junta Directiva de CO-CABE porque su prop\u00f3sito es reconocer, en nombre de CABE, a un individuo, por las contribuciones hechas al campo de la Educaci\u00f3n Biling\u00fce en Colorado\u00bb, dijo Garc\u00eda.<\/p>\n<p>\u00a0<\/p>\n<p>\u00abEl Dr. Torres ha demostrado un fuerte compromiso para defender y mejorar el desarrollo de pol\u00edticas y programas educativos que afectar\u00e1n positivamente a los estudiantes y las comunidades de or\u00edgenes ling\u00fc\u00edsticos y culturales diversos. El Dr. Torres tiene un extenso curr\u00edculum y ha sido un defensor de la cultura, la historia y el lenguaje. Tiene muchos logros dignos que se pueden encontrar en Internet. Pero no es por eso por lo que esta junta le rinde homenaje esta noche. Se le honra esta noche por la esperanza que nos ha dado, el ejemplo que ha sido para nosotros, el camino que nos ha mostrado, un camino que podemos y debemos recorrer. Su trabajo en el desarrollo de un plan de estudios culturalmente relevante para los estudiantes de las escuelas p\u00fablicas de Denver devuelve a una mayor prominencia este fracaso pol\u00edtico del pasado. Su defensa p\u00fablica de este plan de estudios es de gran importancia e impacto en nuestra comunidad. La junta tambi\u00e9n reconoce que ha apoyado y guiado el resurgimiento de la Coalici\u00f3n de Educaci\u00f3n Latina\u00bb.<\/p>\n<p>\u00a0<\/p>\n<p>Las numerosas contribuciones de Torres a MSU Denver a lo largo de los a\u00f1os incluyen su trabajo al servicio de la implementaci\u00f3n de MSU Denver de una tasa de matr\u00edcula asequible para los estudiantes indocumentados en 2012 \u2013 una medida que ayud\u00f3 a allanar el camino para la aprobaci\u00f3n de la legislaci\u00f3n ASSET de Colorado en 2013. Sus esfuerzos comenzaron una d\u00e9cada antes tras la derrota de la iteraci\u00f3n inicial del proyecto de ley ASSET en 2003.<\/p>\n<p>\u00a0<\/p>\n<p>El trabajo de Torres como ex copresidente del Grupo de Trabajo de Instituciones de Servicio Hispano de MSU Denver ayud\u00f3 a la Universidad a lograr la designaci\u00f3n federal de HSI.<\/p>\n<p>\u00a0<\/p>\n<p>Aunque est\u00e1 jubilado, Torres sigue ense\u00f1ando en los institutos de la zona y sigue siendo un firme defensor de la educaci\u00f3n equitativa.<\/p>\n<p>\u00a0<\/p>\n<p>Dirigi\u00e9ndose al p\u00fablico, Garc\u00eda dijo: \u00abAlgunos miembros recordar\u00e1n que este premio se concedi\u00f3 hace unos a\u00f1os a otro luchador que nos mostr\u00f3 el camino. Esa junta honr\u00f3 a Rodolfo \u2018Corky\u2019 Gonz\u00e1lez porque nos mostr\u00f3 c\u00f3mo luchar por nuestras causas dentro y fuera del ring. Su pasi\u00f3n por la educaci\u00f3n, los derechos civiles, los derechos humanos, la historia, la cultura y la lengua nos mostr\u00f3 un camino. Del mismo modo, el Dr. Torres nos dio una lecci\u00f3n este a\u00f1o que nos recuerda lo que significa ser un luchador como lo fue Corky. Cuando un tribunal federal de distrito en Texas fall\u00f3 en contra de la Acci\u00f3n Diferida para los Llegados en la Infancia, muchos de nosotros nos sentimos condenados, deprimidos y aparentemente sin direcci\u00f3n. El Dr. Torres, neg\u00e1ndose a caer en la cuenta, nos demostr\u00f3 que pod\u00edamos levantarnos y luchar en esta batalla, justo aqu\u00ed en Colorado, trabajando por una DACA basada en el estado. Su lecci\u00f3n para nosotros fue innovadora, inspiradora y desafiante. Por proporcionarnos esperanza con un plan para llegar a \u00e9l y lo que significa ser un verdadero luchador, nos ha mostrado que todos podemos ser luchadores por la justicia social y los derechos humanos, si tan s\u00f3lo lo hacemos.\u00bb<\/p>\n<p>\u00a0<\/p>\n<p><strong>\u00a0<\/strong><\/p>\n<p>Traducido por Juan Carlos Uribe-The Weekly Issue\/El Semanario.<\/p>\n<p>\u00a0<\/p>\n<p><strong>\u00a0<\/strong><\/p>\n<p><strong>Para Noticias de Colorado: <\/strong><a href=\"http:\/\/WWW.ELSEMANARIO.US\"><strong>ELSEMANARIO.US<\/strong><\/a><\/p>\n","protected":false},"excerpt":{"rendered":"<p>\u00a0 \u00a0 Durante m\u00e1s de tres d\u00e9cadas, la Asociaci\u00f3n de Colorado para la Educaci\u00f3n Biling\u00fce (CABE) ha abogado por la preservaci\u00f3n y el desarrollo de la pol\u00edtica educativa para estudiantes&#8230;<\/p>\n","protected":false},"author":403,"featured_media":15686,"comment_status":"open","ping_status":"open","sticky":false,"template":"","format":"standard","meta":{"give_campaign_id":0,"_jetpack_memberships_contains_paid_content":false,"footnotes":""},"categories":[71],"tags":[],"class_list":["post-15685","post","type-post","status-publish","format-standard","has-post-thumbnail","hentry","category-estado"],"jetpack_featured_media_url":"https:\/\/i0.wp.com\/www.elsemanarioonline.com\/wp-content\/uploads\/2021\/10\/CO-1-State-E-Colo-CABE-Del-Castillo-Torres-1pic-by-R-Del-Castillo.jpg?fit=688%2C484&ssl=1","jetpack-related-posts":[],"jetpack_sharing_enabled":true,"_links":{"self":[{"href":"https:\/\/www.elsemanarioonline.com\/es\/wp-json\/wp\/v2\/posts\/15685","targetHints":{"allow":["GET"]}}],"collection":[{"href":"https:\/\/www.elsemanarioonline.com\/es\/wp-json\/wp\/v2\/posts"}],"about":[{"href":"https:\/\/www.elsemanarioonline.com\/es\/wp-json\/wp\/v2\/types\/post"}],"author":[{"embeddable":true,"href":"https:\/\/www.elsemanarioonline.com\/es\/wp-json\/wp\/v2\/users\/403"}],"replies":[{"embeddable":true,"href":"https:\/\/www.elsemanarioonline.com\/es\/wp-json\/wp\/v2\/comments?post=15685"}],"version-history":[{"count":0,"href":"https:\/\/www.elsemanarioonline.com\/es\/wp-json\/wp\/v2\/posts\/15685\/revisions"}],"wp:featuredmedia":[{"embeddable":true,"href":"https:\/\/www.elsemanarioonline.com\/es\/wp-json\/wp\/v2\/media\/15686"}],"wp:attachment":[{"href":"https:\/\/www.elsemanarioonline.com\/es\/wp-json\/wp\/v2\/media?parent=15685"}],"wp:term":[{"taxonomy":"category","embeddable":true,"href":"https:\/\/www.elsemanarioonline.com\/es\/wp-json\/wp\/v2\/categories?post=15685"},{"taxonomy":"post_tag","embeddable":true,"href":"https:\/\/www.elsemanarioonline.com\/es\/wp-json\/wp\/v2\/tags?post=15685"}],"curies":[{"name":"wp","href":"https:\/\/api.w.org\/{rel}","templated":true}]}}