{"id":15511,"date":"2021-10-15T03:07:28","date_gmt":"2021-10-15T03:07:28","guid":{"rendered":"https:\/\/www.elsemanarioonline.com\/?p=15511"},"modified":"2021-10-15T03:07:28","modified_gmt":"2021-10-15T03:07:28","slug":"el-congreso-tiene-una-oportunidad-real-de-crear-una-via-para-la-ciudadania","status":"publish","type":"post","link":"https:\/\/www.elsemanarioonline.com\/es\/el-congreso-tiene-una-oportunidad-real-de-crear-una-via-para-la-ciudadania\/","title":{"rendered":"El Congreso Tiene una Oportunidad Real de Crear una V\u00eda para la Ciudadan\u00eda"},"content":{"rendered":"<p><!-- VideographyWP Plugin Message: Automatic video embedding prevented by plugin options. --><br \/>\n&nbsp;<\/p>\n<p><strong>Por Analise Ortiz<\/strong><\/p>\n<p>&nbsp;<\/p>\n<p>Por primera vez en una d\u00e9cada, el Congreso tiene una oportunidad real de ofrecer un camino a la ciudadan\u00eda para millones de inmigrantes. Durante demasiado tiempo, los inmigrantes que han llamado a Estados Unidos su hogar durante la mayor parte de sus vidas se han visto obligados a vivir con el miedo a la deportaci\u00f3n y la posibilidad de ser separados de sus familias y comunidades.<\/p>\n<p>&nbsp;<\/p>\n<p>El Congreso propuso este a\u00f1o soluciones legislativas entre el creciente impulso y la presi\u00f3n de los electores. M\u00e1s del 70% de las personas apoyan una v\u00eda de acceso a la ciudadan\u00eda para los inmigrantes. Pero el parlamentario del Senado se ha pronunciado en contra de dos propuestas para poner a los inmigrantes -incluyendo a las personas que llegaron al pa\u00eds de ni\u00f1os, a las personas con una forma de protecci\u00f3n llamada Estatus de Protecci\u00f3n Temporal, a los trabajadores agr\u00edcolas y a los trabajadores esenciales- en una v\u00eda hacia la ciudadan\u00eda. Estamos enfadados, pero no derrotados.<\/p>\n<p>&nbsp;<\/p>\n<figure id=\"attachment_15507\" aria-describedby=\"caption-attachment-15507\" style=\"width: 576px\" class=\"wp-caption alignleft\"><img data-recalc-dims=\"1\" fetchpriority=\"high\" decoding=\"async\" class=\"wp-image-15507 size-full\" src=\"https:\/\/i0.wp.com\/www.elsemanarioonline.com\/wp-content\/uploads\/2021\/10\/Cover-E-Immigration-2pic-by-ACLU.jpg?resize=576%2C366&#038;ssl=1\" alt=\"\" width=\"576\" height=\"366\" srcset=\"https:\/\/i0.wp.com\/www.elsemanarioonline.com\/wp-content\/uploads\/2021\/10\/Cover-E-Immigration-2pic-by-ACLU.jpg?w=576&amp;ssl=1 576w, https:\/\/i0.wp.com\/www.elsemanarioonline.com\/wp-content\/uploads\/2021\/10\/Cover-E-Immigration-2pic-by-ACLU.jpg?resize=300%2C191&amp;ssl=1 300w, https:\/\/i0.wp.com\/www.elsemanarioonline.com\/wp-content\/uploads\/2021\/10\/Cover-E-Immigration-2pic-by-ACLU.jpg?resize=150%2C95&amp;ssl=1 150w\" sizes=\"(max-width: 576px) 100vw, 576px\" \/><figcaption id=\"caption-attachment-15507\" class=\"wp-caption-text\">Foto: ACLU Omar Salinas-Chac\u00f3n lleg\u00f3 a los Estados Unidos despu\u00e9s de que su familia se convirtiera en blanco de la violencia de las pandillas en su pa\u00eds, El Salvador.<\/figcaption><\/figure>\n<p>Recientemente la Uni\u00f3n Americana de Libertades Civiles (ACLU) unimos a <em>Human Rights Watch<\/em> y a m\u00e1s de 50 organizaciones de derechos civiles y humanos para pedir a la Casa Blanca y a los l\u00edderes del Congreso que encuentren una ruta alternativa para cumplir la promesa largamente mantenida de promulgar una v\u00eda a la ciudadan\u00eda y protecciones duraderas para los inmigrantes indocumentados. El Congreso debe hacer su trabajo y cumplirlo este a\u00f1o. Si el Congreso fracasa, millones de personas se ver\u00e1n privadas de la oportunidad de vivir libres de la amenaza de la deportaci\u00f3n, una vez m\u00e1s.<\/p>\n<p>&nbsp;<\/p>\n<p>La ACLU habl\u00f3 con personas directamente afectadas sobre la urgencia de este momento.<\/p>\n<p>&nbsp;<\/p>\n<p>Paola Garc\u00eda (foto en la portada) lleg\u00f3 a los Estados Unidos desde Le\u00f3n, Guanajuato, M\u00e9xico cuando ten\u00eda 2 a\u00f1os de edad con sus dos padres. Desde entonces, han estado involucrados en una lucha constante para convertirse en ciudadanos. El padre de Paola tuvo que luchar por su propia ciudadan\u00eda durante m\u00e1s de una d\u00e9cada y lleg\u00f3 hasta el Tribunal Supremo de Virginia Occidental. Al final gan\u00f3 su batalla legal, pero para entonces, Paola ya hab\u00eda envejecido y no se le hab\u00eda concedido el estatus de prioridad para convertirse en ciudadana. Actualmente est\u00e1 protegida de la deportaci\u00f3n por el programa DACA, que sigue siendo objeto de impugnaci\u00f3n legal y que nunca fue concebido como una soluci\u00f3n permanente.<\/p>\n<p>&nbsp;<\/p>\n<p>\u00abEl gobierno de Biden dijo que har\u00eda todo lo posible para hacer alg\u00fan tipo de reforma migratoria en los primeros 100 d\u00edas\u00bb, dijo Paola. \u00abEsos 100 d\u00edas ya han pasado y, por desgracia, sigo esperando. Lo \u00fanico que podr\u00eda garantizarme el acceso como ciudadano legal aqu\u00ed ser\u00eda si hubiera alg\u00fan tipo de legislaci\u00f3n.\u00bb<\/p>\n<p>&nbsp;<\/p>\n<p>Paola est\u00e1 instando al Congreso a aprobar una v\u00eda para la ciudadan\u00eda para que pueda seguir siendo una defensora en su comunidad sin miedo a la deportaci\u00f3n.<\/p>\n<p>&nbsp;<\/p>\n<figure id=\"attachment_15509\" aria-describedby=\"caption-attachment-15509\" style=\"width: 576px\" class=\"wp-caption alignleft\"><img data-recalc-dims=\"1\" decoding=\"async\" class=\"wp-image-15509 size-full\" src=\"https:\/\/i0.wp.com\/www.elsemanarioonline.com\/wp-content\/uploads\/2021\/10\/Cover-E-Immigration-3pic-by-ACLU.jpg?resize=576%2C350&#038;ssl=1\" alt=\"\" width=\"576\" height=\"350\" srcset=\"https:\/\/i0.wp.com\/www.elsemanarioonline.com\/wp-content\/uploads\/2021\/10\/Cover-E-Immigration-3pic-by-ACLU.jpg?w=576&amp;ssl=1 576w, https:\/\/i0.wp.com\/www.elsemanarioonline.com\/wp-content\/uploads\/2021\/10\/Cover-E-Immigration-3pic-by-ACLU.jpg?resize=300%2C182&amp;ssl=1 300w, https:\/\/i0.wp.com\/www.elsemanarioonline.com\/wp-content\/uploads\/2021\/10\/Cover-E-Immigration-3pic-by-ACLU.jpg?resize=150%2C91&amp;ssl=1 150w\" sizes=\"(max-width: 576px) 100vw, 576px\" \/><figcaption id=\"caption-attachment-15509\" class=\"wp-caption-text\">Foto: ACLU Jes\u00fas Benavides lleva 17 a\u00f1os viviendo en Estados Unidos.<\/figcaption><\/figure>\n<p>\u00abSi pudiera decir algo al Congreso, les preguntar\u00eda: &#8216;\u00bfQu\u00e9 te inspir\u00f3 desde el principio para convertirte en representante de la gente? Al pensar en esa respuesta, la mayor\u00eda de las razones que dar\u00edan son las mismas por las que los inmigrantes vienen a Virginia Occidental, las mismas por las que los inmigrantes vienen a Estados Unidos. Queremos contribuir. Hacemos que Estados Unidos sea m\u00e1s rico, no s\u00f3lo econ\u00f3micamente, sino culturalmente, f\u00edsicamente, mentalmente, espiritualmente, todo eso. Necesitamos todo eso, especialmente ahora. Am\u00e9rica est\u00e1 en un gran mundo de dolor. Necesitamos que la gente asuma responsabilidades. Necesitamos que la gente se convierta en l\u00edder de la comunidad. La mayor\u00eda de nosotros s\u00f3lo queremos mejorarnos a nosotros mismos, al pa\u00eds y a nuestras comunidades, como cualquiera de los que est\u00e1n en el Congreso\u00bb.<\/p>\n<p>&nbsp;<\/p>\n<p>Irma Flores lleg\u00f3 a Estados Unidos hace 20 a\u00f1os tras un terremoto en El Salvador.<\/p>\n<p>&nbsp;<\/p>\n<p>\u00abTom\u00e9 la decisi\u00f3n de venir a este pa\u00eds para tratar de encontrar mejores oportunidades y una mejor educaci\u00f3n para mi hijo y mi hija\u00bb, dijo Irma.<\/p>\n<p>&nbsp;<\/p>\n<p>A Irma se le concedi\u00f3 el Estatus de Protecci\u00f3n Temporal. Tuvo problemas para que sus hijos peque\u00f1os se desenvolvieran en el sistema escolar y decidi\u00f3 empezar a educar a otras familias inmigrantes para ayudarles a desenvolverse tambi\u00e9n en las escuelas.<\/p>\n<p>&nbsp;<\/p>\n<p>\u00abMi compromiso con la comunidad inmigrante ha sido apoyarles, llevarles servicios y hacerles saber que tenemos derechos porque eso es algo que no sab\u00edamos cuando llegamos a este pa\u00eds\u00bb, dijo Irma.<\/p>\n<p>&nbsp;<\/p>\n<blockquote><p>\u00abQuiero que el Congreso piense: \u00bfQu\u00e9 les costar\u00eda hacer las maletas con toda su familia e irse a un pa\u00eds donde ni siquiera conocen el idioma? \u00bfImaginen lo desesperados que est\u00e1n para hacer eso? No elegimos dejar nuestros hogares\u201d.<br \/>\nOmar Salinas-Chac\u00f3n<\/p>\n<p>&nbsp;<\/p><\/blockquote>\n<p>Irma tiene ahora cinco nietos y est\u00e1 luchando por una v\u00eda de acceso a la ciudadan\u00eda porque proporcionar\u00e1 estabilidad a su familia y les permitir\u00e1 viajar para ver a sus familiares en El Salvador. Su familia fue golpeada por la tragedia cuando su padre muri\u00f3 el a\u00f1o pasado.<\/p>\n<p>&nbsp;<\/p>\n<p>\u00abNo tuve la oportunidad de ir a despedirme de \u00e9l porque no podemos. No quiero que eso ocurra si le pasa algo a mi madre. Un camino hacia la ciudadan\u00eda ayudar\u00e1 a personas como nosotros, seres humanos que tienen familia en otros pa\u00edses y no podemos visitarla. Necesitamos tener esa conexi\u00f3n para ver a nuestras familias. He visto a muchas familias en la misma situaci\u00f3n\u00bb, dijo Irma.<\/p>\n<p>&nbsp;<\/p>\n<p>Irma insta al Congreso a que cumpla sus promesas y atienda a familias como la suya.<\/p>\n<p>&nbsp;<\/p>\n<p>\u00abDespu\u00e9s de las muchas promesas que nos han hecho, ya es hora\u00bb, dijo Irma.<\/p>\n<p>&nbsp;<\/p>\n<p>Omar Salinas-Chac\u00f3n lleg\u00f3 a los Estados Unidos despu\u00e9s de que su familia se convirtiera en blanco de la violencia de las pandillas en su pa\u00eds, El Salvador. Omar es un receptor de DACA y dice que la inestabilidad del programa temporal impacta cada aspecto de su vida.<\/p>\n<p>&nbsp;<\/p>\n<p>\u00abTengo que renovar mi DACA cada a\u00f1o y medio y eso es realmente hasta donde puedo planificar mi vida. Me gustar\u00eda que eso cambiara\u00bb, dijo Omar.<\/p>\n<p>&nbsp;<\/p>\n<p>Omar es activo en su comunidad como gerente del estado de Kentucky de la Red de Acci\u00f3n para Salvar a los Ni\u00f1os y miembro de la junta de la ACLU de Kentucky. Pide al Congreso que apruebe una v\u00eda a la ciudadan\u00eda y que considere la desesperaci\u00f3n a la que se enfrentan tantas familias inmigrantes.<\/p>\n<p>&nbsp;<\/p>\n<p>\u00abQuiero que el Congreso piense: \u00bfQu\u00e9 les costar\u00eda hacer las maletas con toda su familia e irse a un pa\u00eds donde ni siquiera conocen el idioma? \u00bfImaginen lo desesperados que est\u00e1n para hacer eso? No elegimos dejar nuestros hogares. Lo \u00fanico que pido es formar parte de este hogar al que llamo hogar desde hace m\u00e1s de 20 a\u00f1os\u00bb, dijo Omar.<\/p>\n<p>&nbsp;<\/p>\n<p>Jes\u00fas Benavides lleva 17 a\u00f1os viviendo en Estados Unidos. Trabaja en la construcci\u00f3n y est\u00e1 involucrado con su comunidad a trav\u00e9s de La Colmena, un grupo que organiza a los trabajadores inmigrantes en Staten Island.<\/p>\n<p>&nbsp;<\/p>\n<p>\u00abEn M\u00e9xico, los trabajos no pagan lo suficiente. Vine aqu\u00ed para tener mejores oportunidades y para ayudar a mis padres\u00bb, dijo Jes\u00fas.<\/p>\n<p>&nbsp;<\/p>\n<p>Jes\u00fas sufri\u00f3 la p\u00e9rdida de su padre el a\u00f1o pasado y dijo que el dolor ha sido a\u00fan m\u00e1s dif\u00edcil porque est\u00e1 lejos de su familia.<\/p>\n<p>&nbsp;<\/p>\n<p>\u00abNo poder ver a mi padre fue duro. Es duro porque a veces recuerdo cosas de all\u00ed, sobre todo a mis padres. No poder verlos, no poder hablar con ellos en persona, es duro\u00bb, dijo Jes\u00fas.<\/p>\n<p>&nbsp;<\/p>\n<p>Jes\u00fas pide al Congreso que apruebe una v\u00eda de acceso a la ciudadan\u00eda para los trabajadores inmigrantes como \u00e9l.<\/p>\n<p>&nbsp;<\/p>\n<p>\u00abTienen que trabajar para aprobar una v\u00eda de ciudadan\u00eda para los millones de inmigrantes que est\u00e1n aqu\u00ed porque hemos trabajado muy duro durante la pandemia. Somos trabajadores esenciales que ayudamos a Nueva York y a todo el pa\u00eds y mantenemos la econom\u00eda en marcha\u00bb, dijo Jes\u00fas.<\/p>\n<p>&nbsp;<\/p>\n<p>&nbsp;<\/p>\n<p>Analise Ortiz es estratega de comunicaci\u00f3n de la American Civil Liberties Union. Publicado originalmente en <a href=\"https:\/\/www.aclu.org\/news\/immigrants-rights\/people-who-would-benefit-from-a-pathway-to-citizenship-send-message-to-congress\">American Civil Liberties Union. <\/a><\/p>\n<p>&nbsp;<\/p>\n<p>Traducido por Juan Carlos Uribe-The Weekly Issue\/El Semanario.<\/p>\n<p>&nbsp;<\/p>\n<p><strong>Lea Mas Noticias de Portada en: <\/strong><a href=\"http:\/\/WWW.ELSEMANARIO.US\"><strong>ELSEMANARIO.US<\/strong><\/a><\/p>\n<p>&nbsp;<\/p>\n","protected":false},"excerpt":{"rendered":"<p>&nbsp; Por Analise Ortiz &nbsp; Por primera vez en una d\u00e9cada, el Congreso tiene una oportunidad real de ofrecer un camino a la ciudadan\u00eda para millones de inmigrantes. Durante demasiado&#8230;<\/p>\n","protected":false},"author":403,"featured_media":15505,"comment_status":"open","ping_status":"open","sticky":false,"template":"","format":"standard","meta":{"give_campaign_id":0,"_jetpack_memberships_contains_paid_content":false,"footnotes":""},"categories":[74],"tags":[],"class_list":["post-15511","post","type-post","status-publish","format-standard","has-post-thumbnail","hentry","category-noticia-de-portada"],"jetpack_featured_media_url":"https:\/\/i0.wp.com\/www.elsemanarioonline.com\/wp-content\/uploads\/2021\/10\/Cover-E-Immigration-1pic-by-ACLU.jpg?fit=576%2C347&ssl=1","jetpack-related-posts":[],"jetpack_sharing_enabled":true,"_links":{"self":[{"href":"https:\/\/www.elsemanarioonline.com\/es\/wp-json\/wp\/v2\/posts\/15511","targetHints":{"allow":["GET"]}}],"collection":[{"href":"https:\/\/www.elsemanarioonline.com\/es\/wp-json\/wp\/v2\/posts"}],"about":[{"href":"https:\/\/www.elsemanarioonline.com\/es\/wp-json\/wp\/v2\/types\/post"}],"author":[{"embeddable":true,"href":"https:\/\/www.elsemanarioonline.com\/es\/wp-json\/wp\/v2\/users\/403"}],"replies":[{"embeddable":true,"href":"https:\/\/www.elsemanarioonline.com\/es\/wp-json\/wp\/v2\/comments?post=15511"}],"version-history":[{"count":0,"href":"https:\/\/www.elsemanarioonline.com\/es\/wp-json\/wp\/v2\/posts\/15511\/revisions"}],"wp:featuredmedia":[{"embeddable":true,"href":"https:\/\/www.elsemanarioonline.com\/es\/wp-json\/wp\/v2\/media\/15505"}],"wp:attachment":[{"href":"https:\/\/www.elsemanarioonline.com\/es\/wp-json\/wp\/v2\/media?parent=15511"}],"wp:term":[{"taxonomy":"category","embeddable":true,"href":"https:\/\/www.elsemanarioonline.com\/es\/wp-json\/wp\/v2\/categories?post=15511"},{"taxonomy":"post_tag","embeddable":true,"href":"https:\/\/www.elsemanarioonline.com\/es\/wp-json\/wp\/v2\/tags?post=15511"}],"curies":[{"name":"wp","href":"https:\/\/api.w.org\/{rel}","templated":true}]}}