{"id":15340,"date":"2021-09-24T17:24:30","date_gmt":"2021-09-24T17:24:30","guid":{"rendered":"https:\/\/www.elsemanarioonline.com\/?p=15340"},"modified":"2021-09-24T17:24:30","modified_gmt":"2021-09-24T17:24:30","slug":"la-seria-tarea-de-redistribuir-nuestras-comunidades-en-colorado-carmen-medrano","status":"publish","type":"post","link":"https:\/\/www.elsemanarioonline.com\/es\/la-seria-tarea-de-redistribuir-nuestras-comunidades-en-colorado-carmen-medrano\/","title":{"rendered":"La Seria Tarea de Redistribuir Nuestras Comunidades en Colorado Carmen Medrano"},"content":{"rendered":"<p><!-- VideographyWP Plugin Message: Automatic video embedding prevented by plugin options. --><br \/>\n\u00a0<\/p>\n<p>No importa de d\u00f3nde venimos o el color de nuestra piel, la mayor\u00eda de nosotros queremos las mismas cosas: un hogar, un salario digno y la oportunidad de dejar un futuro mejor a nuestros hijos y nietos. Queremos alimentos sanos y agua limpia, barrios asequibles y un mundo seguro. Queremos ser libres.<\/p>\n<p>\u00a0<\/p>\n<blockquote><p>En \u00faltima instancia, la redistribuci\u00f3n de distritos es el proceso de determinar qui\u00e9n tiene el poder de influir en los legisladores y funcionarios electos que hacen la pol\u00edtica que determina la calidad de nuestro aire, las cargas fiscales en nuestros bolsillos y la calidad de nuestras escuelas.<\/p>\n<p>\u00a0<\/p><\/blockquote>\n<p>Lamentablemente, las barreras a estas oportunidades persisten para las comunidades de color, en particular la comunidad latina, y en casi todas las categor\u00edas imaginables: atenci\u00f3n sanitaria, vivienda asequible, escuelas de alto rendimiento, calidad del aire, empleos bien remunerados, acceso a las vacunas, recuperaci\u00f3n econ\u00f3mica de la pandemia del COVID-19, y mucho m\u00e1s. En la regi\u00f3n metropolitana, las comunidades que a\u00fan carecen de estas necesidades humanas b\u00e1sicas se encuentran a lo largo de los corredores de la I-25 y la I-70. Un an\u00e1lisis realizado por el Instituto de Salud de Colorado mostr\u00f3 patrones persistentes de desigualdad en partes de los condados de Adams y Weld en comparaci\u00f3n con las partes m\u00e1s ricas y blancas de los condados.<\/p>\n<p>\u00a0<\/p>\n<p>En Commerce City, el aumento del coste de la vivienda crea una tensi\u00f3n incre\u00edble en los residentes actuales, incluso cuando muchas familias latinas siguen traslad\u00e1ndose all\u00ed para escapar de los costes de la vivienda que se han disparado en Denver. Y no va a disminuir: seg\u00fan el dem\u00f3grafo del estado, m\u00e1s de un mill\u00f3n de personas se trasladar\u00e1n a Colorado en las pr\u00f3ximas dos d\u00e9cadas. Muchos de estos nuevos habitantes de Colorado ser\u00e1n personas de color, continuando una tendencia que ya est\u00e1 en marcha. Todos los condados metropolitanos, excepto Denver, <a href=\"https:\/\/www.denverpost.com\/2010\/06\/10\/denver-suburbs-grow-more-diverse-census-numbers-show\/\">se han vuelto menos blancos en los \u00faltimos 20 a\u00f1os<\/a>, seg\u00fan la Oficina del Censo de EE.UU.; a medida que m\u00e1s personas se trasladen a Colorado, la importancia de abogar por nosotros mismos aumentar\u00e1.<\/p>\n<p>\u00a0<\/p>\n<p>El proceso de redistribuci\u00f3n de distritos est\u00e1 \u00edntimamente relacionado con estos problemas a los que se enfrentan nuestras comunidades. En \u00faltima instancia, la redistribuci\u00f3n de distritos es el proceso de determinar qui\u00e9n tiene el poder de influir en los legisladores y funcionarios electos que hacen la pol\u00edtica que determina la calidad de nuestro aire, las cargas fiscales en nuestros bolsillos y la calidad de nuestras escuelas. Esta es una tarea seria, y los grupos que han sido hist\u00f3ricamente excluidos del poder deben ser respetados y representados como nos merecemos. Es esencial asegurar que nuestras voces sean escuchadas \u2013 no ahogadas por la diluci\u00f3n o divisi\u00f3n de nuestro poder.<\/p>\n<p>\u00a0<\/p>\n<p>\u00a0<\/p>\n<p>La Organizaci\u00f3n de Liderazgo, Defensa e Investigaci\u00f3n de los Latinos de Colorado (CLLARO) ha propuesto mapas legislativos que mantienen a nuestras comunidades enteras y poderosas. Proponen tres distritos del Senado Estatal en la regi\u00f3n metropolitana del norte que son 30, 46 y 48 por ciento latinos, ofreciendo una representaci\u00f3n significativa a los latinos del condado de Adams. Su mapa del Congreso capta el movimiento desde el lado norte y el lado oeste de Denver -tradicionalmente el coraz\u00f3n de la comunidad latina en el \u00e1rea metropolitana- hasta Commerce City y el condado de Adams, uniendo \u00e1reas con fuertes lazos culturales, econ\u00f3micos y familiares. Estos mapas proporcionan una representaci\u00f3n significativa a nuestras comunidades, y urgimos a la Comisi\u00f3n de Redistribuci\u00f3n de Distritos a que apoye su esfuerzo por trazar distritos justos y representativos que empoderen a cada comunidad para abogar por las vidas de oportunidades que deseamos y merecemos.<\/p>\n<p>\u00a0<\/p>\n<p>\u00a0<\/p>\n<p>Carmen Medrano es la Directora Ejecutiva de Unidos por una Nueva Econom\u00eda y UNE Acci\u00f3n.<\/p>\n<p>\u00a0<\/p>\n<p>\u00a0<\/p>\n<p><strong>Leer M\u00e1s Comentarios: <\/strong><a href=\"http:\/\/WWW.ELSEMANARIO.US\"><strong>ELSEMANARIO.US<\/strong><\/a><\/p>\n<p>\u00a0<\/p>\n","protected":false},"excerpt":{"rendered":"<p>\u00a0 No importa de d\u00f3nde venimos o el color de nuestra piel, la mayor\u00eda de nosotros queremos las mismas cosas: un hogar, un salario digno y la oportunidad de dejar&#8230;<\/p>\n","protected":false},"author":403,"featured_media":15339,"comment_status":"open","ping_status":"open","sticky":false,"template":"","format":"standard","meta":{"give_campaign_id":0,"_jetpack_memberships_contains_paid_content":false,"footnotes":""},"categories":[72],"tags":[],"class_list":["post-15340","post","type-post","status-publish","format-standard","has-post-thumbnail","hentry","category-comentario"],"jetpack_featured_media_url":"https:\/\/i0.wp.com\/www.elsemanarioonline.com\/wp-content\/uploads\/2021\/09\/3-Commentary-E-Medrano-1pic-by-UNE.jpg?fit=432%2C432&ssl=1","jetpack-related-posts":[],"jetpack_sharing_enabled":true,"_links":{"self":[{"href":"https:\/\/www.elsemanarioonline.com\/es\/wp-json\/wp\/v2\/posts\/15340","targetHints":{"allow":["GET"]}}],"collection":[{"href":"https:\/\/www.elsemanarioonline.com\/es\/wp-json\/wp\/v2\/posts"}],"about":[{"href":"https:\/\/www.elsemanarioonline.com\/es\/wp-json\/wp\/v2\/types\/post"}],"author":[{"embeddable":true,"href":"https:\/\/www.elsemanarioonline.com\/es\/wp-json\/wp\/v2\/users\/403"}],"replies":[{"embeddable":true,"href":"https:\/\/www.elsemanarioonline.com\/es\/wp-json\/wp\/v2\/comments?post=15340"}],"version-history":[{"count":0,"href":"https:\/\/www.elsemanarioonline.com\/es\/wp-json\/wp\/v2\/posts\/15340\/revisions"}],"wp:featuredmedia":[{"embeddable":true,"href":"https:\/\/www.elsemanarioonline.com\/es\/wp-json\/wp\/v2\/media\/15339"}],"wp:attachment":[{"href":"https:\/\/www.elsemanarioonline.com\/es\/wp-json\/wp\/v2\/media?parent=15340"}],"wp:term":[{"taxonomy":"category","embeddable":true,"href":"https:\/\/www.elsemanarioonline.com\/es\/wp-json\/wp\/v2\/categories?post=15340"},{"taxonomy":"post_tag","embeddable":true,"href":"https:\/\/www.elsemanarioonline.com\/es\/wp-json\/wp\/v2\/tags?post=15340"}],"curies":[{"name":"wp","href":"https:\/\/api.w.org\/{rel}","templated":true}]}}