{"id":15315,"date":"2021-09-24T16:08:45","date_gmt":"2021-09-24T16:08:45","guid":{"rendered":"https:\/\/www.elsemanarioonline.com\/?p=15315"},"modified":"2021-09-24T16:08:45","modified_gmt":"2021-09-24T16:08:45","slug":"albuquerque-celebra-el-regreso-de-la-fiesta-internacional-del-globo","status":"publish","type":"post","link":"https:\/\/www.elsemanarioonline.com\/es\/albuquerque-celebra-el-regreso-de-la-fiesta-internacional-del-globo\/","title":{"rendered":"Albuquerque Celebra el Regreso de la Fiesta Internacional del Globo"},"content":{"rendered":"<p><!-- VideographyWP Plugin Message: Automatic video embedding prevented by plugin options. --><br \/>\n\u00a0<\/p>\n<p>La ciudad de Albuquerque est\u00e1 preparada para recibir de nuevo a los ansiosos globeros y espectadores en el Parque Balloon Fiesta el pr\u00f3ximo mes. Despu\u00e9s de un par\u00e9ntesis el a\u00f1o pasado para la COVID-19, el alcalde Keller y otros l\u00edderes de la ciudad anunciaron planes para traer de vuelta la Fiesta del Globo este a\u00f1o.<\/p>\n<p>\u00a0<\/p>\n<p>\u00abNo podr\u00edamos estar m\u00e1s contentos de dar la bienvenida a todo el mundo al Parque Balloon Fiesta el mes que viene para lo que es realmente uno de los eventos m\u00e1s espectaculares del mundo\u00bb, dijo el alcalde Tim Keller. \u00abEstoy muy agradecido a nuestra comunidad por su compromiso de mantenerse a salvo, y no puedo esperar a ver a todas las familias disfrutando juntas de esta \u00e9poca tan especial del a\u00f1o\u00bb.<\/p>\n<p>\u00a0<\/p>\n<p>A lo largo de la pandemia, el Parque Balloon Fiesta ha servido como un lugar cr\u00edtico, ofreciendo pruebas generalizadas de COVID-19, as\u00ed como oportunidades de recreaci\u00f3n y actividades socialmente distanciadas. Durante el \u00faltimo a\u00f1o, los departamentos de Parques y Recreaci\u00f3n y de Desarrollo Municipal de la ciudad han seguido trabajando duro, realizando las mejoras necesarias en el parque y sus alrededores para mejorar la experiencia general.<\/p>\n<p>\u00a0<\/p>\n<p>\u00abMientras que la Fiesta del Globo tendr\u00e1 algunas sorpresas nuevas y emocionantes este a\u00f1o, lo que m\u00e1s esperamos es volver al evento familiar que conocemos y amamos\u00bb, dijo Paul Smith, Director Ejecutivo de la Fiesta Internacional del Globo de Albuquerque. \u00abEstamos contentos de tener a la gente de vuelta en la Fiesta del Globo y disfrutar del resto de lo que Albuquerque tiene que ofrecer tambi\u00e9n\u00bb.<\/p>\n<p>\u00a0<\/p>\n<p>Mientras que las cosas se ver\u00e1n familiares ya que el Parque Balloon Fiesta se llenar\u00e1 una vez m\u00e1s de locales y visitantes, hay importantes modificaciones y protocolos en el lugar para garantizar un evento seguro. Los departamentos de la ciudad est\u00e1n trabajando juntos para ayudar a mantener la seguridad de los residentes y visitantes, desde el control del tr\u00e1fico y la seguridad p\u00fablica hasta el mantenimiento y la limpieza del parque.<\/p>\n<p>\u00a0<\/p>\n<p>El Departamento de Arte y Cultura organizar\u00e1 una serie de eventos para celebrar la Fiesta de los Globos, proporcionando diversi\u00f3n familiar durante los nueve d\u00edas del evento en varias instalaciones de la ciudad. La informaci\u00f3n sobre el evento se puede encontrar en <a href=\"https:\/\/www.cabq.gov\/artsculture\">cultureabq.com<\/a>.<\/p>\n<p>\u00a0<\/p>\n<p>\u00a0<\/p>\n<p><strong>Para M\u00e1s Noticias de New M\u00e9xico:<\/strong> <a href=\"http:\/\/WWW.ELSEMANARIO.US\"><strong>ELSEMANARIO.US<\/strong><\/a><\/p>\n<p>\u00a0<\/p>\n","protected":false},"excerpt":{"rendered":"<p>\u00a0 La ciudad de Albuquerque est\u00e1 preparada para recibir de nuevo a los ansiosos globeros y espectadores en el Parque Balloon Fiesta el pr\u00f3ximo mes. Despu\u00e9s de un par\u00e9ntesis el&#8230;<\/p>\n","protected":false},"author":403,"featured_media":15316,"comment_status":"open","ping_status":"open","sticky":false,"template":"","format":"standard","meta":{"give_campaign_id":0,"_jetpack_memberships_contains_paid_content":false,"footnotes":""},"categories":[250],"tags":[],"class_list":["post-15315","post","type-post","status-publish","format-standard","has-post-thumbnail","hentry","category-viajes"],"jetpack_featured_media_url":"https:\/\/i0.wp.com\/www.elsemanarioonline.com\/wp-content\/uploads\/2021\/09\/Travel-E-ABQ-Balloon-Fiesta-1pic-by-Forsaken-Fotos-flickr-cc-2.0.jpg?fit=576%2C432&ssl=1","jetpack-related-posts":[],"jetpack_sharing_enabled":true,"_links":{"self":[{"href":"https:\/\/www.elsemanarioonline.com\/es\/wp-json\/wp\/v2\/posts\/15315","targetHints":{"allow":["GET"]}}],"collection":[{"href":"https:\/\/www.elsemanarioonline.com\/es\/wp-json\/wp\/v2\/posts"}],"about":[{"href":"https:\/\/www.elsemanarioonline.com\/es\/wp-json\/wp\/v2\/types\/post"}],"author":[{"embeddable":true,"href":"https:\/\/www.elsemanarioonline.com\/es\/wp-json\/wp\/v2\/users\/403"}],"replies":[{"embeddable":true,"href":"https:\/\/www.elsemanarioonline.com\/es\/wp-json\/wp\/v2\/comments?post=15315"}],"version-history":[{"count":0,"href":"https:\/\/www.elsemanarioonline.com\/es\/wp-json\/wp\/v2\/posts\/15315\/revisions"}],"wp:featuredmedia":[{"embeddable":true,"href":"https:\/\/www.elsemanarioonline.com\/es\/wp-json\/wp\/v2\/media\/15316"}],"wp:attachment":[{"href":"https:\/\/www.elsemanarioonline.com\/es\/wp-json\/wp\/v2\/media?parent=15315"}],"wp:term":[{"taxonomy":"category","embeddable":true,"href":"https:\/\/www.elsemanarioonline.com\/es\/wp-json\/wp\/v2\/categories?post=15315"},{"taxonomy":"post_tag","embeddable":true,"href":"https:\/\/www.elsemanarioonline.com\/es\/wp-json\/wp\/v2\/tags?post=15315"}],"curies":[{"name":"wp","href":"https:\/\/api.w.org\/{rel}","templated":true}]}}