{"id":15241,"date":"2021-09-10T18:02:54","date_gmt":"2021-09-10T18:02:54","guid":{"rendered":"https:\/\/www.elsemanarioonline.com\/?p=15241"},"modified":"2021-09-10T18:02:54","modified_gmt":"2021-09-10T18:02:54","slug":"esta-decision-demuestra-un-precedente-importante-en-todo-el-mundo","status":"publish","type":"post","link":"https:\/\/www.elsemanarioonline.com\/es\/esta-decision-demuestra-un-precedente-importante-en-todo-el-mundo\/","title":{"rendered":"\u2018Esta Decisi\u00f3n Demuestra un Precedente Importante en Todo el Mundo\u2019"},"content":{"rendered":"<p><!-- VideographyWP Plugin Message: Automatic video embedding prevented by plugin options. --><br \/>\n&nbsp;<\/p>\n<p>En Martes, <a href=\"https:\/\/www.washingtonpost.com\/world\/2021\/09\/07\/mexico-abortion-supreme-court\/?utm_campaign=wp_thelily&amp;utm_medium=social&amp;utm_source=twitter\">la Suprema Corte de M\u00e9xico declar\u00f3 por unanimidad que la criminalizaci\u00f3n total del aborto es inconstitucional<\/a> &#8211; demostrando precedente para su legalizaci\u00f3n a nivel nacional. Esta decisi\u00f3n sigue un movimiento, dirigido por mujeres en M\u00e9xico, que ha exigido mayores derechos y protecciones para todos los Mexicanos.<\/p>\n<p>&nbsp;<\/p>\n<p>Otra parte hist\u00f3rica de esta decisi\u00f3n es que la Suprema Corte de M\u00e9xico explic\u00f3 que la criminalizaci\u00f3n del aborto afecta no nada m\u00e1s a las mujeres y ni\u00f1as cisg\u00e9nero, pero tambien a cualquier persona gestante. <a href=\"https:\/\/distintaslatitudes.net\/explicadores\/cuerpos-gestantes-argentina-aborto\">Esto sigue a una iniciativa dirigida por organizadores en Argentina<\/a> sobre c\u00f3mo usar un lenguaje inclusivo al hablar sobre el acceso al aborto y la salud reproductiva.<\/p>\n<p>&nbsp;<\/p>\n<p>Aunque esta decisi\u00f3n no legaliza inmediatamente el aborto en M\u00e9xico, si demuestra el precedente de que nadie debe ser criminalizado por decidir si quieren tener hijos y cu\u00e1ndo. <a href=\"https:\/\/www.nytimes.com\/2021\/09\/01\/us\/supreme-court-texas-abortion.html\">Esta noticia sigue despu\u00e9s de la prohibici\u00f3n que acaba de aprobarse en Texas, que si criminaliza la mayor\u00eda de los abortos en todo el estado<\/a>.<\/p>\n<p>&nbsp;<\/p>\n<p>\u201cEsta decisi\u00f3n demuestra un precedente importante en todo el mundo y para nosotros aqu\u00ed mismo en Colorado, d\u00f3nde continuamos asegurando que el aborto nunca sea criminalizado y que siempre est\u00e9 disponible para todos aquellos que lo necesiten,\u201d dijo Dusti Gurule, Directora Ejecutiva de Organizaci\u00f3n para la Oportunidad y la Justicia Reproductiva para las Latinas de Colorado (COLOR).<\/p>\n<p>&nbsp;<\/p>\n<p>La decriminalizaci\u00f3n del aborto en M\u00e9xico es un gran paso hacia la justicia reproductiva para toda nuestra gente. <a href=\"https:\/\/www.colorlatina.org\/reproductive-justice\/\">COLOR seguir\u00e1 haciendo lo que siempre a hecho: ayudar a las personas a decidir cu\u00e1ndo y si tendr\u00e1n hijxs, y las condiciones en las que crean y definen sus familias<\/a>. Esto significa seguir apoyando el movimiento para el acceso al aborto, no solo decriminalizarlo. Hoy estamos orgullosxs de esta victoria hist\u00f3rica para toda nuestras familias y amigxs que llaman M\u00e9xico su hogar, y para todos aquellos que ahora podr\u00e1n buscar atenci\u00f3n all\u00ed, dijo COLOR en 7 de septiembre.<\/p>\n<p>&nbsp;<\/p>\n<p>&nbsp;<\/p>\n<p><strong>Para Noticias de Colorado: <\/strong><a href=\"http:\/\/WWW.ELSEMANARIO.US\"><strong>ELSEMANARIO.US<\/strong><\/a><\/p>\n<p>&nbsp;<\/p>\n<p>&nbsp;<\/p>\n","protected":false},"excerpt":{"rendered":"<p>&nbsp; En Martes, la Suprema Corte de M\u00e9xico declar\u00f3 por unanimidad que la criminalizaci\u00f3n total del aborto es inconstitucional &#8211; demostrando precedente para su legalizaci\u00f3n a nivel nacional. Esta decisi\u00f3n&#8230;<\/p>\n","protected":false},"author":403,"featured_media":15240,"comment_status":"open","ping_status":"open","sticky":false,"template":"","format":"standard","meta":{"give_campaign_id":0,"_jetpack_memberships_contains_paid_content":false,"footnotes":""},"categories":[81],"tags":[],"class_list":["post-15241","post","type-post","status-publish","format-standard","has-post-thumbnail","hentry","category-noticias-nacionales"],"jetpack_featured_media_url":"https:\/\/i0.wp.com\/www.elsemanarioonline.com\/wp-content\/uploads\/2021\/09\/1-Nat-News-E-COLOR-Ruling-in-Mexico-1pic.jpg?fit=651%2C507&ssl=1","jetpack-related-posts":[],"jetpack_sharing_enabled":true,"_links":{"self":[{"href":"https:\/\/www.elsemanarioonline.com\/es\/wp-json\/wp\/v2\/posts\/15241","targetHints":{"allow":["GET"]}}],"collection":[{"href":"https:\/\/www.elsemanarioonline.com\/es\/wp-json\/wp\/v2\/posts"}],"about":[{"href":"https:\/\/www.elsemanarioonline.com\/es\/wp-json\/wp\/v2\/types\/post"}],"author":[{"embeddable":true,"href":"https:\/\/www.elsemanarioonline.com\/es\/wp-json\/wp\/v2\/users\/403"}],"replies":[{"embeddable":true,"href":"https:\/\/www.elsemanarioonline.com\/es\/wp-json\/wp\/v2\/comments?post=15241"}],"version-history":[{"count":0,"href":"https:\/\/www.elsemanarioonline.com\/es\/wp-json\/wp\/v2\/posts\/15241\/revisions"}],"wp:featuredmedia":[{"embeddable":true,"href":"https:\/\/www.elsemanarioonline.com\/es\/wp-json\/wp\/v2\/media\/15240"}],"wp:attachment":[{"href":"https:\/\/www.elsemanarioonline.com\/es\/wp-json\/wp\/v2\/media?parent=15241"}],"wp:term":[{"taxonomy":"category","embeddable":true,"href":"https:\/\/www.elsemanarioonline.com\/es\/wp-json\/wp\/v2\/categories?post=15241"},{"taxonomy":"post_tag","embeddable":true,"href":"https:\/\/www.elsemanarioonline.com\/es\/wp-json\/wp\/v2\/tags?post=15241"}],"curies":[{"name":"wp","href":"https:\/\/api.w.org\/{rel}","templated":true}]}}