{"id":14094,"date":"2021-05-23T14:16:07","date_gmt":"2021-05-23T14:16:07","guid":{"rendered":"https:\/\/www.elsemanarioonline.com\/?p=14094"},"modified":"2021-05-23T14:16:07","modified_gmt":"2021-05-23T14:16:07","slug":"los-latinos-son-los-que-mas-quieren-vacunarse-y-los-que-mas-obstaculos-enfrentan","status":"publish","type":"post","link":"https:\/\/www.elsemanarioonline.com\/es\/los-latinos-son-los-que-mas-quieren-vacunarse-y-los-que-mas-obstaculos-enfrentan\/","title":{"rendered":"Los Latinos Son los que M\u00e1s Quieren Vacunarse, y los Que M\u00e1s Obst\u00e1culos Enfrentan"},"content":{"rendered":"<p><!-- VideographyWP Plugin Message: Automatic video embedding prevented by plugin options. --><br \/>\n<strong>Por Anna Almendrala<\/strong><\/p>\n<p><strong>\u00a0<\/strong><\/p>\n<p>Una nueva encuesta revela que los hispanos tienen el doble de inter\u00e9s en vacunarse \u201clo antes posible\u201d que los blancos no hispanos o personas de raza negra no hispanas. Los datos muestran que los problemas de acceso siguen siendo dif\u00edciles para la poblaci\u00f3n.<\/p>\n<p>&nbsp;<\/p>\n<p>Un tercio de los hispanos no vacunados dicen que quieren las dosis, en comparaci\u00f3n con el 17% de los negros y el 16% de los blancos, seg\u00fan la encuesta publicada por KFF (Kaiser Family Foundation).<\/p>\n<p>&nbsp;<\/p>\n<p>\u201cLos resultados reflejan una oportunidad para que los departamentos de salud p\u00fablica y los gobiernos locales lleguen a los hispanos con informaci\u00f3n y equipos de vacunaci\u00f3n\u201d, se\u00f1al\u00f3 Liz Hamel, vicepresidenta y directora de opini\u00f3n p\u00fablica e investigaci\u00f3n de encuestas en KFF, quien lidera las encuestas mensuales de la organizaci\u00f3n sobre la vacuna contra covid-19.<\/p>\n<p>&nbsp;<\/p>\n<p>\u201cDefinitivamente, hay una gran parte de la poblaci\u00f3n hispana que est\u00e1 deseando vacunarse, pero no han podido encontrar el tiempo, o tienen algunas preocupaciones o preguntas, o no han podido acceder a la vacuna\u201d, dijo Hamel.<\/p>\n<p>&nbsp;<\/p>\n<p>Seg\u00fan los Centros para el Control y la Prevenci\u00f3n de Enfermedades (CDC), <a href=\"https:\/\/covid.cdc.gov\/covid-data-tracker\/#datatracker-home\">s\u00f3lo alrededor del 13% de las personas<\/a> en los Estados Unidos que han recibido al menos una dosis de la vacuna son hispanas, aunque constituyen alrededor del 17% de la poblaci\u00f3n total. (S\u00f3lo la mitad de los datos de los CDC incluyen la raza o el origen \u00e9tnico de las personas vacunadas).<\/p>\n<p>&nbsp;<\/p>\n<p>Entre los hispanos no vacunados, el 64% estaba preocupado por la posibilidad de faltar al trabajo debido a los efectos secundarios de la vacuna, y el 52% estaba preocupado por tener que pagar las vacunas, aunque \u00e9stas se ofrecen sin costo alguno. Estas cifras son a\u00fan m\u00e1s altas entre los hispanos indocumentados.<\/p>\n<p>&nbsp;<\/p>\n<p>\u201cEs dif\u00edcil que alguien que vive al d\u00eda se tome medio d\u00eda libre para venir a una cl\u00ednica y tratar de vacunarse\u201d, dijo el doctor Jos\u00e9 P\u00e9rez, jefe m\u00e9dico del South Central Family Health Center, una organizaci\u00f3n de salud sin fines de lucro con cl\u00ednicas en todo el sur de Los \u00c1ngeles. \u201cSi no trabajan ese d\u00eda, no se ganan la vida y no comen\u201d.<\/p>\n<p>&nbsp;<\/p>\n<p>Aqu\u00e9llos que se enfrentan a problemas de inmigraci\u00f3n fueron m\u00e1s propensos a preocuparse por tener que mostrar una identificaci\u00f3n emitida por el gobierno o un n\u00famero de seguro social, seg\u00fan la encuesta de KFF.<\/p>\n<p>&nbsp;<\/p>\n<p>Las pol\u00edticas antiinmigrantes de la administraci\u00f3n Trump asustaron a las personas que buscaban cualquier servicio de salud p\u00fablica, por temor a que pudiera poner en peligro su estatus migratorio, dijo P\u00e9rez.<\/p>\n<p>&nbsp;<\/p>\n<p>\u201cPara los estadounidenses que est\u00e1n acostumbrados a tener orden en su vida, y no tienen que tener miedo de esto o aquello, esto puede parecer un poco extra\u00f1o. Pero para la comunidad inmigrante del sur de Los \u00c1ngeles, estos son factores con los que lidian a diario\u201d, agreg\u00f3.<\/p>\n<p>&nbsp;<\/p>\n<p>A pesar del mensaje esperanzador de la encuesta, la organizaci\u00f3n de P\u00e9rez s\u00f3lo ha administrado una fracci\u00f3n de las dosis que tiene a mano, aunque ha ampliado los lugares de vacunaci\u00f3n, y ahora ofrece una vacuna a cualquiera que entre en una de sus cl\u00ednicas, dijo P\u00e9rez.<\/p>\n<p>&nbsp;<\/p>\n<p>\u201cTodo lo que podemos hacer es seguir empujando, educando, y poniendo nuestro nombre ah\u00ed fuera. Con suerte, nos pondremos al d\u00eda\u201d, apunt\u00f3.<\/p>\n<p>&nbsp;<\/p>\n<p>La administraci\u00f3n Biden anunci\u00f3 <a href=\"https:\/\/www.whitehouse.gov\/briefing-room\/statements-releases\/2021\/04\/21\/fact-sheet-president-biden-to-call-on-all-employers-to-provide-paid-time-off-for-employees-to-get-vaccinated-after-meeting-goal-of-200-million-shots-in-the-first-100-days\/\">recientemente cr\u00e9ditos fiscales para<\/a> las peque\u00f1as empresas que den a sus trabajadores tiempo libre remunerado para recibir la vacuna y recuperarse en caso de efectos secundarios.<\/p>\n<p>&nbsp;<\/p>\n<p>Los proveedores no est\u00e1n autorizados a cobrar a la gente por la vacuna contra covid, y deben repartir las vacunas independientemente del estatus migratorio o del seguro m\u00e9dico.<\/p>\n<p>&nbsp;<\/p>\n<p>En California, en donde los hispanos representan cerca del 40% de la poblaci\u00f3n, el 48% de las muertes por covid y el 63% de los casos, alrededor del 32% se ha vacunado. Los casos y muertes est\u00e1n particularmente concentrados en los vecindarios de bajos ingresos, mayormente hispanos.<\/p>\n<p>&nbsp;<\/p>\n<p>Las cl\u00ednicas de salud comunitarias y las organizaciones de todo el estado est\u00e1n llevando la causa de las vacunas a las aceras, los supermercados y cualquier otro lugar donde se re\u00fana la gente, buscando asegurar que sepan c\u00f3mo obtener una cita para vacunarse.<\/p>\n<p>&nbsp;<\/p>\n<p>En el c\u00f3digo postal que rodea la sede principal de South Central Family Health Center, s\u00f3lo el 16% de los residentes elegibles ten\u00edan al menos una dosis hasta el 7 de mayo, seg\u00fan el <a href=\"https:\/\/public.tableau.com\/profile\/ca.open.data#!\/vizhome\/LHJVaccineEquityPerformance\/MapView\">rastreador de vacunas del Departamento de Salud P\u00fablica de California<\/a><u>.<\/u><\/p>\n<p>&nbsp;<\/p>\n<p>A cinco meses que comenzara la campa\u00f1a de vacunaci\u00f3n de la naci\u00f3n, mientras los CDC relajan las recomendaciones del uso de m\u00e1scara, la cl\u00ednica todav\u00eda est\u00e1 empujando la importancia de las m\u00e1scaras debido a la baja cantidad de personas que se han vacunado, dijo P\u00e9rez.<\/p>\n<p>&nbsp;<\/p>\n<blockquote><p>\u201cEs dif\u00edcil que alguien que vive al d\u00eda se tome medio d\u00eda libre para venir a una cl\u00ednica y tratar de vacunarse. Si no trabajan ese d\u00eda, no se ganan la vida y no comen\u201d.<br \/>\nDr. Jos\u00e9 P\u00e9rez, South Central Family Health Center<\/p>\n<p>&nbsp;<\/p><\/blockquote>\n<p>La \u201cindecisi\u00f3n en la vacunaci\u00f3n\u201d se ha convertido en una excusa general para explicar las bajas tasas de vacunaci\u00f3n entre las poblaciones minoritarias, pero el problema es complejo, dijo Nancy Mej\u00eda, directora del programa de Acceso a la Salud de los Latinos en Santa Ana, California, una organizaci\u00f3n sin fines de lucro que tiene un contrato con el condado de Orange para llevar la vacuna contra covid a los latinos.<\/p>\n<p>&nbsp;<\/p>\n<p>Las promotoras de su grupo se encuentran con personas que se enfrentan a una gran variedad de obst\u00e1culos para vacunarse, dijo.<\/p>\n<p>&nbsp;<\/p>\n<p>\u201cO\u00edmos todas estas preguntas: \u2018Bueno, no tengo seguro m\u00e9dico\u2019, o \u2018\u00bfTengo que pagar?\u2019 o \u2018No tengo correo electr\u00f3nico, \u00bfc\u00f3mo me registro?&#8217;\u201d, cont\u00f3 Mej\u00eda. \u201cCuando la gente habla de indecisi\u00f3n, realmente tenemos que preguntar de qu\u00e9 estamos hablando, y no seguir echando la culpa a las personas que realmente tienen buenas preguntas\u201d.<\/p>\n<p>&nbsp;<\/p>\n<p>Ahora que la demanda de citas para la vacunaci\u00f3n ha ca\u00eddo, Mej\u00eda y su grupo se est\u00e1n centrando m\u00e1s en eventos de vacunaci\u00f3n m\u00f3viles en edificios de condominios y estacionamientos a donde peatones y residentes pueden simplemente caminar. Los eventos son por las tardes, despu\u00e9s del trabajo, o los fines de semana, para que la decisi\u00f3n de vacunarse sea lo m\u00e1s f\u00e1cil posible.<\/p>\n<p>&nbsp;<\/p>\n<p>\u201cVemos que otros lugares han estado abiertos todo el d\u00eda y s\u00f3lo han entrado cinco personas\u201d, dijo. \u201cAs\u00ed que, para nosotros, estar abiertos s\u00f3lo unas horas por la tarde, y conseguir m\u00e1s de 100 personas es un gran \u00e9xito\u201d.<\/p>\n<p>&nbsp;<\/p>\n<p>Carmelo Morales, de 35 a\u00f1os y residente de Los \u00c1ngeles, era uno de los esc\u00e9pticos. Tras hablar con amigos y ver publicaciones en Instagram, tem\u00eda que las vacunas fueran un complot para enfermar a la gente. No ve\u00eda la urgencia de vacunarse.<\/p>\n<p>&nbsp;<\/p>\n<p>Pero Morales, que trabaja en una planta empacadora de carne, se ha visto profundamente afectado por los casos y las muertes entre sus colegas y sus familias en el \u00faltimo a\u00f1o. Un d\u00eda a finales de abril, mientras volv\u00eda a casa del trabajo, vio que los trabajadores de salud de una iglesia cercana a su casa estaban limpiando despu\u00e9s de un evento de vacunaci\u00f3n contra covid.<\/p>\n<p>&nbsp;<\/p>\n<p>Pregunt\u00f3 si hab\u00eda dosis sobrantes y, como su casa estaba cerca, las enfermeras esperaron a que corriera a su casa a buscar su identificaci\u00f3n para que pudiera ponerse la primera dosis.<\/p>\n<p>&nbsp;<\/p>\n<p>\u201cS\u00f3lo pens\u00e9 y me dije, oye, es mejor s\u00f3lo para estar del lado m\u00e1s seguro\u201d.<\/p>\n<p>&nbsp;<\/p>\n<p>Anna Almendrala es corresponsal de <a href=\"http:\/\/khn.org\/\"><em>Kaiser Health News<\/em><\/a><em>.<\/em> <em>Esta historia fue producida por<\/em> <em>Kaiser Health News, un programa editorialmente independiente de la Kaiser Family Foundation que no est\u00e1 relacionado con Kaiser Permanente.<\/em><\/p>\n<p>&nbsp;<\/p>\n<p><strong>Leer M\u00e1s Noticias de COVID-19: <\/strong><a href=\"http:\/\/WWW.ELSEMANARIO.US\"><strong>ELSEMANARIO.US<\/strong><\/a><\/p>\n<p>&nbsp;<\/p>\n","protected":false},"excerpt":{"rendered":"<p>Por Anna Almendrala \u00a0 Una nueva encuesta revela que los hispanos tienen el doble de inter\u00e9s en vacunarse \u201clo antes posible\u201d que los blancos no hispanos o personas de raza&#8230;<\/p>\n","protected":false},"author":403,"featured_media":14095,"comment_status":"open","ping_status":"open","sticky":false,"template":"","format":"standard","meta":{"give_campaign_id":0,"_jetpack_memberships_contains_paid_content":false,"footnotes":""},"categories":[74,78],"tags":[],"class_list":["post-14094","post","type-post","status-publish","format-standard","has-post-thumbnail","hentry","category-noticia-de-portada","category-salud"],"jetpack_featured_media_url":"https:\/\/i0.wp.com\/www.elsemanarioonline.com\/wp-content\/uploads\/2021\/05\/1-Covid-News-S-Latinos-Vaccine-1pic-by-Anna-Almendrala-KHN.jpg?fit=576%2C540&ssl=1","jetpack-related-posts":[],"jetpack_sharing_enabled":true,"_links":{"self":[{"href":"https:\/\/www.elsemanarioonline.com\/es\/wp-json\/wp\/v2\/posts\/14094","targetHints":{"allow":["GET"]}}],"collection":[{"href":"https:\/\/www.elsemanarioonline.com\/es\/wp-json\/wp\/v2\/posts"}],"about":[{"href":"https:\/\/www.elsemanarioonline.com\/es\/wp-json\/wp\/v2\/types\/post"}],"author":[{"embeddable":true,"href":"https:\/\/www.elsemanarioonline.com\/es\/wp-json\/wp\/v2\/users\/403"}],"replies":[{"embeddable":true,"href":"https:\/\/www.elsemanarioonline.com\/es\/wp-json\/wp\/v2\/comments?post=14094"}],"version-history":[{"count":0,"href":"https:\/\/www.elsemanarioonline.com\/es\/wp-json\/wp\/v2\/posts\/14094\/revisions"}],"wp:featuredmedia":[{"embeddable":true,"href":"https:\/\/www.elsemanarioonline.com\/es\/wp-json\/wp\/v2\/media\/14095"}],"wp:attachment":[{"href":"https:\/\/www.elsemanarioonline.com\/es\/wp-json\/wp\/v2\/media?parent=14094"}],"wp:term":[{"taxonomy":"category","embeddable":true,"href":"https:\/\/www.elsemanarioonline.com\/es\/wp-json\/wp\/v2\/categories?post=14094"},{"taxonomy":"post_tag","embeddable":true,"href":"https:\/\/www.elsemanarioonline.com\/es\/wp-json\/wp\/v2\/tags?post=14094"}],"curies":[{"name":"wp","href":"https:\/\/api.w.org\/{rel}","templated":true}]}}