{"id":13677,"date":"2021-04-21T19:20:47","date_gmt":"2021-04-21T19:20:47","guid":{"rendered":"http:\/\/elsemanarioflorida.com\/?p=10043"},"modified":"2021-04-21T19:20:47","modified_gmt":"2021-04-21T19:20:47","slug":"estan-con-la-gente-de-la-florida-2","status":"publish","type":"post","link":"https:\/\/www.elsemanarioonline.com\/es\/estan-con-la-gente-de-la-florida-2\/","title":{"rendered":"\u00bfEst\u00e1n con la Gente de la Florida?"},"content":{"rendered":"<p><!-- VideographyWP Plugin Message: Automatic video embedding prevented by plugin options. --><br \/>\nUna coalici\u00f3n de organizaciones de derechos civiles de Florida <a href=\"https:\/\/latinacomunica.us12.list-manage.com\/track\/click?u=92536c639eaa03d05031e5825&id=919aa4e6f0&e=b925965daa\">lanz\u00f3 una petici\u00f3n<\/a> y est\u00e1 invirtiendo seis cifras en una campa\u00f1a digital pidiendo a algunas de las corporaciones m\u00e1s grandes del estado que se opusieron a la injusticia racial el a\u00f1o pasado, que ahora defiendan los derechos de las comunidades de color en la Florida. La legislatura de la Florida est\u00e1 considerando proyectos de ley para criminalizar las manifestaciones pac\u00edficas (Proyecto de Ley 1 de la C\u00e1mara de Representantes y Proyecto de Ley 484 del Senado) y para dificultar el acceso al voto (Proyecto de Ley 90 del Senado y Proyecto de Ley 7041 de la C\u00e1mara de Representantes).<\/p>\n<p>\u201cA ra\u00edz del brutal asesinato de George Floyd, compa\u00f1\u00edas como Coca-Cola y Burger King compartieron publicaciones en las redes sociales prometiendo \u2018hacer m\u00e1s\u2019\u201d, dijo Nailah Summers, codirectora interina de Dream Defenders, parte de la coalici\u00f3n de organizaciones Florida para Todos. \u201cCon la legislatura de la Florida y el gobernador DeSantis buscando silenciar la libertad de expresi\u00f3n de los habitantes de la Florida y suprimir nuestro derecho al voto, ahora es el momento de que pongan su dinero donde est\u00e1n sus intereses\u201d.<\/p>\n<blockquote><p>\u201cCon la legislatura de la Florida y el gobernador DeSantis buscando silenciar la libertad de expresi\u00f3n de los habitantes de la Florida y suprimir nuestro derecho al voto, ahora es el momento de que pongan su dinero donde est\u00e1n sus intereses\u201d.<br \/>\nNailah Summers, Dream Defenders<\/p><\/blockquote>\n<p>El proyecto de ley de censura de DeSantis (HB1), opuesto <u>por <\/u><a href=\"https:\/\/latinacomunica.us12.list-manage.com\/track\/click?u=92536c639eaa03d05031e5825&id=23c06c4ff4&e=b925965daa\">fiscales, alguaciles<\/a><u> y floridanos de todas las ideolog\u00edas pol\u00edticas, proteg<\/u>e a los actores violentos que hieren o matan a manifestantes pac\u00edficos y propone encarcelar a los manifestantes durante 15 a\u00f1os sin fianza. Tambi\u00e9n evita que los municipios de Florida tomen decisiones soberanas sobre los presupuestos de la polic\u00eda local. Los proyectos de ley de supresi\u00f3n de votantes (SB 90 y HB7041), agregan nuevas restricciones a los buzones, dificultan el voto por correo y proh\u00edben a los floridanos dar agua a los votantes que esperan en fila durante horas bajo el duro clima de la Florida. En su totalidad, hemos visto innumerables propuestas de pol\u00edticas en esta sesi\u00f3n legislativa dirigidas a limitar los derechos de los floridanos de color, los trabajadores esenciales y los miembros m\u00e1s vulnerables de nuestra comunidad.<\/p>\n<p>\u201cDesde que inici\u00f3 la pandemia, los floridanos han soportado un sistema de desempleo fallido y una pol\u00edtica hiperpartidista que puso a la salud p\u00fablica en \u00faltimo lugar. Necesitamos los recursos y el liderazgo para llegar al otro lado de la pandemia, no pol\u00edticas discriminatorias y costosas que van en contra de los principios fundamentales de nuestra naci\u00f3n. Necesitamos que las empresas en la Florida aprovechen su poder en el proceso legislativo para condenar de manera significativa estos proyectos de ley anti-negros y anti-americanos\u201d, dijo Summers.<\/p>\n<p>\u00a0<\/p>\n<p><strong>Para M\u00e1s Noticias de Florida: <\/strong><a href=\"http:\/\/WWW.ELSEMANARIO.US\"><strong>ELSEMANARIO.US<\/strong><\/a><\/p>\n<p>\u00a0<\/p>\n","protected":false},"excerpt":{"rendered":"<p>Una coalici\u00f3n de organizaciones de derechos civiles de Florida lanz\u00f3 una petici\u00f3n y est\u00e1 invirtiendo seis cifras en una campa\u00f1a digital pidiendo a algunas de las corporaciones m\u00e1s grandes del&#8230;<\/p>\n","protected":false},"author":403,"featured_media":0,"comment_status":"open","ping_status":"open","sticky":false,"template":"","format":"standard","meta":{"give_campaign_id":0,"_jetpack_memberships_contains_paid_content":false,"footnotes":""},"categories":[98],"tags":[],"class_list":["post-13677","post","type-post","status-publish","format-standard","hentry","category-florida-es"],"jetpack_featured_media_url":"","jetpack-related-posts":[],"jetpack_sharing_enabled":true,"_links":{"self":[{"href":"https:\/\/www.elsemanarioonline.com\/es\/wp-json\/wp\/v2\/posts\/13677","targetHints":{"allow":["GET"]}}],"collection":[{"href":"https:\/\/www.elsemanarioonline.com\/es\/wp-json\/wp\/v2\/posts"}],"about":[{"href":"https:\/\/www.elsemanarioonline.com\/es\/wp-json\/wp\/v2\/types\/post"}],"author":[{"embeddable":true,"href":"https:\/\/www.elsemanarioonline.com\/es\/wp-json\/wp\/v2\/users\/403"}],"replies":[{"embeddable":true,"href":"https:\/\/www.elsemanarioonline.com\/es\/wp-json\/wp\/v2\/comments?post=13677"}],"version-history":[{"count":0,"href":"https:\/\/www.elsemanarioonline.com\/es\/wp-json\/wp\/v2\/posts\/13677\/revisions"}],"wp:attachment":[{"href":"https:\/\/www.elsemanarioonline.com\/es\/wp-json\/wp\/v2\/media?parent=13677"}],"wp:term":[{"taxonomy":"category","embeddable":true,"href":"https:\/\/www.elsemanarioonline.com\/es\/wp-json\/wp\/v2\/categories?post=13677"},{"taxonomy":"post_tag","embeddable":true,"href":"https:\/\/www.elsemanarioonline.com\/es\/wp-json\/wp\/v2\/tags?post=13677"}],"curies":[{"name":"wp","href":"https:\/\/api.w.org\/{rel}","templated":true}]}}