{"id":13676,"date":"2021-03-20T23:33:10","date_gmt":"2021-03-20T23:33:10","guid":{"rendered":"http:\/\/elsemanarioflorida.com\/?p=10035"},"modified":"2021-03-20T23:33:10","modified_gmt":"2021-03-20T23:33:10","slug":"ningun-refugio-para-menores-2","status":"publish","type":"post","link":"https:\/\/www.elsemanarioonline.com\/es\/ningun-refugio-para-menores-2\/","title":{"rendered":"Ning\u00fan \u2018Refugio\u2019 Para Menores"},"content":{"rendered":"<p><!-- VideographyWP Plugin Message: Automatic video embedding prevented by plugin options. --><br \/>\n\u00a0<\/p>\n<p>Por Robert Valencia y Erin Fitzgerald<\/p>\n<p>\u00a0<\/p>\n<p>La Administraci\u00f3n Biden anunci\u00f3 un <a href=\"https:\/\/www.miamiherald.com\/article249449265.html\">plan para reabrir<\/a> un centro de detenci\u00f3n con fines de lucro ubicado en Homestead, Florida, para albergar a los menores que llegaron solos o fueron separados de sus familias en la frontera de Estados Unidos.<\/p>\n<p>El centro de detenci\u00f3n de Homestead, ahora conocido como Biscayne Influx Care Facility, se <a href=\"https:\/\/www.afsc.org\/blogs\/news-and-commentary\/what-it-means-we-shut-down-homestead-detention-center\">cerr\u00f3 en agosto de 2019<\/a> despu\u00e9s de una protesta p\u00fablica por las condiciones inseguras de la instalaci\u00f3n. Ahora vuelve a ser noticia, ya que la administraci\u00f3n Biden enfrenta enrevesadas crisis de inmigraci\u00f3n y COVID-19.<\/p>\n<p>Si bien la administraci\u00f3n se refiere a Homestead como un \u00ab<a href=\"http:\/\/www.local10.com\/news\/local\/2021\/02\/27\/white-house-on-returning-migrant-kids-to-homestead-its-not-a-detention-center-its-a-shelter\/\">refugio<\/a>\u00ab, la instalaci\u00f3n ha sido criticada durante mucho tiempo como el equivalente a una prisi\u00f3n. Estas justificaciones sem\u00e1nticas tampoco hacen nada para abordar el hecho de que la instalaci\u00f3n est\u00e1 cerca de un sitio t\u00f3xico y <a href=\"http:\/\/www.afsc.org\/document\/afscs-report-health-risk-homestead-detention-center\">no es segura para los menores<\/a> y trabajadores.<\/p>\n<blockquote><p>\u201cEstos menores, que ya han experimentado un trauma significativo, est\u00e1n siendo sometidos a riesgos innecesarios, desde huracanes hasta agresiones sexuales en una instalaci\u00f3n administrada con fines de lucro y por personas sin experiencia o inter\u00e9s en su bienestar\u00bb.<br \/>\nLis-Marie Alvarado, AFSC\n<\/p><\/blockquote>\n<p>Earthjustice y nuestro cliente, American Friends Service Committee (AFSC), junto con una coalici\u00f3n nacional de derechos humanos, est\u00e1n pidiendo a la administraci\u00f3n Biden que cierre permanentemente esta instalaci\u00f3n.<\/p>\n<p>\u201cLos centros de detenci\u00f3n no son un lugar para menores\u201d, dice Lis-Marie Alvarado, directora de programas de AFSC. \u201cVa a ser imposible mantener las normas de seguridad frente al COVID-19. Estos menores, que ya han experimentado un trauma significativo, est\u00e1n siendo sometidos a riesgos innecesarios, desde huracanes hasta agresiones sexuales en una instalaci\u00f3n administrada con fines de lucro y por personas sin experiencia o inter\u00e9s en su bienestar\u00bb.<\/p>\n<p>En su momento, Homestead fue el centro de detenci\u00f3n de menores m\u00e1s grande de los Estados Unidos. La instalaci\u00f3n albergaba a miles de menores de 13 a 17 a\u00f1os, algunos de los cuales hab\u00edan sido separados de sus padres. <a href=\"https:\/\/www.miamiherald.com\/news\/local\/immigration\/article244244402.html\">Varios menores denunciaron abusos sexuales<\/a> a manos de los empleados de Homestead, lo que provoc\u00f3 el despido y la dimisi\u00f3n de varios empleados.<\/p>\n<p>La noticia de esta reapertura llega justo despu\u00e9s de que la administraci\u00f3n reabriera un centro de detenci\u00f3n de menores con <a href=\"https:\/\/www.washingtonpost.com\/national\/immigrant-children-camp-texas-biden\/2021\/02\/22\/05dfd58c-7533-11eb-8115-9ad5e9c02117_story.html\">700 camas en Carrizo Springs, Texas<\/a>.<\/p>\n<p>Homestead, que es operado por contratistas privados con fines de lucro, est\u00e1 a menos de una milla de un sitio catalogado como \u201c<a href=\"https:\/\/cumulis.epa.gov\/supercpad\/cursites\/csitinfo.cfm?id=0404746\">Superfund<\/a>\u201d (es decir, un lugar que contiene desechos t\u00f3xicos y designado por la EPA) de la Base de la Fuerza A\u00e9rea hom\u00f3nima, que contiene ocho puntos cr\u00edticos contaminados por <a href=\"http:\/\/www.afsc.org\/document\/afscs-report-health-risk-homestead-detention-center\">16 contaminantes diferentes<\/a>.<\/p>\n<p>\u201cNo hay garant\u00eda ni indicios de que esta instalaci\u00f3n sea segura para menores detenidos all\u00ed\u201d, dice Dominique Burkhardt, abogado de Earthjustice. \u00abSabemos que el \u00e1rea aleda\u00f1a est\u00e1 plagada de contaminantes ambientales generalizados, y la falta continua de transparencia y de respuesta a nuestras solicitudes bajo la Ley de Libertad de Informaci\u00f3n (FOIA) para obtener m\u00e1s informaci\u00f3n es incre\u00edblemente preocupante\u00bb.<\/p>\n<p>Los contaminantes que se encuentran en el suelo y el agua subterr\u00e1nea en estas fuentes incluyen metales, pesticidas, compuestos org\u00e1nicos vol\u00e1tiles y semivol\u00e1tiles, y compuestos vol\u00e1tiles clorados como resultado de fugas, derrames, manejo de desechos de materiales peligrosos y otros procesos industriales y militares. Muchos de los contaminantes causan c\u00e1ncer y pueden provocar serios problemas de salud como la insuficiencia renal, trastornos sangu\u00edneos y da\u00f1os en el desarrollo.<\/p>\n<p>En 2019, Earthjustice present\u00f3 solicitudes de la FOIA a m\u00faltiples agencias federales en busca de documentos sobre una posible contaminaci\u00f3n y otros riesgos de seguridad. Los documentos disponibles hasta ahora revelan la presencia de asbesto, pintura a base de plomo, moho y bifenilo policlorado en el sitio donde se encuentra el centro de detenci\u00f3n. Algunos, pero no todos, han sido remediados de acuerdo con una <a href=\"https:\/\/earthjustice.org\/documents\/reference\/job-corp-environmental-assessment-2018\">evaluaci\u00f3n ambiental de 2018<\/a>.<\/p>\n<p>Pero las agencias federales han estado eludiendo su deber de responder a nuestras solicitudes de FOIA.<\/p>\n<p>La EPA inform\u00f3 que los registros de pruebas ambientales en el sitio donde se ubica el centro de detenci\u00f3n estar\u00edan en posesi\u00f3n de la Fuerza A\u00e9rea de los EE.UU., ya que el centro de detenci\u00f3n est\u00e1 adyacente a la Base de la Reserva A\u00e9rea de Homestead. Despu\u00e9s de 19 meses sin una respuesta y con demoras \u2014 m\u00e1s de 20 d\u00edas h\u00e1biles requeridos por la ley federal \u2014 Earthjustice todav\u00eda espera a que la Fuerza A\u00e9rea tome cartas en el asunto.<\/p>\n<p>El DHS transfiri\u00f3 la solicitud de Earthjustice al Servicio de Inmigraci\u00f3n y Control de Aduanas (ICE). Hasta la fecha, despu\u00e9s de numerosos intentos de seguimiento, ICE a\u00fan no ha respondido a la solicitud de registros de Earthjustice.<\/p>\n<p>Las condiciones en Homestead no son \u00fanicas. El gobierno federal ha mostrado un flagrante desprecio por la salud de quienes est\u00e1n bajo su custodia.<\/p>\n<p>Los abusos denunciados abarcan desde la <a href=\"http:\/\/www.npr.org\/2020\/09\/18\/914465793\/ice-a-whistleblower-and-forced-sterilization\">esterilizaci\u00f3n forzada<\/a>, el <a href=\"https:\/\/earthjustice.org\/news\/press\/2020\/immigrants-in-detention-facilities-at-risk-of-toxic-chemical-exposure-according-to-newly-compiled-research\">uso de desinfectantes qu\u00edmicos industriales<\/a> en otras instalaciones con migrantes detenidos, <a href=\"https:\/\/earthjustice.org\/news\/press\/2020\/over-50-covid-19-cases-reported-at-adelanto-detention-center\">brotes incontrolados de COVID-19<\/a>, hasta intentos de construir otras instalaciones en <a href=\"https:\/\/earthjustice.org\/features\/migrant-children-detention-center-fort-bliss-documents\">sitios \u201cSuperfund\u201d altamente t\u00f3xicos<\/a>.<\/p>\n<p>Estas constantes fallas han creado condiciones que hacen imposible mantener a salvo a los detenidos. Por lo tanto, pedimos la liberaci\u00f3n inmediata de todos los migrantes en dichos centros a viviendas seguras con sus familias o patrocinadores.<\/p>\n<p>\u00a0<\/p>\n<p>Robert Valencia es un estratega de medios en espa\u00f1ol con Earthjustice. Erin Fitzgerald es la Secretaria de Prensa de Comunidades Saludables para Earthjustice.<\/p>\n<p>\u00a0<\/p>\n<p><strong>Para M\u00e1s Noticias de Florida: <\/strong><a href=\"http:\/\/WWW.ELSEMANARIO.US\"><strong>ELSEMANARIO.US<\/strong><\/a><\/p>\n<p>\u00a0<\/p>\n<p>\u00a0<\/p>\n","protected":false},"excerpt":{"rendered":"<p>\u00a0 Por Robert Valencia y Erin Fitzgerald \u00a0 La Administraci\u00f3n Biden anunci\u00f3 un plan para reabrir un centro de detenci\u00f3n con fines de lucro ubicado en Homestead, Florida, para albergar&#8230;<\/p>\n","protected":false},"author":403,"featured_media":0,"comment_status":"open","ping_status":"open","sticky":false,"template":"","format":"standard","meta":{"give_campaign_id":0,"_jetpack_memberships_contains_paid_content":false,"footnotes":""},"categories":[98],"tags":[],"class_list":["post-13676","post","type-post","status-publish","format-standard","hentry","category-florida-es"],"jetpack_featured_media_url":"","jetpack-related-posts":[],"jetpack_sharing_enabled":true,"_links":{"self":[{"href":"https:\/\/www.elsemanarioonline.com\/es\/wp-json\/wp\/v2\/posts\/13676","targetHints":{"allow":["GET"]}}],"collection":[{"href":"https:\/\/www.elsemanarioonline.com\/es\/wp-json\/wp\/v2\/posts"}],"about":[{"href":"https:\/\/www.elsemanarioonline.com\/es\/wp-json\/wp\/v2\/types\/post"}],"author":[{"embeddable":true,"href":"https:\/\/www.elsemanarioonline.com\/es\/wp-json\/wp\/v2\/users\/403"}],"replies":[{"embeddable":true,"href":"https:\/\/www.elsemanarioonline.com\/es\/wp-json\/wp\/v2\/comments?post=13676"}],"version-history":[{"count":0,"href":"https:\/\/www.elsemanarioonline.com\/es\/wp-json\/wp\/v2\/posts\/13676\/revisions"}],"wp:attachment":[{"href":"https:\/\/www.elsemanarioonline.com\/es\/wp-json\/wp\/v2\/media?parent=13676"}],"wp:term":[{"taxonomy":"category","embeddable":true,"href":"https:\/\/www.elsemanarioonline.com\/es\/wp-json\/wp\/v2\/categories?post=13676"},{"taxonomy":"post_tag","embeddable":true,"href":"https:\/\/www.elsemanarioonline.com\/es\/wp-json\/wp\/v2\/tags?post=13676"}],"curies":[{"name":"wp","href":"https:\/\/api.w.org\/{rel}","templated":true}]}}