{"id":13052,"date":"2021-04-18T15:12:50","date_gmt":"2021-04-18T15:12:50","guid":{"rendered":"https:\/\/www.elsemanarioonline.com\/?p=13052"},"modified":"2021-04-18T15:19:29","modified_gmt":"2021-04-18T15:19:29","slug":"el-ccpjc-de-denver-reflexiona-sobre-la-justicia-esencial","status":"publish","type":"post","link":"https:\/\/www.elsemanarioonline.com\/es\/el-ccpjc-de-denver-reflexiona-sobre-la-justicia-esencial\/","title":{"rendered":"El CCPJC de Denver Reflexiona sobre la Justicia Esencial"},"content":{"rendered":"<p><!-- VideographyWP Plugin Message: Automatic video embedding prevented by plugin options. --><br \/>\n<strong>Por Toni Fr\u00e9squez<\/strong><\/p>\n<p>\u00a0<\/p>\n<p>Es importante recordar la vida y la defensa de los derechos humanos de C\u00e9sar Ch\u00e1vez\u2014un \u00a0humanitario extraordinario\u2014y de todos los que trabajaron incansablemente junto a \u00e9l, como Dolores Huerta, Gilbert Padilla, Larry Itliong, Peter Velasco y Philip Vera Cruz y los miles de trabajadores agr\u00edcolas, para construir uno de los grupos de defensa de los trabajadores agr\u00edcolas m\u00e1s respetados de la naci\u00f3n, la Uni\u00f3n de Campesinos.<\/p>\n<p>Este a\u00f1o fue un esfuerzo monumental en Denver, celebrando dos d\u00e9cadas de homenaje al fallecido l\u00edder de los derechos civiles. El evento de este a\u00f1o se celebr\u00f3 virtualmente con la oradora principal Dolores Huerta, que cumplir\u00e1 91 a\u00f1os el 10 de abril, y que se organiz\u00f3 junto a Ch\u00e1vez para formar la Uni\u00f3n de Campesinos.<\/p>\n<figure id=\"attachment_13053\" aria-describedby=\"caption-attachment-13053\" style=\"width: 640px\" class=\"wp-caption aligncenter\"><img data-recalc-dims=\"1\" fetchpriority=\"high\" decoding=\"async\" class=\"wp-image-13053 size-large\" src=\"https:\/\/i0.wp.com\/www.elsemanarioonline.com\/wp-content\/uploads\/2021\/04\/CO-1-State-E-Colo-CCPJC-1pic-by-Toni-Vigil-of-Alires.jpg?resize=640%2C487&ssl=1\" alt=\"\" width=\"640\" height=\"487\" srcset=\"https:\/\/i0.wp.com\/www.elsemanarioonline.com\/wp-content\/uploads\/2021\/04\/CO-1-State-E-Colo-CCPJC-1pic-by-Toni-Vigil-of-Alires.jpg?resize=1024%2C779&ssl=1 1024w, https:\/\/i0.wp.com\/www.elsemanarioonline.com\/wp-content\/uploads\/2021\/04\/CO-1-State-E-Colo-CCPJC-1pic-by-Toni-Vigil-of-Alires.jpg?resize=300%2C228&ssl=1 300w, https:\/\/i0.wp.com\/www.elsemanarioonline.com\/wp-content\/uploads\/2021\/04\/CO-1-State-E-Colo-CCPJC-1pic-by-Toni-Vigil-of-Alires.jpg?resize=150%2C114&ssl=1 150w, https:\/\/i0.wp.com\/www.elsemanarioonline.com\/wp-content\/uploads\/2021\/04\/CO-1-State-E-Colo-CCPJC-1pic-by-Toni-Vigil-of-Alires.jpg?resize=600%2C457&ssl=1 600w, https:\/\/i0.wp.com\/www.elsemanarioonline.com\/wp-content\/uploads\/2021\/04\/CO-1-State-E-Colo-CCPJC-1pic-by-Toni-Vigil-of-Alires.jpg?w=1159&ssl=1 1159w\" sizes=\"(max-width: 640px) 100vw, 640px\" \/><figcaption id=\"caption-attachment-13053\" class=\"wp-caption-text\">Foto: Toni Vigil\/CCPJC of Denver Orlando Moreno, estudiante de la Universidad Metropolitana de Colorado, fue galardonado con el Premio al Liderazgo Juvenil.<\/figcaption><\/figure>\n<p>\u00ab[Con respecto a] los trabajadores agr\u00edcolas en Colorado, tenemos que decirles a nuestros legisladores que estamos muy atrasados y que ahora es el momento de ponernos al d\u00eda\u00bb, dijo Huerta, hablando de la legislaci\u00f3n estatal para los derechos de los trabajadores agr\u00edcolas.<\/p>\n<p>\u00abTenemos que recordarles [a los legisladores] que la comida que comen -los trabajadores agr\u00edcolas tocaron su comida\u00bb, coment\u00f3 Huerta. \u00abMiren la comida en la mesa de todos los d\u00edas-cuando se sientan a comer, un trabajador agr\u00edcola pone su comida en la mesa. Y ahora, tenemos que decir a los agricultores de Colorado que tenemos que dar un paso adelante en el siglo XXI\u00bb.<\/p>\n<figure id=\"attachment_13057\" aria-describedby=\"caption-attachment-13057\" style=\"width: 259px\" class=\"wp-caption alignleft\"><img data-recalc-dims=\"1\" decoding=\"async\" class=\"wp-image-13057 size-medium\" src=\"https:\/\/i0.wp.com\/www.elsemanarioonline.com\/wp-content\/uploads\/2021\/04\/CO-1-State-E-Colo-CCPJC-2pic-by-Toni-Vigil-of-Orlando-Moreno.jpg?resize=259%2C300&ssl=1\" alt=\"\" width=\"259\" height=\"300\" srcset=\"https:\/\/i0.wp.com\/www.elsemanarioonline.com\/wp-content\/uploads\/2021\/04\/CO-1-State-E-Colo-CCPJC-2pic-by-Toni-Vigil-of-Orlando-Moreno.jpg?resize=259%2C300&ssl=1 259w, https:\/\/i0.wp.com\/www.elsemanarioonline.com\/wp-content\/uploads\/2021\/04\/CO-1-State-E-Colo-CCPJC-2pic-by-Toni-Vigil-of-Orlando-Moreno.jpg?resize=129%2C150&ssl=1 129w, https:\/\/i0.wp.com\/www.elsemanarioonline.com\/wp-content\/uploads\/2021\/04\/CO-1-State-E-Colo-CCPJC-2pic-by-Toni-Vigil-of-Orlando-Moreno.jpg?resize=600%2C696&ssl=1 600w, https:\/\/i0.wp.com\/www.elsemanarioonline.com\/wp-content\/uploads\/2021\/04\/CO-1-State-E-Colo-CCPJC-2pic-by-Toni-Vigil-of-Orlando-Moreno.jpg?w=613&ssl=1 613w\" sizes=\"(max-width: 259px) 100vw, 259px\" \/><figcaption id=\"caption-attachment-13057\" class=\"wp-caption-text\">Foto: Toni Vigil\/CCPJC of Denver Jim Garc\u00eda, presidente y director general de Tepeyac Community Health Center, recibi\u00f3 el premio al liderazgo organizativo.<\/figcaption><\/figure>\n<p>Huerta habl\u00f3 de los importantes sacrificios que los trabajadores agr\u00edcolas siguen afrontando mientras tratan de ganarse la vida para sus propias familias.<\/p>\n<p>\u00abEst\u00e1n trabajando durante la pandemia y en California han trabajado durante los incendios forestales y el humo; era dif\u00edcil para ellos respirar, y a\u00fan as\u00ed siguieron trabajando y poniendo comida en la mesa de todos, todos los d\u00edas\u00bb.<\/p>\n<p>4Huerta habl\u00f3 de la conexi\u00f3n entre la legislaci\u00f3n y Ch\u00e1vez. \u00abTodo esto forma parte del legado de C\u00e9sar Ch\u00e1vez\u00bb, dijo.<\/p>\n<p>\u00abEste es un momento crucial en nuestro pa\u00eds, el pueblo tiene el poder de hacer el cambio\u00bb, anim\u00f3 Huerta.<\/p>\n<p>Explic\u00f3 los inicios del movimiento campesino.<\/p>\n<p>\u00abFred Ross, Sr., nos ense\u00f1\u00f3 a todos c\u00f3mo hacer organizaci\u00f3n de base \u2013<\/p>\n<p>reunir a la gente por familias\u20144, 5, 6 a la vez\u2014hablarles y explicarles c\u00f3mo cambiar sus condiciones y convencerles de que ten\u00edan el poder de hacerlo. Les explicamos que nadie iba a hacerlo por ellos, que ten\u00edan que hacerlo por s\u00ed mismos\u00bb.<\/p>\n<p>Huerta comparti\u00f3 los pasos que dieron para crear el hist\u00f3rico movimiento y el poder de la organizaci\u00f3n.<\/p>\n<p>\u00abEn cuanto nos organizamos, registramos a la gente para que votara, fuimos de puerta en puerta para que la gente votara y luego apoyamos a los candidatos progresistas que nos apoyaban y que trabajar\u00edan para nosotros, y no en contra de nosotros. Es el mismo proceso que ense\u00f1amos a los trabajadores agr\u00edcolas\u00bb, explic\u00f3 Huerta. \u00abEs importante que le recordemos a la gente, especialmente a los j\u00f3venes, que a menos que se ponga en una ley, no se puede implementar, no se puede hacer cumplir, y no se puede hacer responsable a la gente; as\u00ed que, hacer el trabajo de acci\u00f3n es parte de la base de todo para el cambio\u00bb.<\/p>\n<p>Huerta se\u00f1al\u00f3 los actuales actos de supresi\u00f3n de votantes y la importancia de la participaci\u00f3n de los mismos.<\/p>\n<figure id=\"attachment_13055\" aria-describedby=\"caption-attachment-13055\" style=\"width: 288px\" class=\"wp-caption alignleft\"><img data-recalc-dims=\"1\" decoding=\"async\" class=\"wp-image-13055 size-medium\" src=\"https:\/\/i0.wp.com\/www.elsemanarioonline.com\/wp-content\/uploads\/2021\/04\/CO-1-State-E-Colo-CCPJC-1pic-by-Toni-Vigil-of-Jim-Garcia.jpg?resize=288%2C300&ssl=1\" alt=\"\" width=\"288\" height=\"300\" srcset=\"https:\/\/i0.wp.com\/www.elsemanarioonline.com\/wp-content\/uploads\/2021\/04\/CO-1-State-E-Colo-CCPJC-1pic-by-Toni-Vigil-of-Jim-Garcia.jpg?resize=288%2C300&ssl=1 288w, https:\/\/i0.wp.com\/www.elsemanarioonline.com\/wp-content\/uploads\/2021\/04\/CO-1-State-E-Colo-CCPJC-1pic-by-Toni-Vigil-of-Jim-Garcia.jpg?resize=144%2C150&ssl=1 144w, https:\/\/i0.wp.com\/www.elsemanarioonline.com\/wp-content\/uploads\/2021\/04\/CO-1-State-E-Colo-CCPJC-1pic-by-Toni-Vigil-of-Jim-Garcia.jpg?w=556&ssl=1 556w\" sizes=\"(max-width: 288px) 100vw, 288px\" \/><figcaption id=\"caption-attachment-13055\" class=\"wp-caption-text\">Foto: Toni Vigil\/CCPJC of Denver Jim Garc\u00eda, presidente y director general de Tepeyac Community Health Center, recibi\u00f3 el premio al liderazgo organizativo.<\/figcaption><\/figure>\n<p>\u00abVotar es una acci\u00f3n no violenta. Boicotear es un acto no violento \u2013 tenemos que hacerles entender [a las empresas] y hacerlas responsables\u00bb, declar\u00f3 Huerta. \u00abEstamos en un punto cr\u00edtico en nuestro pa\u00eds en este momento, el pueblo tiene el poder, y tenemos el derecho a organizarnos. Si se puede\u00bb, dijo Huerta.<\/p>\n<p>La querida Huerta termin\u00f3 su discurso compartiendo una reciente discusi\u00f3n con su hijo, quien le dijo \u00abMam\u00e1, no eres un icono, eres un ican\u00bb.<\/p>\n<p>Durante m\u00e1s de veinte a\u00f1os, un peque\u00f1o grupo de voluntarios ha mantenido la visi\u00f3n y los ideales del difunto C\u00e9sar Ch\u00e1vez a trav\u00e9s de los esfuerzos del Comit\u00e9 de Paz y Justicia C\u00e9sar Ch\u00e1vez de Denver (CCPJC).<\/p>\n<blockquote><p>\u00abEste es un momento crucial en nuestro pa\u00eds, el pueblo tiene el poder de hacer el cambio\u201d.<br \/>\nDolores Huerta, Fundaci\u00f3n de Dolores Huerta<\/p><\/blockquote>\n<p>El Semanario ha relatado los inicios de las acciones y eventos del CCPJC para asegurar la continuidad de su trabajo, as\u00ed como la historia del movimiento de los trabajadores agr\u00edcolas.<\/p>\n<p>A trav\u00e9s de numerosos esfuerzos para asegurar el lugar de Ch\u00e1vez en la historia de Colorado, el CCPJC de Denver lider\u00f3 los esfuerzos para cambiar el nombre de un parque a C\u00e9sar Ch\u00e1vez Park en el noroeste de Denver, que tambi\u00e9n muestra un busto de Ch\u00e1vez, creado por el artista Emanuel Mart\u00ednez.<\/p>\n<p>Cada a\u00f1o, el Comit\u00e9 premia a los miembros de la comunidad y a las organizaciones que siguen los ideales de no violencia de Ch\u00e1vez para obtener justicia para todas las personas.<\/p>\n<p>Entre los galardonados de este a\u00f1o se encuentran Ellen Alires Trujillo, de Broomfield, CO, que recibi\u00f3 el Premio al Liderazgo Ancestral. Deborah y Juan Espinoza, de Pueblo, CO, recibieron el Premio al Liderazgo Ancestral; Rhonda Sol\u00eds, de Greeley, CO, recibi\u00f3 el Premio al Liderazgo Femenino; Mitchell Garc\u00eda, de Denver, CO, recibi\u00f3 el Premio al Liderazgo Masculino; Orlando Moreno, de Denver, CO, fue honrado con el Premio al Liderazgo Juvenil; y el Centro Comunitario de Salud Tepeyac (antes Cl\u00ednica Tepeyac), de Denver, CO, recibi\u00f3 el Premio al Liderazgo Organizacional.<\/p>\n<figure id=\"attachment_13059\" aria-describedby=\"caption-attachment-13059\" style=\"width: 864px\" class=\"wp-caption aligncenter\"><img data-recalc-dims=\"1\" loading=\"lazy\" decoding=\"async\" class=\"wp-image-13059 size-full\" src=\"https:\/\/i0.wp.com\/www.elsemanarioonline.com\/wp-content\/uploads\/2021\/04\/CO-1-State-E-Colo-CCPJC-2pic-by-Toni-Vigil-of-Trujillo.jpg?resize=640%2C479&ssl=1\" alt=\"\" width=\"640\" height=\"479\" srcset=\"https:\/\/i0.wp.com\/www.elsemanarioonline.com\/wp-content\/uploads\/2021\/04\/CO-1-State-E-Colo-CCPJC-2pic-by-Toni-Vigil-of-Trujillo.jpg?w=864&ssl=1 864w, https:\/\/i0.wp.com\/www.elsemanarioonline.com\/wp-content\/uploads\/2021\/04\/CO-1-State-E-Colo-CCPJC-2pic-by-Toni-Vigil-of-Trujillo.jpg?resize=300%2C224&ssl=1 300w, https:\/\/i0.wp.com\/www.elsemanarioonline.com\/wp-content\/uploads\/2021\/04\/CO-1-State-E-Colo-CCPJC-2pic-by-Toni-Vigil-of-Trujillo.jpg?resize=150%2C112&ssl=1 150w, https:\/\/i0.wp.com\/www.elsemanarioonline.com\/wp-content\/uploads\/2021\/04\/CO-1-State-E-Colo-CCPJC-2pic-by-Toni-Vigil-of-Trujillo.jpg?resize=600%2C449&ssl=1 600w\" sizes=\"(max-width: 640px) 100vw, 640px\" \/><figcaption id=\"caption-attachment-13059\" class=\"wp-caption-text\">Foto: Toni Vigil\/CCPJC of Denver Ellen Alires Trujillo (aqu\u00ed con su marido Lorenzo Trujillo) recibi\u00f3 el Premio Anciana al Liderazgo.<\/figcaption><\/figure>\n<p>La Dra. Ellen Alires Trujillo, de Broomfield, CO, recibi\u00f3 el Premio al Liderazgo Ancestral.<\/p>\n<p>\u00abEste premio es especialmente significativo para m\u00ed\u00bb, dijo Alires Trujillo, \u00abhabiendo pasado tiempo trabajando en el campo en mi juventud, tengo un profundo aprecio por C\u00e9sar Ch\u00e1vez y Dolores Huerta y por aquellos que se comprometen a organizar y apoyar continuamente a nuestra comunidad.\u00bb<\/p>\n<p>El activista Mitchell Garc\u00eda, de Denver, CO, fue honrado con el Premio al Liderazgo Masculino y el miembro del CCPJC, Toby Leroux, ley\u00f3 los comentarios en nombre de Garc\u00eda, que se uni\u00f3 al evento a distancia.<\/p>\n<p>\u00abHe pedido que se lean mis comentarios para poder abordar el reto de mi discapacidad. Gracias a CCPJC Denver por este estimado honor, acepto humildemente este premio en memoria de mis difuntos padres y como un tributo a ellos y a las trabajadoras familias chicanas del Valle de San Luis. Debemos buscar un camino para cambiar las leyes de los trabajadores agr\u00edcolas en Colorado\u00bb.<\/p>\n<p>El premio al liderazgo juvenil de este a\u00f1o fue otorgado a Orlando Moreno, un estudiante de la Universidad Estatal Metropolitana de Denver que comparti\u00f3 su gratitud por el honor. \u00abQuiero agradecer al comit\u00e9 por recibir este honor y reconocer a los mayores. Tambi\u00e9n quiero agradecer al Dr. Renee [Fajardo] y al Dr. Ram\u00f3n [Del Castillo] por sus esfuerzos. Soy el primer moreno que va a la universidad. Me siento humilde. Gracias por ser mi mentor\u00bb.<\/p>\n<p>\u00a0<\/p>\n<p>Traducci\u00f3n por Juan Carlos Uribe-The Weekly Issue\/El Semanario.<\/p>\n<p><strong>\u00a0<\/strong><\/p>\n<p><strong>Para Noticias de Colorado: <\/strong><a href=\"http:\/\/WWW.ELSEMANARIO.US\"><strong>ELSEMANARIO.US<\/strong><\/a><\/p>\n<p>\u00a0<\/p>\n","protected":false},"excerpt":{"rendered":"<p>Por Toni Fr\u00e9squez \u00a0 Es importante recordar la vida y la defensa de los derechos humanos de C\u00e9sar Ch\u00e1vez\u2014un \u00a0humanitario extraordinario\u2014y de todos los que trabajaron incansablemente junto a \u00e9l,&#8230;<\/p>\n","protected":false},"author":403,"featured_media":13053,"comment_status":"open","ping_status":"open","sticky":false,"template":"","format":"standard","meta":{"give_campaign_id":0,"_jetpack_memberships_contains_paid_content":false,"footnotes":""},"categories":[71],"tags":[],"class_list":["post-13052","post","type-post","status-publish","format-standard","has-post-thumbnail","hentry","category-estado"],"jetpack_featured_media_url":"https:\/\/i0.wp.com\/www.elsemanarioonline.com\/wp-content\/uploads\/2021\/04\/CO-1-State-E-Colo-CCPJC-1pic-by-Toni-Vigil-of-Alires.jpg?fit=1159%2C882&ssl=1","jetpack-related-posts":[],"jetpack_sharing_enabled":true,"_links":{"self":[{"href":"https:\/\/www.elsemanarioonline.com\/es\/wp-json\/wp\/v2\/posts\/13052","targetHints":{"allow":["GET"]}}],"collection":[{"href":"https:\/\/www.elsemanarioonline.com\/es\/wp-json\/wp\/v2\/posts"}],"about":[{"href":"https:\/\/www.elsemanarioonline.com\/es\/wp-json\/wp\/v2\/types\/post"}],"author":[{"embeddable":true,"href":"https:\/\/www.elsemanarioonline.com\/es\/wp-json\/wp\/v2\/users\/403"}],"replies":[{"embeddable":true,"href":"https:\/\/www.elsemanarioonline.com\/es\/wp-json\/wp\/v2\/comments?post=13052"}],"version-history":[{"count":0,"href":"https:\/\/www.elsemanarioonline.com\/es\/wp-json\/wp\/v2\/posts\/13052\/revisions"}],"wp:featuredmedia":[{"embeddable":true,"href":"https:\/\/www.elsemanarioonline.com\/es\/wp-json\/wp\/v2\/media\/13053"}],"wp:attachment":[{"href":"https:\/\/www.elsemanarioonline.com\/es\/wp-json\/wp\/v2\/media?parent=13052"}],"wp:term":[{"taxonomy":"category","embeddable":true,"href":"https:\/\/www.elsemanarioonline.com\/es\/wp-json\/wp\/v2\/categories?post=13052"},{"taxonomy":"post_tag","embeddable":true,"href":"https:\/\/www.elsemanarioonline.com\/es\/wp-json\/wp\/v2\/tags?post=13052"}],"curies":[{"name":"wp","href":"https:\/\/api.w.org\/{rel}","templated":true}]}}