{"id":12743,"date":"2021-03-22T22:03:56","date_gmt":"2021-03-22T22:03:56","guid":{"rendered":"https:\/\/www.elsemanarioonline.com\/?p=12743"},"modified":"2021-03-22T22:03:56","modified_gmt":"2021-03-22T22:03:56","slug":"latinxs-de-colorado-abogan-para-la-justicia-social-a-sus-legisladores-estatales","status":"publish","type":"post","link":"https:\/\/www.elsemanarioonline.com\/es\/latinxs-de-colorado-abogan-para-la-justicia-social-a-sus-legisladores-estatales\/","title":{"rendered":"Latinxs de Colorado Abogan para la Justicia Social a sus Legisladores Estatales"},"content":{"rendered":"<p><!-- VideographyWP Plugin Message: Automatic video embedding prevented by plugin options. --><br \/>\nM\u00e1s de 100 latinxs de todo el estado de Colorado se unieron de manera virtual para celebrar <a href=\"https:\/\/u1584542.ct.sendgrid.net\/ss\/c\/mLaC6Aamhzo9iTzN3Y_iYblzYHRgNfOxBGNhWE9-jVDKBNSOpzAtaHxSha2gxImf6vyb6In32X81EKfMY3kVs7cocqJ9Iv1k6sxsl2loguLCsmsek1zB5H0EvYcdIVl4SgUQpfhsbeGcpAajOLNZlQYzyAvaeQcFmw20RbEq-SyCwtxpfhlWb_4UTtFLHFqb48rxQ2IOoWzY_pqy8LbSGYlr_V2v0oWcgQPZ0koA80v8_AqhIlKkQBqGmhqz2sLFuSZPJKZtuW51wUmb79V7Qina__PxnfHgjcnAq6K6wiWNBeOsaEqHpHLF8kwLlg7frG0DGvrsim_uQHdUUkP3Fbmu6-hV6SDW2cTB7ma_wT-ilnWGuFIX9Tzr6TX52k11B1YzBChGh_Of3gFCYVfAklvmBwyQZgrz33QNpHfKQ7Xr3HjGSvyxMKMq9Rzfq3CBP0tTaMbrXN800lsaIdyEobkqOmRdh9FFCAubQSWstxmlcTJTb1vDOEiQYYR7xfcaxnL3CQFr6f-8u_prgjrB046QfzjH6sgNImUd1ImW7nKbksQqjGlvoNVzfaWDgkSCrq_Drp0QtLQabOL7KEOI4d_pa0wcMo8sniKemlt9Lr6HGdiOj-BDb3M6qzDamkSZ\/3a8\/4bMYY5OYQbqD5vLUxIRo4w\/h3\/xDAzwpMXk4Tbfh_8xYbbhuYv_eXZKnqISly5lsDHLWo\">el D\u00eda de Abogac\u00eda Latina (LAD)<\/a>. El 15 de marzo, 57 personas participaron en sesiones informativas sobre proyectos de ley que actualmente se discuten en la sesi\u00f3n legislativa, tales como justicia reproductiva, ambienta, penal, econ\u00f3mica, y migratoria. El lunes, los participantes del D\u00eda de Abogac\u00eda Latina se reunieron con los funcionarios electos de nuestro estado para abogar por estos proyectos de leyes y otras soluciones que resuelvan los problemas impactando a sus comunidades.<\/p>\n<blockquote><p>Representante Serena Gonzales-Guti\u00e9rrez dijo a los participantes que \u201cCuando los miembros de la comunidad pueden venir al capitolio y ponen un papelito pidiendo habla conmigo, me aseguro de tomarme el tiempo para hablar con ellos. Escuchar a los electores es lo m\u00e1s importante para m\u00ed\u201d.<br \/>\nRepresentante Serena Gonzales-Guti\u00e9rrez<\/p><\/blockquote>\n<figure id=\"attachment_12740\" aria-describedby=\"caption-attachment-12740\" style=\"width: 226px\" class=\"wp-caption alignleft\"><img data-recalc-dims=\"1\" fetchpriority=\"high\" decoding=\"async\" class=\"wp-image-12740 size-medium\" src=\"https:\/\/i0.wp.com\/www.elsemanarioonline.com\/wp-content\/uploads\/2021\/03\/CO-2-State-S-Colo-Latino-ADvocacy-Day-1pic-Dusti-Gurule-COLOR.jpg?resize=226%2C300&#038;ssl=1\" alt=\"\" width=\"226\" height=\"300\" srcset=\"https:\/\/i0.wp.com\/www.elsemanarioonline.com\/wp-content\/uploads\/2021\/03\/CO-2-State-S-Colo-Latino-ADvocacy-Day-1pic-Dusti-Gurule-COLOR-e1720058430474.jpg?resize=226%2C300&amp;ssl=1 226w, https:\/\/i0.wp.com\/www.elsemanarioonline.com\/wp-content\/uploads\/2021\/03\/CO-2-State-S-Colo-Latino-ADvocacy-Day-1pic-Dusti-Gurule-COLOR-e1720058430474.jpg?resize=113%2C150&amp;ssl=1 113w, https:\/\/i0.wp.com\/www.elsemanarioonline.com\/wp-content\/uploads\/2021\/03\/CO-2-State-S-Colo-Latino-ADvocacy-Day-1pic-Dusti-Gurule-COLOR-e1720058430474.jpg?w=277&amp;ssl=1 277w\" sizes=\"(max-width: 226px) 100vw, 226px\" \/><figcaption id=\"caption-attachment-12740\" class=\"wp-caption-text\">Foto: COLOR Dusti Gurule es la Director Ejecutivo de la COLOR y fundador de el D\u00eda de Abogac\u00eda Latina de Colorado.<\/figcaption><\/figure>\n<p>El D\u00eda de Abogac\u00eda Latina en Colorado fue fundada como una respuesta a una sesi\u00f3n especial celebrada en el 2006, donde los legisladores de Colorado se reunieron para aprobar una ley \u2014protestada por 50,000 inmigrantes y aliados\u2014 que obligar\u00eda a un mill\u00f3n de residentes de Colorado a demostrar su residencia para cobrar la mayor\u00eda de las ayudas estatales y federales. \u201cPuede ser dif\u00edcil imaginar c\u00f3mo era el estado en esos d\u00edas\u201d, dijo la directora ejecutiva de la Coalici\u00f3n de Derechos de los inmigrantes de Colorado (CIRC), Lisa Dur\u00e1n a los participantes el domingo, \u201cporque es muy diferente hoy, en gran parte por el trabajo de personas como Dusti [Director Ejecutivo de COLOR y fundador de LAD] y eventos como LAD. Y solo quiero agradecerles a cada uno de ustedes por imaginar un mundo en el que seamos los l\u00edderes que somos\u201d.<\/p>\n<p>Dusti Gurule, Director Ejecutivo de la Organizaci\u00f3n de Colorado para la Oportunidad de las Latinas y los Derechos Reproductivos (COLOR) y fundador de LAD, inaugur\u00f3 el evento de dos d\u00edas con un recuento apasionado de la historia de LAD: \u201cEn abril de 2006, asist\u00ed al D\u00eda Nacional de Abogac\u00eda Latina del Consejo Nacional de La Raza y estuve en presencia del poder que nace de un esfuerzo bien informado y organizado basado en el activismo el cual se dirigi\u00f3 hacia los legisladores. Despu\u00e9s de la sesi\u00f3n legislativa especial de 2006, supe la importancia de que nuestra comunidad tenga una voz unificada en nuestra pol\u00edtica estatal\u201d.<\/p>\n<p>En estos \u00faltimos quince a\u00f1os, LAD ha unido a familias y comunidades para compartir sus historias y abogar por soluciones a los problemas que enfrentan las familias latinas. Alex S\u00e1nchez, cofundador de LAD y director ejecutivo de Voces Unidas de las Monta\u00f1as, dijo, \u201cConstruimos sobre nuestro legado al unir a las personas para contar sus historias y utilizar la fuerza colectiva de nuestras voces. Esto ayudar\u00e1 a alimentar nuestros esfuerzos mientras seguimos presionando a cualquiera que intente quitarnos nuestros derechos, separar a nuestras familias, negar nuestra autonom\u00eda corporal o faltar al respeto y discriminar a nuestra comunidad\u201d.<\/p>\n<figure id=\"attachment_12742\" aria-describedby=\"caption-attachment-12742\" style=\"width: 247px\" class=\"wp-caption alignleft\"><img data-recalc-dims=\"1\" decoding=\"async\" class=\"wp-image-12742 size-medium\" src=\"https:\/\/i0.wp.com\/www.elsemanarioonline.com\/wp-content\/uploads\/2021\/03\/CO-2-State-S-Colo-Latino-Advocacy-Day-2pic-Rep-Serena-Gonzales-Gutierrez.jpg?resize=247%2C300&#038;ssl=1\" alt=\"\" width=\"247\" height=\"300\" srcset=\"https:\/\/i0.wp.com\/www.elsemanarioonline.com\/wp-content\/uploads\/2021\/03\/CO-2-State-S-Colo-Latino-Advocacy-Day-2pic-Rep-Serena-Gonzales-Gutierrez.jpg?resize=247%2C300&amp;ssl=1 247w, https:\/\/i0.wp.com\/www.elsemanarioonline.com\/wp-content\/uploads\/2021\/03\/CO-2-State-S-Colo-Latino-Advocacy-Day-2pic-Rep-Serena-Gonzales-Gutierrez.jpg?resize=124%2C150&amp;ssl=1 124w, https:\/\/i0.wp.com\/www.elsemanarioonline.com\/wp-content\/uploads\/2021\/03\/CO-2-State-S-Colo-Latino-Advocacy-Day-2pic-Rep-Serena-Gonzales-Gutierrez.jpg?w=273&amp;ssl=1 273w\" sizes=\"(max-width: 247px) 100vw, 247px\" \/><figcaption id=\"caption-attachment-12742\" class=\"wp-caption-text\">Foto: Colorado General Assembly Representante de Colorado Serena Gonzales-Guti\u00e9rrez.<\/figcaption><\/figure>\n<p>Enrique Orozco-P\u00e9rez, participante del LAD de Durango, estuvo de acuerdo y dijo: \u201cTenemos un obst\u00e1culo adicional al estar tan lejos de la capital. Mucho de lo que est\u00e1 sucediendo est\u00e1 muy centrado en Denver, por lo que es muy importante que cuando se nos ocurran estas leyes que queremos cambiar, no se olviden las zonas rurales de Colorado\u201d.<\/p>\n<p>Y no hay duda de que los legisladores de Colorado tienen especial cuidado en escuchar las voces latinas en este evento. Durante el panel de ayer con el Caucus Latino, la Representante Serena Gonzales-Guti\u00e9rrez dijo a los participantes que \u201crecibimos tarjetas de los cabilderos todo el tiempo, pero cuando los miembros de la comunidad pueden venir al capitolio y ponen un papelito pidiendo habla conmigo, me aseguro de tomarme el tiempo para hablar con ellos. Escuchar a los electores es lo m\u00e1s importante para m\u00ed\u201d.<\/p>\n<p>Con la respuesta a la COVID-19 dejando desproporcionadamente atr\u00e1s a Latinxs, el d\u00eda de Defensa de los latinos 2021 demuestra que nuestras comunidades son resilientes y est\u00e1n listas para ayudar a influir en las pol\u00edticas que afectan sus vidas diarias. \u00abA veces uno piensa que, por ser legisladores, son inalcanzables\u201d, dice Judith Padilla, participante de LAD, sobre los representantes estatales, \u00abpero no es as\u00ed. La voz cuenta\u201d.<\/p>\n<p>&nbsp;<\/p>\n<p><strong>Para Noticias de Colorado: <\/strong><a href=\"http:\/\/WWW.ELSEMANARIO.US\"><strong>ELSEMANARIO.US<\/strong><\/a><\/p>\n<p>&nbsp;<\/p>\n","protected":false},"excerpt":{"rendered":"<p>M\u00e1s de 100 latinxs de todo el estado de Colorado se unieron de manera virtual para celebrar el D\u00eda de Abogac\u00eda Latina (LAD). El 15 de marzo, 57 personas participaron&#8230;<\/p>\n","protected":false},"author":403,"featured_media":12740,"comment_status":"open","ping_status":"open","sticky":false,"template":"","format":"standard","meta":{"give_campaign_id":0,"_jetpack_memberships_contains_paid_content":false,"footnotes":""},"categories":[71],"tags":[],"class_list":["post-12743","post","type-post","status-publish","format-standard","has-post-thumbnail","hentry","category-estado"],"jetpack_featured_media_url":"https:\/\/i0.wp.com\/www.elsemanarioonline.com\/wp-content\/uploads\/2021\/03\/CO-2-State-S-Colo-Latino-ADvocacy-Day-1pic-Dusti-Gurule-COLOR-e1720058430474.jpg?fit=277%2C368&ssl=1","jetpack-related-posts":[],"jetpack_sharing_enabled":true,"_links":{"self":[{"href":"https:\/\/www.elsemanarioonline.com\/es\/wp-json\/wp\/v2\/posts\/12743","targetHints":{"allow":["GET"]}}],"collection":[{"href":"https:\/\/www.elsemanarioonline.com\/es\/wp-json\/wp\/v2\/posts"}],"about":[{"href":"https:\/\/www.elsemanarioonline.com\/es\/wp-json\/wp\/v2\/types\/post"}],"author":[{"embeddable":true,"href":"https:\/\/www.elsemanarioonline.com\/es\/wp-json\/wp\/v2\/users\/403"}],"replies":[{"embeddable":true,"href":"https:\/\/www.elsemanarioonline.com\/es\/wp-json\/wp\/v2\/comments?post=12743"}],"version-history":[{"count":0,"href":"https:\/\/www.elsemanarioonline.com\/es\/wp-json\/wp\/v2\/posts\/12743\/revisions"}],"wp:featuredmedia":[{"embeddable":true,"href":"https:\/\/www.elsemanarioonline.com\/es\/wp-json\/wp\/v2\/media\/12740"}],"wp:attachment":[{"href":"https:\/\/www.elsemanarioonline.com\/es\/wp-json\/wp\/v2\/media?parent=12743"}],"wp:term":[{"taxonomy":"category","embeddable":true,"href":"https:\/\/www.elsemanarioonline.com\/es\/wp-json\/wp\/v2\/categories?post=12743"},{"taxonomy":"post_tag","embeddable":true,"href":"https:\/\/www.elsemanarioonline.com\/es\/wp-json\/wp\/v2\/tags?post=12743"}],"curies":[{"name":"wp","href":"https:\/\/api.w.org\/{rel}","templated":true}]}}