{"id":12641,"date":"2021-03-13T20:05:42","date_gmt":"2021-03-13T20:05:42","guid":{"rendered":"https:\/\/www.elsemanarioonline.com\/?p=12641"},"modified":"2021-03-13T20:06:22","modified_gmt":"2021-03-13T20:06:22","slug":"se-presenta-una-legislacion-para-crear-una-representacion-universal-en-todo-el-estado-de-colorado","status":"publish","type":"post","link":"https:\/\/www.elsemanarioonline.com\/es\/se-presenta-una-legislacion-para-crear-una-representacion-universal-en-todo-el-estado-de-colorado\/","title":{"rendered":"Se Presenta Una Legislaci\u00f3n para Crear Una Representaci\u00f3n Universal en Todo el Estado de Colorado"},"content":{"rendered":"<p><!-- VideographyWP Plugin Message: Automatic video embedding prevented by plugin options. --><br \/>\nEn la semana pasada, la Representante Kerry Tipper (D-Jefferson), la Representante Naquetta Ricks (D-Arapahoe) y el Senador Dominick Moreno (D-Adams) han presentado una legislaci\u00f3n para crear una representaci\u00f3n universal ante de las cortes de inmigracion en todo el estado a trav\u00e9s de un fondo de defensa legal. Este proyecto de ley tiene como objetivo abordar uno de los problemas m\u00e1s urgentes en Colorado y nuestra naci\u00f3n: el hecho de que los procedimientos de deportaci\u00f3n por inmigraci\u00f3n son\u00a0el \u00fanico procedimiento legal en la naci\u00f3n donde una persona puede ser detenida sin el derecho a un abogado financiado por el gobierno, incluso si esa persona es un ni\u00f1o o un solicitante de asilo.<\/p>\n<p>\u201cTodos deber\u00edan tener acceso a representaci\u00f3n legal adecuada en corte. El sistema legal es dif\u00edcil de navegar y para que realmente administre justicia, tenemos que asegurarnos de que todos tengan acceso a un abogado, sin importar si puedan pagarlo o no,\u201d dijo la Representante Kerry Tipper (D-Jefferson).<\/p>\n<p>Al brindar acceso a consejo legal a las personas que no pueden pagar un abogado, Colorado puede contrarrestar el da\u00f1o y el impacto de la deportaci\u00f3n y la detenci\u00f3n, familias que pierden un sostenedor de familia, ni\u00f1os que enfrentan traumas emocionales con un impacto duradero, empleadores que tienen que encontrar nuevos trabajadores, y comunidades locales que pierden a un miembro y contribuyente valioso.<\/p>\n<p>\u201cLas personas que enfrentan la deportaci\u00f3n son nuestros vecinos, nuestros amigos y familiares. Separarlos de sus familias causa un da\u00f1o que irradia a todas nuestras comunidades,\u201d dijo el Senador Dominick Moreno (D-Adams). \u201cLos inmigrantes no dejan atr\u00e1s sus derechos humanos cuando cruzan la frontera \u2013 y ya es tiempo a que nuestro gobierno defienda esos derechos garantizando a trav\u00e9s la representaci\u00f3n universal independientemente del estado migratorio.\u201d<\/p>\n<p>Daniel Fesshaye, un residente de Fort Morgan originario de Eritrea, explica: \u201cconseguir el dinero para un abogado fue dif\u00edcil, pero sab\u00eda que no ten\u00eda otra opci\u00f3n si quer\u00eda ganar mi caso. Tuve que pedir prestado $4,000 a un amigo. Tan pronto cuando sal\u00ed de la detenci\u00f3n de inmigraci\u00f3n, tuve que centrarme en pagarle para atr\u00e1s, en lugar de reconstruir mi vida\u00bb.<\/p>\n<p>Como se\u00f1ala la Representante Naquetta Ricks (D-Arapahoe), \u00abLa defensa legal es fundamental para abordar la lucha contra la anti-negritud en los tribunales de inmigraci\u00f3n y luchar contra la red de detenci\u00f3n a deportaci\u00f3n. Las fuerzas agravantes del racismo sist\u00e9mico, la vigilancia excesiva en las comunidades negras, y el enredo entre la policia y ICE ha creado un sistema de inmigraci\u00f3n que detiene, deporta y da\u00f1a a los inmigrantes negros con una frecuencia cuatro veces mayor que a los inmigrantes que no son negros. Cuando los miembros de nuestra comunidad tienen representaci\u00f3n legal en la corte, tienen m\u00e1s de diez veces m\u00e1s probabilidades de recibir el alivio para el que califican.\u201d<\/p>\n<p>La representaci\u00f3n legal es crucial para las familias en Colorado.<\/p>\n<p>Guadalupe L\u00f3pez, una organizadora con American Friends Service Committee, y una inmigrante de M\u00e9xico, entiende lo cr\u00edtica que es la representaci\u00f3n legal para las familias. \u00abTanto mi marido como yo fuimos lanzados a un proceso de deportaci\u00f3n despu\u00e9s de una parada de tr\u00e1fico. Durante los \u00faltimos ocho a\u00f1os, hubo momentos en los que tuvimos que decidir entre pagar a nuestro abogado o poner alimentos en la mesa para nuestros hijos. No puedo imaginar confrontar este proceso sin representaci\u00f3n legal. Ahora que hemos pasado por la pesadilla, estoy organizando a mi comunidad en Fort Morgan. Muchas familias trabajadoras aqu\u00ed no tienen mucho ahorro y no pueden pagar a un abogado sin importar lo duro que intenten. Est\u00e1n desesperados porque saben que casi no tienen oportunidad de obtener el alivio que ganamos, no por la ley, sino porque no pueden pagar. Toda persona debe tener la dignidad de la representaci\u00f3n\u00bb.<\/p>\n<p>\u00abLa representaci\u00f3n universal podr\u00eda salvar vidas para las familias inmigrantes que est\u00e1n pasando por impactos desproporcionados de COVID tanto en la comunidad como en los centros de detenci\u00f3n,\u201d dijo Raquel Lane-Arellano, Gerente de pol\u00edticas de la Coalici\u00f3n de Derechos de los inmigrantes de Colorado, \u201cAdem\u00e1s de COVID-19, las personas detenidas tambi\u00e9n enfrentan la p\u00e9rdida de libertad y empleo, y un trauma duradero por condiciones inhumanas. El acceso a un abogado puede significar toda la diferencia. Las personas tienen 3.5 veces m\u00e1s probabilidades de ser liberadas bajo fianza, en lugar de languidecer durante meses o a\u00f1os en centros de detenci\u00f3n con fines de lucro\u00bb.<\/p>\n<p>\u00abLa Representaci\u00f3n Universal beneficiar\u00eda a tantas personas en mi comunidad en las monta\u00f1as que es muy unida. Hay tantas personas que tienen muy pocos recursos, como yo. Un abogado pro bono ser\u00eda mucha ayuda, much\u00edsima\u00bb, dijo Ismael de Mountain Dreamers, quien pidi\u00f3 no usar su apellido por temor a las agencias de inmigraci\u00f3n.<\/p>\n<p>La legislaci\u00f3n HB 22-1194 tiene como objetivo crear un fondo que permita donaciones p\u00fablicas y privadas a trav\u00e9s de obsequios, subvenciones y donaciones y proporcionar\u00eda representaci\u00f3n legal gratuita a las personas que enfrentan procesos de deportaci\u00f3n en la corte de inmigraci\u00f3n de Colorado.<\/p>\n<p>\u00a0<\/p>\n<p><strong>Para Noticias de Colorado: <\/strong><a href=\"http:\/\/WWW.ELSEMANARIO.US\"><strong>ELSEMANARIO.US<\/strong><\/a><\/p>\n<p>\u00a0<\/p>\n","protected":false},"excerpt":{"rendered":"<p>En la semana pasada, la Representante Kerry Tipper (D-Jefferson), la Representante Naquetta Ricks (D-Arapahoe) y el Senador Dominick Moreno (D-Adams) han presentado una legislaci\u00f3n para crear una representaci\u00f3n universal ante&#8230;<\/p>\n","protected":false},"author":403,"featured_media":0,"comment_status":"open","ping_status":"open","sticky":false,"template":"","format":"standard","meta":{"give_campaign_id":0,"_jetpack_memberships_contains_paid_content":false,"footnotes":""},"categories":[71],"tags":[],"class_list":["post-12641","post","type-post","status-publish","format-standard","hentry","category-estado"],"jetpack_featured_media_url":"","jetpack-related-posts":[],"jetpack_sharing_enabled":true,"_links":{"self":[{"href":"https:\/\/www.elsemanarioonline.com\/es\/wp-json\/wp\/v2\/posts\/12641","targetHints":{"allow":["GET"]}}],"collection":[{"href":"https:\/\/www.elsemanarioonline.com\/es\/wp-json\/wp\/v2\/posts"}],"about":[{"href":"https:\/\/www.elsemanarioonline.com\/es\/wp-json\/wp\/v2\/types\/post"}],"author":[{"embeddable":true,"href":"https:\/\/www.elsemanarioonline.com\/es\/wp-json\/wp\/v2\/users\/403"}],"replies":[{"embeddable":true,"href":"https:\/\/www.elsemanarioonline.com\/es\/wp-json\/wp\/v2\/comments?post=12641"}],"version-history":[{"count":0,"href":"https:\/\/www.elsemanarioonline.com\/es\/wp-json\/wp\/v2\/posts\/12641\/revisions"}],"wp:attachment":[{"href":"https:\/\/www.elsemanarioonline.com\/es\/wp-json\/wp\/v2\/media?parent=12641"}],"wp:term":[{"taxonomy":"category","embeddable":true,"href":"https:\/\/www.elsemanarioonline.com\/es\/wp-json\/wp\/v2\/categories?post=12641"},{"taxonomy":"post_tag","embeddable":true,"href":"https:\/\/www.elsemanarioonline.com\/es\/wp-json\/wp\/v2\/tags?post=12641"}],"curies":[{"name":"wp","href":"https:\/\/api.w.org\/{rel}","templated":true}]}}