{"id":12459,"date":"2021-02-20T00:04:01","date_gmt":"2021-02-20T00:04:01","guid":{"rendered":"https:\/\/www.elsemanarioonline.com\/?p=12459"},"modified":"2021-02-20T00:04:01","modified_gmt":"2021-02-20T00:04:01","slug":"tenemos-la-oportunidad-de-mejorar-las-cosas-2","status":"publish","type":"post","link":"https:\/\/www.elsemanarioonline.com\/es\/tenemos-la-oportunidad-de-mejorar-las-cosas-2\/","title":{"rendered":"Tenemos la Oportunidad de Mejorar las Cosas"},"content":{"rendered":"<p><!-- VideographyWP Plugin Message: Automatic video embedding prevented by plugin options. --><br \/>\nKarla Gonzales Garc\u00eda<\/p>\n<p>\u00a0<\/p>\n<p>Colorado ha logrado avances incre\u00edbles para mejorar el acceso a la atenci\u00f3n m\u00e9dica. Es algo de lo que estar orgulloso, sin embargo, hay muchos que se han quedado atr\u00e1s. Demasiadas mujeres en mi comunidad no tienen la oportunidad de manejar su salud y controlar su futuro. Debido a que nuestro sistema de inmigraci\u00f3n les niega un pedazo de papel con nueve n\u00fameros y eso hace que la documentaci\u00f3n se convierta en la gran divisi\u00f3n entre quien cuida de s\u00ed mismo y de sus familias, qui\u00e9n decide cu\u00e1ndo se convierten en padres o forman su propia familia y a qui\u00e9n se le niega la atenci\u00f3n y el apoyo. Esto es simplemente inaceptable, as\u00ed que estamos haciendo algo al respecto.\u201d<\/p>\n<figure id=\"attachment_12460\" aria-describedby=\"caption-attachment-12460\" style=\"width: 300px\" class=\"wp-caption alignleft\"><img data-recalc-dims=\"1\" fetchpriority=\"high\" decoding=\"async\" class=\"size-medium wp-image-12460\" src=\"https:\/\/i0.wp.com\/www.elsemanarioonline.com\/wp-content\/uploads\/2021\/02\/CO-1-Commentary-S-Gonzales-Garcia-1pic-by-COLOR.jpg?resize=300%2C300&ssl=1\" alt=\"\" width=\"300\" height=\"300\" srcset=\"https:\/\/i0.wp.com\/www.elsemanarioonline.com\/wp-content\/uploads\/2021\/02\/CO-1-Commentary-S-Gonzales-Garcia-1pic-by-COLOR.jpg?resize=300%2C300&ssl=1 300w, https:\/\/i0.wp.com\/www.elsemanarioonline.com\/wp-content\/uploads\/2021\/02\/CO-1-Commentary-S-Gonzales-Garcia-1pic-by-COLOR.jpg?resize=150%2C150&ssl=1 150w, https:\/\/i0.wp.com\/www.elsemanarioonline.com\/wp-content\/uploads\/2021\/02\/CO-1-Commentary-S-Gonzales-Garcia-1pic-by-COLOR.jpg?resize=100%2C100&ssl=1 100w, https:\/\/i0.wp.com\/www.elsemanarioonline.com\/wp-content\/uploads\/2021\/02\/CO-1-Commentary-S-Gonzales-Garcia-1pic-by-COLOR.jpg?w=388&ssl=1 388w\" sizes=\"(max-width: 300px) 100vw, 300px\" \/><figcaption id=\"caption-attachment-12460\" class=\"wp-caption-text\">Foto: COLOR<br \/>Karla Gonzales Garc\u00eda<\/figcaption><\/figure>\n<p>En este momento, debido a obst\u00e1culos sist\u00e9micos, las latinas tienen el doble de probabilidades de experimentar un embarazo no planeado. Asegurar el acceso a la anticoncepci\u00f3n es fundamental para mejorar y fortalecer la salud, la estabilidad financiera y la dignidad de la gente de nuestro estado. Es por eso que COLOR (Organizaci\u00f3n para la Oportunidad y la Justicia Reproductiva para las Latinas de Colorado) se enorgullece de liderar un esfuerzo para promover una legislaci\u00f3n que aborde proactivamente los obst\u00e1culos que enfrentan nuestras comunidades indocumentadas para obtener la anticoncepci\u00f3n que necesitan para planificar sus familias. Este proyecto de ley sienta las bases para mejorar ampliamente el acceso de las personas que normalmente luchan por obtener los servicios y suministros necesarios para planificar sus embarazos.<\/p>\n<p>Nuestro proyecto de ley tiene dos objetivos muy importantes: (1) incluir anticonceptivos para personas indocumentadas a trav\u00e9s del programa estatal de Medicaid, y (2) permitir que las personas que usan Medicaid reciban un suministro de anticonceptivos orales para un a\u00f1o.<\/p>\n<blockquote><p>Este es un ambicioso proyecto de ley, con visi\u00f3n al futuro y a lo correcto. Se basa en el legado que hemos establecido como un estado en el que todas las personas son tratadas con respeto y trabajan activamente para cerrar las disparidades en la salud reproductiva. <\/p><\/blockquote>\n<p>Deber\u00edamos hacer todo lo posible para eliminar las barreras a los servicios de salud y abordar las desigualdades continuas y da\u00f1inas que siguen afectando a muchos en nuestras comunidades. Las mujeres inmigrantes, personas transgenero, personas no binarias y de g\u00e9nero no conforme se enfrentan a enormes obst\u00e1culos a la atenci\u00f3n de la salud reproductiva. Las mujeres de color est\u00e1n lidiando con altas tasas de complicaciones relacionadas con el embarazo y mortalidad materna. Las mujeres de bajos ingresos y las personas de las zonas rurales tienen dificultades para obtener anticonceptivos. Esto no solo afecta a las personas. Se trata de la salud y la dignidad de nuestras comunidades.<\/p>\n<p>Tenemos la oportunidad de mejorar las cosas. Este es un ambicioso proyecto de ley, con visi\u00f3n al futuro y a lo correcto. Se basa en el legado que hemos establecido como un estado en el que todas las personas son tratadas con respeto y trabajan activamente para cerrar las disparidades en la salud reproductiva.<\/p>\n<p>Exhortamos a los compa\u00f1eros defensores y activistas a que demuestren su apoyo a este proyecto de ley, y a nuestros legisladores les pedimos que apoyen esta innovadora e importante pieza de legislaci\u00f3n. Juntos, podemos tomar medidas provechosas para asegurarnos de que todos los habitantes de Colorado tengan la capacidad de planificar sus familias y su futuro.<\/p>\n<p>\u00a0<\/p>\n<p>Karla Gonzales Garc\u00eda, Directora de Pol\u00edtica de la Organizaci\u00f3n para la Oportunidad y la Justicia Reproductiva para las Latinas de Colorado (COLOR).<\/p>\n<p>\u00a0<\/p>\n<p><strong>Leer M\u00e1s Comentarios: <\/strong><a href=\"http:\/\/WWW.ELSEMANARIO.US\"><strong>ELSEMANARIO.US<\/strong><\/a><\/p>\n<p>\u00a0<\/p>\n","protected":false},"excerpt":{"rendered":"<p>Karla Gonzales Garc\u00eda \u00a0 Colorado ha logrado avances incre\u00edbles para mejorar el acceso a la atenci\u00f3n m\u00e9dica. Es algo de lo que estar orgulloso, sin embargo, hay muchos que se&#8230;<\/p>\n","protected":false},"author":403,"featured_media":0,"comment_status":"open","ping_status":"open","sticky":false,"template":"","format":"standard","meta":{"give_campaign_id":0,"_jetpack_memberships_contains_paid_content":false,"footnotes":""},"categories":[72],"tags":[],"class_list":["post-12459","post","type-post","status-publish","format-standard","hentry","category-comentario"],"jetpack_featured_media_url":"","jetpack-related-posts":[],"jetpack_sharing_enabled":true,"_links":{"self":[{"href":"https:\/\/www.elsemanarioonline.com\/es\/wp-json\/wp\/v2\/posts\/12459","targetHints":{"allow":["GET"]}}],"collection":[{"href":"https:\/\/www.elsemanarioonline.com\/es\/wp-json\/wp\/v2\/posts"}],"about":[{"href":"https:\/\/www.elsemanarioonline.com\/es\/wp-json\/wp\/v2\/types\/post"}],"author":[{"embeddable":true,"href":"https:\/\/www.elsemanarioonline.com\/es\/wp-json\/wp\/v2\/users\/403"}],"replies":[{"embeddable":true,"href":"https:\/\/www.elsemanarioonline.com\/es\/wp-json\/wp\/v2\/comments?post=12459"}],"version-history":[{"count":0,"href":"https:\/\/www.elsemanarioonline.com\/es\/wp-json\/wp\/v2\/posts\/12459\/revisions"}],"wp:attachment":[{"href":"https:\/\/www.elsemanarioonline.com\/es\/wp-json\/wp\/v2\/media?parent=12459"}],"wp:term":[{"taxonomy":"category","embeddable":true,"href":"https:\/\/www.elsemanarioonline.com\/es\/wp-json\/wp\/v2\/categories?post=12459"},{"taxonomy":"post_tag","embeddable":true,"href":"https:\/\/www.elsemanarioonline.com\/es\/wp-json\/wp\/v2\/tags?post=12459"}],"curies":[{"name":"wp","href":"https:\/\/api.w.org\/{rel}","templated":true}]}}