{"id":12029,"date":"2020-12-19T03:30:39","date_gmt":"2020-12-19T03:30:39","guid":{"rendered":"http:\/\/elsemanarioonl.wpengine.com\/?p=12029"},"modified":"2020-12-19T03:30:39","modified_gmt":"2020-12-19T03:30:39","slug":"la-aclu-resuelve-el-caso-no-empieza-a-servir-a-la-justiciar","status":"publish","type":"post","link":"https:\/\/www.elsemanarioonline.com\/es\/la-aclu-resuelve-el-caso-no-empieza-a-servir-a-la-justiciar\/","title":{"rendered":"La ACLU Resuelve el Caso: \u2018No Empieza a Servir a la Justiciar\u2019"},"content":{"rendered":"<p><!-- VideographyWP Plugin Message: Automatic video embedding prevented by plugin options. --><br \/>\nEl American Civil Liberties Union (ACLU) de Colorado anunci\u00f3 recientemente un acuerdo de $285,000 en nombre de Jamie Alberto Torres Soto, un hombre latino al que se le orden\u00f3 ilegalmente salir de su casa y fue golpeado injustificadamente por agentes de la Polic\u00eda de Aurora que fueron llamados para investigar una denuncia de ruido. La <a href=\"https:\/\/acluco-wpengine.netdna-ssl.com\/wp-content\/uploads\/2018\/11\/Torres-Complaint.pdf\">demanda <\/a>detall\u00f3 no solo un ataque cruel contra el Sr. Torres, sino un patr\u00f3n generalizado de vigilancia policial con prejuicios raciales en Aurora con poca responsabilidad.<\/p>\n<p>\u201cSi bien el tama\u00f1o del acuerdo del Sr. Torres sugiere la importancia de la infracci\u00f3n en este caso, no comienza a servir a la justicia\u201d, dijo Mark Silverstein, director legal de la ACLU de Colorado. \u201cHasta el d\u00eda de hoy, el Sr. Torres sufre f\u00edsica y emocionalmente por ese incidente, y la violencia policial racializada en Aurora ha continuado sin cesar. David Baker, la familia Gilliam, Elijah McClain y muchas m\u00e1s personas de color han sido perjudicadas a manos de la polic\u00eda de Aurora.\u201d<\/p>\n<blockquote><p>\u201cHasta el d\u00eda de hoy, el Sr. Torres sufre f\u00edsica y emocionalmente por ese incidente, y la violencia policial racializada en Aurora ha continuado sin cesar\u201d.<br \/>\nMark Silverstein, ACLU de Colorado\n<\/p><\/blockquote>\n<p>La demanda alegaba que los agentes ordenaron ilegalmente al Sr. Torres que saliera de su propio garaje, y posteriormente lo brutalizaron cuando retras\u00f3 la salida y esper\u00f3 a que llegara su esposa para poder traducir. Cuando se le amenaz\u00f3 con arrestarlo, el Sr. Torres cumpli\u00f3 con la orden ilegal y sali\u00f3 de su garaje. No obstante, los oficiales de Aurora inmediatamente colocaron al Sr. Torres en un doloroso cerrojo giratorio y lo tiraron al suelo, mientras que el Sr. Torres gritaba en dolor. Tambi\u00e9n se reconoci\u00f3 en la demanda el intento de Aurora PD de encubrir su comportamiento inconstitucional acusando al Sr. Torres por resistirse al arresto. Sus afirmaciones resultaron infundadas por las pruebas de video, y un jurado absolvi\u00f3 al Sr. Torres de esos cargos.<\/p>\n<p>La vigilancia policial con prejuicios raciales es un evento com\u00fan y de larga data en Aurora. La ciudad ocupa el octavo lugar entre las 100 ciudades m\u00e1s grandes de los EE. UU. Por asesinatos policiales por c\u00e1pita, y el Departamento de Polic\u00eda de Aurora mata a personas Afroamericano cuatro veces m\u00e1s que a personas blancas. La polic\u00eda de Aurora ha usado gas pimienta, perros polic\u00eda, pistolas Taser y otras armas y fuerza contra personas Afroamericano y Latinas de manera desproporcionada a las personas blancas a pesar de que los datos muestran que las personas de color en Aurora no tienen m\u00e1s probabilidades de herir a la polic\u00eda que las personas blancas durante un arresto. La denuncia de la ACLU identific\u00f3 13 incidentes en los que la polic\u00eda de Aurora someti\u00f3 a personas de color a violencia injustificada, brutalidad, detenci\u00f3n y arresto incluso en casos en los que la v\u00edctima solo era sospechosa de una infracci\u00f3n menor.<\/p>\n<p>\u201cLo que le sucedi\u00f3 al Sr. Torres es emblem\u00e1tico de lo que les sucede a las personas de color una y otra vez en Aurora\u201d, dijo la abogada cooperante de ACLU, Mari Newman de Killmer, Lane & Newman, LLP. \u201cSr. Torres fue abusado por la polic\u00eda de Aurora cuando lo golpearon y nuevamente cuando intentaron silenciarlo y encubrir sus malas acciones. Para hacer frente a la epidemia de violencia del Departamento de Polic\u00eda de Aurora contra las comunidades de color, debemos seguir haci\u00e9ndoles responsables.\u201d<\/p>\n<p>El equipo legal de la ACLU de Colorado incluye a Mark Silverstein, Rebecca Wallace y los abogados colaboradores de la ACLU, Mari Newman y Andrew McNulty de Killmer, Lane & Newman, LLP.<\/p>\n<p>\u00a0<\/p>\n<p><strong>Para Noticias de Colorado: <\/strong><a href=\"http:\/\/elsemanarioonl.wpengine.com\/\"><strong>WWW.ELSEMANARIOCOLORADO.COM<\/strong><\/a><\/p>\n<p>\u00a0<\/p>\n","protected":false},"excerpt":{"rendered":"<p>El American Civil Liberties Union (ACLU) de Colorado anunci\u00f3 recientemente un acuerdo de $285,000 en nombre de Jamie Alberto Torres Soto, un hombre latino al que se le orden\u00f3 ilegalmente&#8230;<\/p>\n","protected":false},"author":403,"featured_media":0,"comment_status":"open","ping_status":"open","sticky":false,"template":"","format":"standard","meta":{"give_campaign_id":0,"_jetpack_memberships_contains_paid_content":false,"footnotes":""},"categories":[71],"tags":[],"class_list":["post-12029","post","type-post","status-publish","format-standard","hentry","category-estado"],"jetpack_featured_media_url":"","jetpack-related-posts":[],"jetpack_sharing_enabled":true,"_links":{"self":[{"href":"https:\/\/www.elsemanarioonline.com\/es\/wp-json\/wp\/v2\/posts\/12029","targetHints":{"allow":["GET"]}}],"collection":[{"href":"https:\/\/www.elsemanarioonline.com\/es\/wp-json\/wp\/v2\/posts"}],"about":[{"href":"https:\/\/www.elsemanarioonline.com\/es\/wp-json\/wp\/v2\/types\/post"}],"author":[{"embeddable":true,"href":"https:\/\/www.elsemanarioonline.com\/es\/wp-json\/wp\/v2\/users\/403"}],"replies":[{"embeddable":true,"href":"https:\/\/www.elsemanarioonline.com\/es\/wp-json\/wp\/v2\/comments?post=12029"}],"version-history":[{"count":0,"href":"https:\/\/www.elsemanarioonline.com\/es\/wp-json\/wp\/v2\/posts\/12029\/revisions"}],"wp:attachment":[{"href":"https:\/\/www.elsemanarioonline.com\/es\/wp-json\/wp\/v2\/media?parent=12029"}],"wp:term":[{"taxonomy":"category","embeddable":true,"href":"https:\/\/www.elsemanarioonline.com\/es\/wp-json\/wp\/v2\/categories?post=12029"},{"taxonomy":"post_tag","embeddable":true,"href":"https:\/\/www.elsemanarioonline.com\/es\/wp-json\/wp\/v2\/tags?post=12029"}],"curies":[{"name":"wp","href":"https:\/\/api.w.org\/{rel}","templated":true}]}}