{"id":11948,"date":"2020-12-04T01:21:46","date_gmt":"2020-12-04T01:21:46","guid":{"rendered":"http:\/\/elsemanarioonl.wpengine.com\/?p=11948"},"modified":"2020-12-04T01:21:46","modified_gmt":"2020-12-04T01:21:46","slug":"electores-latinos-de-co-quieren-accion-climatica-para-impulsar-el-rebote-economico","status":"publish","type":"post","link":"https:\/\/www.elsemanarioonline.com\/es\/electores-latinos-de-co-quieren-accion-climatica-para-impulsar-el-rebote-economico\/","title":{"rendered":"Electores Latinos de CO Quieren Acci\u00f3n Clim\u00e1tica para Impulsar el Rebote Econ\u00f3mico"},"content":{"rendered":"<p><!-- VideographyWP Plugin Message: Automatic video embedding prevented by plugin options. --><br \/>\n\u00a0<\/p>\n<p><strong>Por Eric Galatas<\/strong><\/p>\n<p>\u00a0<\/p>\n<figure id=\"attachment_11946\" aria-describedby=\"caption-attachment-11946\" style=\"width: 720px\" class=\"wp-caption aligncenter\"><img data-recalc-dims=\"1\" fetchpriority=\"high\" decoding=\"async\" class=\"wp-image-11946 size-full\" src=\"https:\/\/i0.wp.com\/elsemanarioonl.wpengine.com\/wp-content\/uploads\/2020\/12\/CO-1-State-E-Colo-Climate-1pic-by-TCF-El-Semanario.jpg?resize=640%2C401\" alt=\"\" width=\"640\" height=\"401\" srcset=\"https:\/\/i0.wp.com\/www.elsemanarioonline.com\/wp-content\/uploads\/2020\/12\/CO-1-State-E-Colo-Climate-1pic-by-TCF-El-Semanario.jpg?w=720&ssl=1 720w, https:\/\/i0.wp.com\/www.elsemanarioonline.com\/wp-content\/uploads\/2020\/12\/CO-1-State-E-Colo-Climate-1pic-by-TCF-El-Semanario.jpg?resize=600%2C376&ssl=1 600w, https:\/\/i0.wp.com\/www.elsemanarioonline.com\/wp-content\/uploads\/2020\/12\/CO-1-State-E-Colo-Climate-1pic-by-TCF-El-Semanario.jpg?resize=300%2C188&ssl=1 300w, https:\/\/i0.wp.com\/www.elsemanarioonline.com\/wp-content\/uploads\/2020\/12\/CO-1-State-E-Colo-Climate-1pic-by-TCF-El-Semanario.jpg?resize=150%2C94&ssl=1 150w, https:\/\/i0.wp.com\/www.elsemanarioonline.com\/wp-content\/uploads\/2020\/12\/CO-1-State-E-Colo-Climate-1pic-by-TCF-El-Semanario.jpg?resize=120%2C76&ssl=1 120w, https:\/\/i0.wp.com\/www.elsemanarioonline.com\/wp-content\/uploads\/2020\/12\/CO-1-State-E-Colo-Climate-1pic-by-TCF-El-Semanario.jpg?resize=274%2C173&ssl=1 274w, https:\/\/i0.wp.com\/www.elsemanarioonline.com\/wp-content\/uploads\/2020\/12\/CO-1-State-E-Colo-Climate-1pic-by-TCF-El-Semanario.jpg?resize=308%2C192&ssl=1 308w\" sizes=\"(max-width: 640px) 100vw, 640px\" \/><figcaption id=\"caption-attachment-11946\" class=\"wp-caption-text\">Foto: TCF\/The Weekly Issue\/El Semanario En una nueva encuesta, los electores latinos de Colorado dijeron que quieren que el pr\u00f3ximo presidente y el Congreso reinstalen y refuercen las protecciones ambientales que la administraci\u00f3n Trump trabaj\u00f3 para desmantelar.<\/figcaption><\/figure>\n<p>Los electores Latinos, al margen de sus diferencias partidistas, apoyan la legislaci\u00f3n que hace realidad y duradero el progreso del clima, pero tambi\u00e9n de la econom\u00eda creciente, de acuerdo a una nueva encuestas de la organizaci\u00f3ns Decisiones Latinas (Latino Decisions) y del Fondo de Acci\u00f3n en Defensa Ambiental (Environmental Defense Action Fund).<br \/>\nLos cient\u00edficos han advertido que el tiempo se agota para cambiar el curso para evitar los peores impactos del cambio clim\u00e1tico, pero Esther Sosa, administradora de proyectos del Environmental Defense Action Fund, dice que con demasiada frecuencia el enfoque ha estado en salvar a los hambrientos osos polares en icebergs que se derriten.<br \/>\n<a href=\"https:\/\/www.edfaction.org\/sites\/edactionfund.org\/files\/LD-Poll-Slide-Deck.pdf\">La nueva encuesta<\/a> del grupo encontr\u00f3 que los residentes de Colorado \u2014 en comunidades ubicadas desproporcionadamente a la sombra de refiner\u00edas y plantas que operan mediante la combusti\u00f3n de carb\u00f3n \u2014 apoyan pol\u00edticas para reducir la contaminaci\u00f3n mediante el cambio a fuentes de energ\u00eda limpia.<\/p>\n<blockquote><p>\u00abNo hablamos lo suficiente sobre la gente cuya salud y calidad de vida son afectadas. La encuesta encontro que los votantes latinos entienden la conexion entre un ambiente limpio y su salud\u201d.<br \/>\nEsther Sosa, Environmental Defense Action Fund\n<\/p><\/blockquote>\n<p>\u00abNo hablamos lo suficiente sobre la gente cuya salud y calidad de vida son afectadas. La encuesta encontro que los votantes latinos entienden la conexion entre un ambiente limpio y su salud\u201d.<br \/>\nLa encuesta dice que en toda la divisi\u00f3n pol\u00edtica, m\u00e1s del 90 por ciento de los voantes latinos de Colorado quieren que el agua potable se proteja de la contaminaci\u00f3n, y el 82 por ciento quiere la reinstalaci\u00f3n de protecciones ambientales que fueron retiradas durante el mandato de Trump.<br \/>\nMientras la administraci\u00f3n dio pasos para evitar la p\u00e9rdida de empleos en el sector de combustibles f\u00f3siles, casi 8 de cada diez votantes latinos quieren que los pr\u00f3ximos Presidente y Congreso pongan en marcha la econom\u00eda post-COVID mediante inversiones de largo plazo en energ\u00eda limipia, incluyendo la e\u00f3lica y la solar.<br \/>\nLos Latinos con sueldos menores a los 50 mil d\u00f3lares al a\u00f1o, y que perdieron su empleo por la pandemia del coronavirus, es m\u00e1s posible que apoyen inversiones en energ\u00eda limpia.<br \/>\nSosa dice que los votantes Latinos entiendes a las comunidades que durante mucho tiempo han dependido del sector de combustibles f\u00f3siles para tener trabajos bien remunerados, necesitan otras opciones.<br \/>\n\u00abNo son empleos del siglo 21, son empleos del siglo 20. Y las inversiones que nacemos ahora determinaran cuan resilientes seran estas comunidades en el largo plazo\u201d.<br \/>\nSosa dice que la encuesta contradice las viejas creencias de que las comunidades de clase obrera de color no se interesan en los problemas ambientales. Dice que tambi\u00e9n confirma que las comunidades que son forzadas a vivir en \u00e1reas sujetas a contaminaci\u00f3n del agua y del aire, mediante pol\u00edticas de l\u00ednea roja y otras, se interesan profundamente en el ambiente y les preocupa la futura exposici\u00f3n a peores impactos del cambio clim\u00e1tico.<\/p>\n<p>Traduccion por Alfonso L\u00f3pez-Collada, Public News Service \u2013 CO<\/p>\n<p>\u00a0<\/p>\n<p><strong>Para Noticias de Colorado: <\/strong><a href=\"http:\/\/elsemanarioonl.wpengine.com\/\"><strong>WWW.ELSEMANARIOCOLORADO.COM<\/strong><\/a><\/p>\n","protected":false},"excerpt":{"rendered":"<p>\u00a0 Por Eric Galatas \u00a0 Los electores Latinos, al margen de sus diferencias partidistas, apoyan la legislaci\u00f3n que hace realidad y duradero el progreso del clima, pero tambi\u00e9n de la&#8230;<\/p>\n","protected":false},"author":403,"featured_media":0,"comment_status":"open","ping_status":"open","sticky":false,"template":"","format":"standard","meta":{"give_campaign_id":0,"_jetpack_memberships_contains_paid_content":false,"footnotes":""},"categories":[71],"tags":[],"class_list":["post-11948","post","type-post","status-publish","format-standard","hentry","category-estado"],"jetpack_featured_media_url":"","jetpack-related-posts":[],"jetpack_sharing_enabled":true,"_links":{"self":[{"href":"https:\/\/www.elsemanarioonline.com\/es\/wp-json\/wp\/v2\/posts\/11948","targetHints":{"allow":["GET"]}}],"collection":[{"href":"https:\/\/www.elsemanarioonline.com\/es\/wp-json\/wp\/v2\/posts"}],"about":[{"href":"https:\/\/www.elsemanarioonline.com\/es\/wp-json\/wp\/v2\/types\/post"}],"author":[{"embeddable":true,"href":"https:\/\/www.elsemanarioonline.com\/es\/wp-json\/wp\/v2\/users\/403"}],"replies":[{"embeddable":true,"href":"https:\/\/www.elsemanarioonline.com\/es\/wp-json\/wp\/v2\/comments?post=11948"}],"version-history":[{"count":0,"href":"https:\/\/www.elsemanarioonline.com\/es\/wp-json\/wp\/v2\/posts\/11948\/revisions"}],"wp:attachment":[{"href":"https:\/\/www.elsemanarioonline.com\/es\/wp-json\/wp\/v2\/media?parent=11948"}],"wp:term":[{"taxonomy":"category","embeddable":true,"href":"https:\/\/www.elsemanarioonline.com\/es\/wp-json\/wp\/v2\/categories?post=11948"},{"taxonomy":"post_tag","embeddable":true,"href":"https:\/\/www.elsemanarioonline.com\/es\/wp-json\/wp\/v2\/tags?post=11948"}],"curies":[{"name":"wp","href":"https:\/\/api.w.org\/{rel}","templated":true}]}}