{"id":11872,"date":"2020-11-20T04:06:15","date_gmt":"2020-11-20T04:06:15","guid":{"rendered":"http:\/\/elsemanarioonl.wpengine.com\/?p=11872"},"modified":"2020-11-20T04:06:15","modified_gmt":"2020-11-20T04:06:15","slug":"las-obras-posrevolucionarias-cuentan-una-historia-cautivadora","status":"publish","type":"post","link":"https:\/\/www.elsemanarioonline.com\/es\/las-obras-posrevolucionarias-cuentan-una-historia-cautivadora\/","title":{"rendered":"Las Obras Posrevolucionarias Cuentan Una Historia Cautivadora"},"content":{"rendered":"<p><!-- VideographyWP Plugin Message: Automatic video embedding prevented by plugin options. --><br \/>\n<figure id=\"attachment_11873\" aria-describedby=\"caption-attachment-11873\" style=\"width: 432px\" class=\"wp-caption alignleft\"><img data-recalc-dims=\"1\" fetchpriority=\"high\" decoding=\"async\" class=\"wp-image-11873 size-full\" src=\"https:\/\/i0.wp.com\/elsemanarioonl.wpengine.com\/wp-content\/uploads\/2020\/11\/CO-3-State-S-DAM-Frida-1pic-provided-by-Denver-Art-Museum.jpg?resize=432%2C541\" alt=\"\" width=\"432\" height=\"541\" srcset=\"https:\/\/i0.wp.com\/www.elsemanarioonline.com\/wp-content\/uploads\/2020\/11\/CO-3-State-S-DAM-Frida-1pic-provided-by-Denver-Art-Museum.jpg?w=432&ssl=1 432w, https:\/\/i0.wp.com\/www.elsemanarioonline.com\/wp-content\/uploads\/2020\/11\/CO-3-State-S-DAM-Frida-1pic-provided-by-Denver-Art-Museum.jpg?resize=240%2C300&ssl=1 240w, https:\/\/i0.wp.com\/www.elsemanarioonline.com\/wp-content\/uploads\/2020\/11\/CO-3-State-S-DAM-Frida-1pic-provided-by-Denver-Art-Museum.jpg?resize=120%2C150&ssl=1 120w\" sizes=\"(max-width: 432px) 100vw, 432px\" \/><figcaption id=\"caption-attachment-11873\" class=\"wp-caption-text\">Foto: Gerardo Suter\/Provided by the Denver Art Museum Frida Kahlo, Diego en mi mente, 1943.<\/figcaption><\/figure><\/p>\n<p>El Denver Art Museum (DAM) presenta <em>Frida Kahlo, Diego Rivera y el modernismo mexicano de la Colecci\u00f3n Jacques y Natasha Gelman<\/em>, una exposici\u00f3n itinerante centrada en obras posteriores a la Revoluci\u00f3n mexicana de los artistas internacionalmente famosos Frida Kahlo, Diego Rivera y sus contempor\u00e1neos, entre ellos, Lola \u00c1lvarez Bravo, Gunther Gerzso, Mar\u00eda Izquierdo y Carlos M\u00e9rida. Esta exposici\u00f3n, organizada por la Fundaci\u00f3n Vergel y MondoMostre, en colaboraci\u00f3n con el Instituto Nacional de Bellas Artes y Literatura (INBAL), bajo la curadur\u00eda de \u00a0Rebecca Hart, curadora de arte moderno y contempor\u00e1neo Vicki y Kent Logan del DAM, presentar\u00e1 una selecci\u00f3n de m\u00e1s de 150 obras\u00a0 en sus salas Anschutz y Martin & McCormick al 24 de enero de 2021.<\/p>\n<p>La exposici\u00f3n tem\u00e1tica examinar\u00e1 el papel que tuvieron el arte, los artistas, la cultura ind\u00edgena y sus partidarios en el surgimiento de la identidad nacional y el esp\u00edritu creativo de M\u00e9xico al t\u00e9rmino de su Revoluci\u00f3n en 1920. <em>Frida Kahlo, Diego Rivera y el modernismo mexicano<\/em> destacar\u00e1 este movimiento por medio de obras de arte, murales y la cultura performativa, mismos que contribuyeron a los temas universales de independencia e identidad nacional. Esta exposici\u00f3n tambi\u00e9n cubrir\u00e1 el tema de importantes mujeres artistas de esa \u00e9poca.<\/p>\n<p>\u201cAhora que se acerca el centenario de la culminaci\u00f3n de la Revoluci\u00f3n mexicana, esperamos presentar una exposici\u00f3n que destaque ese periodo hist\u00f3rico vital a trav\u00e9s de una variedad de medios art\u00edsticos\u201d, declar\u00f3 Christoph Heinrich, director Frederick y Jan Mayer del DAM. \u201cEs la primera vez que presentaremos m\u00e1s de 20 obras de la famosa artista mexicana Frida Kahlo, entre las que se incluyen pinturas y dibujos\u201d.<\/p>\n<p>La mayor\u00eda de las obras en esta exposici\u00f3n provienen de la Colecci\u00f3n Jacques y Natasha Gelman. Jacques tuvo mucha influencia durante la Edad de Oro del cine mexicano, en la d\u00e9cada de 1930 y hasta mediados del siglo XX, como socio que fue en Posa Films, su relaci\u00f3n con el cine fue fundamental en su conexi\u00f3n con un c\u00edrculo de artistas influyentes. Jacques y Natasha reunieron una gran colecci\u00f3n de obras de artistas del movimiento modernista mexicano al adquirirlas principalmente de amigos que eran activos participantes en este movimiento. Su c\u00edrculo de amigos inclu\u00eda a Frida y a Diego, quienes hicieron pinturas bajo encargo para la familia Gelman durante ese vibrante e importante periodo del arte en la Ciudad de M\u00e9xico.<\/p>\n<figure id=\"attachment_11875\" aria-describedby=\"caption-attachment-11875\" style=\"width: 232px\" class=\"wp-caption alignleft\"><img data-recalc-dims=\"1\" decoding=\"async\" class=\"wp-image-11875 size-medium\" src=\"https:\/\/i0.wp.com\/elsemanarioonl.wpengine.com\/wp-content\/uploads\/2020\/11\/CO-3-State-S-DAM-Frida-2pic-provided-by-Denver-Art-Museum-Diego-Rivera-232x300.jpg?resize=232%2C300\" alt=\"\" width=\"232\" height=\"300\" srcset=\"https:\/\/i0.wp.com\/www.elsemanarioonline.com\/wp-content\/uploads\/2020\/11\/CO-3-State-S-DAM-Frida-2pic-provided-by-Denver-Art-Museum-Diego-Rivera.jpg?resize=232%2C300&ssl=1 232w, https:\/\/i0.wp.com\/www.elsemanarioonline.com\/wp-content\/uploads\/2020\/11\/CO-3-State-S-DAM-Frida-2pic-provided-by-Denver-Art-Museum-Diego-Rivera.jpg?resize=116%2C150&ssl=1 116w, https:\/\/i0.wp.com\/www.elsemanarioonline.com\/wp-content\/uploads\/2020\/11\/CO-3-State-S-DAM-Frida-2pic-provided-by-Denver-Art-Museum-Diego-Rivera.jpg?w=432&ssl=1 432w\" sizes=\"(max-width: 232px) 100vw, 232px\" \/><figcaption id=\"caption-attachment-11875\" class=\"wp-caption-text\">Foto: Gerardo Suter\/Provided by the Denver Art Museum Diego Rivera, Vendedor de alcatraces, 1943.<\/figcaption><\/figure>\n<p>A Frida Kahlo y a Diego Rivera se les atribuye un papel crucial en la creaci\u00f3n del movimiento avant-garde mexicano y establecieron un legado perdurable a trav\u00e9s de sus contribuciones al mundo del arte. A Rivera, reconocido como uno de los pintores m\u00e1s influyentes del siglo XX, tambi\u00e9n se le relaciona con el muralismo mexicano. Diego pint\u00f3 murales al fresco con su singular estilo que mezclaba la t\u00e9cnica pict\u00f3rica tradicional con la moderna, aprendida principalmente en Europa, e incorpor\u00f3 mensajes pol\u00edticos y sociales centrados en reunificar a los mexicanos al t\u00e9rmino de la Revoluci\u00f3n dando gran \u00e9nfasis a las historias no contadas, entre ellas, las de las culturas ind\u00edgenas, el pensamiento social progresivo y las interacciones con los europeos. Las representaciones de estos murales estar\u00e1n en la exposici\u00f3n por medio de enormes dise\u00f1os gr\u00e1ficos y grandes proyecciones. Obras originales, como su famosa Vendedor de alcatraces, de 1943, que muestra a dos mujeres ind\u00edgenas estar\u00e1n tambi\u00e9n a la vista.<\/p>\n<p>Por otra parte, las obras de Frida Kahlo en la muestra se inspiraron en su experiencia personal, en el arte folcl\u00f3rico mexicano y en una visi\u00f3n del mundo, con frecuencia llamado realismo m\u00e1gico, que acog\u00eda la contradicci\u00f3n, La obra de Frida, al igual que la de Diego, incorpora retratos de la mexicanidad, una identidad nacida de las culturas antiguas de M\u00e9xico y de su pasado colonial que proyectaba un futuro visionario. La mezcla de estos estilos art\u00edsticos es, con frecuencia, evidente en sus autorretratos y otras pinturas. La exposici\u00f3n incluir\u00e1 siete autorretratos de Frida, entre ellos, su pintura de 1943, titulada Diego en mi mente, donde se representa a s\u00ed misma con un vestido de tehuana y que alude a su relaci\u00f3n rom\u00e1ntica con Diego despu\u00e9s de su breve divorcio en 1939.<\/p>\n<figure id=\"attachment_11877\" aria-describedby=\"caption-attachment-11877\" style=\"width: 235px\" class=\"wp-caption alignleft\"><img data-recalc-dims=\"1\" decoding=\"async\" class=\"wp-image-11877 size-medium\" src=\"https:\/\/i0.wp.com\/elsemanarioonl.wpengine.com\/wp-content\/uploads\/2020\/11\/CO-3-State-S-DAM-Frida-3pic-by-provided-by-Denver-Art-Museum-artist-Maria-Izquierda-235x300.jpg?resize=235%2C300\" alt=\"\" width=\"235\" height=\"300\" srcset=\"https:\/\/i0.wp.com\/www.elsemanarioonline.com\/wp-content\/uploads\/2020\/11\/CO-3-State-S-DAM-Frida-3pic-by-provided-by-Denver-Art-Museum-artist-Maria-Izquierda.jpg?resize=235%2C300&ssl=1 235w, https:\/\/i0.wp.com\/www.elsemanarioonline.com\/wp-content\/uploads\/2020\/11\/CO-3-State-S-DAM-Frida-3pic-by-provided-by-Denver-Art-Museum-artist-Maria-Izquierda.jpg?resize=118%2C150&ssl=1 118w, https:\/\/i0.wp.com\/www.elsemanarioonline.com\/wp-content\/uploads\/2020\/11\/CO-3-State-S-DAM-Frida-3pic-by-provided-by-Denver-Art-Museum-artist-Maria-Izquierda.jpg?w=432&ssl=1 432w\" sizes=\"(max-width: 235px) 100vw, 235px\" \/><figcaption id=\"caption-attachment-11877\" class=\"wp-caption-text\">Foto: Gerardo Suter\/ Provided by the Denver Art Museum Esta exposici\u00f3n tambi\u00e9n cubrir\u00e1 el tema de importantes mujeres artistas de esa \u00e9poca: Mar\u00eda Izquierdo, Novia de Papantla, 1944.<\/figcaption><\/figure>\n<p>\u201cEspero que esta exposici\u00f3n aumente el entendimiento y la apreciaci\u00f3n de artistas como Frida Kahlo, Diego Rivera y los ic\u00f3nicos artistas modernistas mexicanos del siglo XX\u201d, expres\u00f3 Hart. \u201cTambi\u00e9n espero que los visitantes logren hacer conexiones con sus experiencias personales y el mundo que los rodea por medio de las obras y las narrativas expuestas\u201d.<\/p>\n<p>El cambio del movimiento modernista mexicano durante la posguerra tambi\u00e9n se ilustrar\u00e1 a trav\u00e9s de obras de artistas contempor\u00e1neos de Diego y Frida, como la pintura vibrante y audaz de Carlos M\u00e9rida, Fiesta de p\u00e1jaros, de 1959, que us\u00f3 el estilo figurativo, el surrealista y el geom\u00e9trico para representar una parvada. La obra de Mar\u00eda Izquierdo, Naturaleza viva, de 1946, es una naturaleza muerta con frutas, verduras y una caracola, que simboliza la belleza aut\u00e9ntica de M\u00e9xico y la abundancia de sus productos frescos.<\/p>\n<p>La entrada a la exposici\u00f3n F<em>rida Kahlo, Diego Rivera y el modernismo mexicano<\/em> requerir\u00e1 de boleto por separado.<\/p>\n<p>Para obtener informaci\u00f3n actualizada sobre las entradas, visite el sitio web del Denver Art Museum: <a href=\"https:\/\/www.denverartmuseum.org\/en\/exhibitions\/frida-kahlo-diego-rivera-and-mexican-modernism\">denverartmuseum.org. <\/a><\/p>\n<p>\u00a0<\/p>\n<p><strong>Para Noticias de Colorado: <\/strong><a href=\"http:\/\/elsemanarioonl.wpengine.com\/\"><strong>WWW.ELSEMANARIOCOLORADO.COM<\/strong><\/a><\/p>\n<p>\u00a0<\/p>\n<figure id=\"attachment_11879\" aria-describedby=\"caption-attachment-11879\" style=\"width: 432px\" class=\"wp-caption aligncenter\"><img data-recalc-dims=\"1\" loading=\"lazy\" decoding=\"async\" class=\"wp-image-11879 size-full\" src=\"https:\/\/i0.wp.com\/elsemanarioonl.wpengine.com\/wp-content\/uploads\/2020\/11\/CO-3-State-S-DAM-Frida-4pic-by-provided-by-Denver-Art-Museum-artist-Carlos-Merida.jpg?resize=432%2C553\" alt=\"\" width=\"432\" height=\"553\" srcset=\"https:\/\/i0.wp.com\/www.elsemanarioonline.com\/wp-content\/uploads\/2020\/11\/CO-3-State-S-DAM-Frida-4pic-by-provided-by-Denver-Art-Museum-artist-Carlos-Merida.jpg?w=432&ssl=1 432w, https:\/\/i0.wp.com\/www.elsemanarioonline.com\/wp-content\/uploads\/2020\/11\/CO-3-State-S-DAM-Frida-4pic-by-provided-by-Denver-Art-Museum-artist-Carlos-Merida.jpg?resize=234%2C300&ssl=1 234w, https:\/\/i0.wp.com\/www.elsemanarioonline.com\/wp-content\/uploads\/2020\/11\/CO-3-State-S-DAM-Frida-4pic-by-provided-by-Denver-Art-Museum-artist-Carlos-Merida.jpg?resize=117%2C150&ssl=1 117w\" sizes=\"(max-width: 432px) 100vw, 432px\" \/><figcaption id=\"caption-attachment-11879\" class=\"wp-caption-text\">Foto: Gerardo Suter\/ Provided by the Denver Art Museum Carlos M\u00e9rida, Festival de los p\u00e1jaros, 1959.<\/figcaption><\/figure>\n<p>\u00a0<\/p>\n","protected":false},"excerpt":{"rendered":"<p>El Denver Art Museum (DAM) presenta Frida Kahlo, Diego Rivera y el modernismo mexicano de la Colecci\u00f3n Jacques y Natasha Gelman, una exposici\u00f3n itinerante centrada en obras posteriores a la&#8230;<\/p>\n","protected":false},"author":403,"featured_media":0,"comment_status":"open","ping_status":"open","sticky":false,"template":"","format":"standard","meta":{"give_campaign_id":0,"_jetpack_memberships_contains_paid_content":false,"footnotes":""},"categories":[71],"tags":[],"class_list":["post-11872","post","type-post","status-publish","format-standard","hentry","category-estado"],"jetpack_featured_media_url":"","jetpack-related-posts":[],"jetpack_sharing_enabled":true,"_links":{"self":[{"href":"https:\/\/www.elsemanarioonline.com\/es\/wp-json\/wp\/v2\/posts\/11872","targetHints":{"allow":["GET"]}}],"collection":[{"href":"https:\/\/www.elsemanarioonline.com\/es\/wp-json\/wp\/v2\/posts"}],"about":[{"href":"https:\/\/www.elsemanarioonline.com\/es\/wp-json\/wp\/v2\/types\/post"}],"author":[{"embeddable":true,"href":"https:\/\/www.elsemanarioonline.com\/es\/wp-json\/wp\/v2\/users\/403"}],"replies":[{"embeddable":true,"href":"https:\/\/www.elsemanarioonline.com\/es\/wp-json\/wp\/v2\/comments?post=11872"}],"version-history":[{"count":0,"href":"https:\/\/www.elsemanarioonline.com\/es\/wp-json\/wp\/v2\/posts\/11872\/revisions"}],"wp:attachment":[{"href":"https:\/\/www.elsemanarioonline.com\/es\/wp-json\/wp\/v2\/media?parent=11872"}],"wp:term":[{"taxonomy":"category","embeddable":true,"href":"https:\/\/www.elsemanarioonline.com\/es\/wp-json\/wp\/v2\/categories?post=11872"},{"taxonomy":"post_tag","embeddable":true,"href":"https:\/\/www.elsemanarioonline.com\/es\/wp-json\/wp\/v2\/tags?post=11872"}],"curies":[{"name":"wp","href":"https:\/\/api.w.org\/{rel}","templated":true}]}}