{"id":11871,"date":"2020-11-20T04:01:02","date_gmt":"2020-11-20T04:01:02","guid":{"rendered":"http:\/\/elsemanarioonl.wpengine.com\/?p=11871"},"modified":"2020-11-20T04:01:02","modified_gmt":"2020-11-20T04:01:02","slug":"el-mito-del-voto-latino-y-lo-que-los-medios-pueden-aprender-del-2020","status":"publish","type":"post","link":"https:\/\/www.elsemanarioonline.com\/es\/el-mito-del-voto-latino-y-lo-que-los-medios-pueden-aprender-del-2020\/","title":{"rendered":"El Mito del Voto Latino y lo Que los Medios Pueden Aprender del 2020"},"content":{"rendered":"<p><!-- VideographyWP Plugin Message: Automatic video embedding prevented by plugin options. --><br \/>\n\u00a0<\/p>\n<p><strong>Perla Trevizo<\/strong><\/p>\n<p>\u00a0<\/p>\n<p>En el 2016, la elecci\u00f3n de Donald Trump como presidente de los Estados Unidos tom\u00f3 a medios de comunicaci\u00f3n de todo el pa\u00eds por sorpresa; a ra\u00edz de eso se comprometieron a hacer un mejor trabajo representando a las distintas comunidades que conforman esta naci\u00f3n. Esto inclu\u00eda a conservadores, aquellos en \u00e1reas rurales (un grupo complejo por s\u00ed mismo) y, s\u00ed, a los latinos.<\/p>\n<p>Cuatro a\u00f1os despu\u00e9s, aunque Trump no fue reelecto, el hecho de que la contienda haya sido tan re\u00f1ida a pesar de que las encuestan indicaban una victoria aplastante del candidato dem\u00f3crata tiene a los medios de comunicaci\u00f3n haci\u00e9ndose las mismas preguntas que hace 4 a\u00f1os. El aumento en el porcentaje de latinos que votaron por Trump tom\u00f3 a muchos por sorpresa. \u00bfC\u00f3mo es posible que los sondeadores estuvieran tan equivocados nuevamente? \u00bfSon los medios, y la falta de diversidad en ellos, parte del problema?<\/p>\n<p>Luego de las elecciones del 2016, una publicaci\u00f3n nacional anunci\u00f3 que iba a expandir su cobertura contratando a personas que trajeran consigo distintas perspectivas. Aunque sab\u00eda que las posibilidades de obtener uno de esos puestos era m\u00ednima, debido a que ven\u00eda de un diario peque\u00f1o, decid\u00ed presentar la solicitud. Si realmente estaban comprometidos a diversificar sus redacciones, pens\u00e9, tengo una oportunidad.<\/p>\n<p>Soy migrante de primera generaci\u00f3n. Nac\u00ed en Ciudad Ju\u00e1rez y crec\u00ed al otro lado de la frontera, en El Paso, Texas, en una familia de clase media. Mi pap\u00e1 era ingeniero en M\u00e9xico, pero al emigrar se convirti\u00f3 en vendedor de seguros de vida y luego chofer de un trailer, algo que sigue haciendo en sus sesentas. Para \u00e9l no hay cuenta de jubilaci\u00f3n, ni ahorros, mucho menos una casa ya pagada.<\/p>\n<p>Cuando solicit\u00e9 la posici\u00f3n, hab\u00eda cubierto temas de migraci\u00f3n por m\u00e1s de una d\u00e9cada, adem\u00e1s ten\u00eda experiencia escribiendo sobre migrantes y refugiados desde m\u00e1s de 12 pa\u00edses. Les adelanto, al final no obtuve el puesto, tampoco otra periodista de color.<\/p>\n<p>De ninguna manera digo que ten\u00eda que haber sido yo una de las seleccionadas, pero me consterna c\u00f3mo los medios de comunicaci\u00f3n, en general, siguen teniendo tan pocos avances en cuanto a diversidad. Las redacciones son como una ventana al resto de Estados Unidos. Como periodistas, tenemos el gran poder \u2014 y responsabilidad \u2014 de escoger las voces que optamos por representar y la manera en la que lo hacemos. Somos parte, o debemos serlo, de las comunidades sobre las cuales escribimos.<\/p>\n<p>Hoy, luego de las m\u00e1s recientes elecciones, parte de la conversaci\u00f3n es sobre c\u00f3mo los latinos pudieron apoyar a Trump. Mientras los hispanos le ayudaron a ganar en Arizona al presidente electo Joe Biden, el respaldo a Trump por parte de los hispanos mejor\u00f3 en estados como Florida y Texas. Ese salto fue particularmente sorprendente en el sur de Texas, en donde Biden gan\u00f3 en la mayor\u00eda de los condados, pero por un margen mucho m\u00e1s estrecho que Hilary Clinton hace cuatro a\u00f1os.<\/p>\n<p>Como pa\u00eds, nos sigue cayendo de sorpresa que los latinos no son un grupo monol\u00edtico y que no todos votan por los dem\u00f3cratas. Sin embargo, no es nada nuevo. Desde la reelecci\u00f3n del presidente Richard Nixon en 1972, candidatos republicanos han obtenido de manera consistente entre un cuarto y un tercio del voto hispano, seg\u00fan Geraldo L. Cadava, un profesor asociado en la Universidad Northwestern, quien ha escrito un libro sobre el tema.<\/p>\n<p>Las razones por las cuales latinos en Florida votaron por Trump son diferentes a las de latinos en Texas. Para los cubanoamericanos y los venezolanos fue, entre otros temas, la idea de que Biden representaba el \u201csocialismo\u201d. Para los mexicoamericanos en el sur de Texas eran en parte la econom\u00eda y el apoyo a las fuerzas policiacas.<\/p>\n<p>Sin embargo, nosotros, \u201clos medios\u00bb, comentaristas y pol\u00edticos a nivel nacional, continuamos viendo la inmigraci\u00f3n como el tema clave para los latinos. Si quieres su voto, el t\u00f3pico a abordar son los \u201cdreamers\u201d, la ciudadan\u00eda, la frontera. Pero al igual que para cualquier otro grupo demogr\u00e1fico en este pa\u00eds, hay muchos m\u00e1s temas que interesan a los hispanos.<\/p>\n<p>M\u00e1s del 18 % de la poblaci\u00f3n en Estados Unidos es hispana \u2014 un 40 % en Texas \u2014 pero solo representamos 7 % de las redacciones, seg\u00fan la encuesta News Leaders 2019 sobre diversidad. Los latinos representamos el 10% de los periodistas de ProPublica, el 21% del Texas Tribune y el 30% de nuestra asociaci\u00f3n conjunta en la sala de redacci\u00f3n.<\/p>\n<p>Usualmente recurro a mi familia cuando trato de mostrar qu\u00e9 tan diversa es esta comunidad. Mi abuelito naci\u00f3 en Nuevo M\u00e9xico, su padre trabajaba para una fundidora local. En alg\u00fan momento, la familia decidi\u00f3 regresar a M\u00e9xico, en donde mi abuelo creci\u00f3 y eventualmente se cas\u00f3 y tuvo sus hijos.<\/p>\n<p>Una vez que la situaci\u00f3n econ\u00f3mica se puso dif\u00edcil, decidi\u00f3 volver a su tierra natal para trabajar. Los hijos mayores \u2014 incluyendo a mi mam\u00e1 \u2014 nunca aprendieron bien el ingl\u00e9s, a\u00fan prefieren ver Telemundo y se identifican m\u00e1s como mexicanos que como estadounidenses. Los m\u00e1s chicos, por otra parte, se graduaron de preparatorias en El Paso, hablan <em>Spanglish<\/em> y tienen una identidad dividida entre ambos pa\u00edses.<\/p>\n<p>\u00bfY sus hijos? De todos los primos, somos muy pocos los que a\u00fan podemos comunicarnos de manera fluida en espa\u00f1ol, y un n\u00famero menor todav\u00eda los que podemos escribir y leer en la lengua materna de nuestros padres. La mayor\u00eda creci\u00f3 con \u201cPlaza S\u00e9samo\u201d en vez de \u201cEl Chavo del Ocho\u201d y prefieren comer <em>Flaming Hot Cheetos<\/em> que Churrumais. La mayor\u00eda tiene pocos lazos que los atan al pa\u00eds de sus padres.<\/p>\n<p>Dentro de la familia tenemos a due\u00f1os de sus propios negocios, una enfermera, mec\u00e1nicos, miembros del ej\u00e9rcito \u2014 hasta una periodista. Hay aquellos que apoyan a Trump, aquellos que son religiosos y conservadores, algunos que son ap\u00e1ticos al sistema y est\u00e1n desilusionados. Tambi\u00e9n hay aquellos que lamentan la situaci\u00f3n de los migrantes pero piensan que tiene que haber l\u00edmites, y otros para quienes la frontera no es nada m\u00e1s que una l\u00ednea imaginaria. El aborto, cuidado m\u00e9dico e igualdad son temas que nos dividen \u2014 as\u00ed como al resto de los norteamericanos.<\/p>\n<p>Eso es lo que como pa\u00eds a\u00fan no logramos entender. C\u00f3mo inclusive dentro de un mismo grupo, en este caso mexicoamericanos, puede haber esta gran gama de perspectivas, creencias y prioridades.<\/p>\n<p>Cuando era ni\u00f1a, ni la Patrulla Fronteriza ni la migraci\u00f3n acaparaban nuestras vidas, a pesar de que pod\u00edamos ver a Ju\u00e1rez desde el patio trasero. Eso no era de lo que hablaban mis pap\u00e1s cuando nos sentabamos a comer. A ellos lo que les preocupaba era que la casa estuviera pagada y nuestra educaci\u00f3n.<\/p>\n<p>Cuando empec\u00e9 a cubrir la frontera como periodista, mi meta era ir m\u00e1s all\u00e1 de los reportajes sobre las muertes en el desierto, la migraci\u00f3n indocumentada y los asesinatos por la Patrulla Fronteriza, temas inmensamente importantes, pero los cuales ya reciben m\u00e1s cobertura. Sin embargo, fue mucho m\u00e1s dif\u00edcil y no siempre lo logr\u00e9. En este pa\u00eds, la migraci\u00f3n se sigue cubriendo como un problema, una ola de gente viniendo, una invasi\u00f3n. La historia de asimilaci\u00f3n o de perspectivas y experiencias diferentes entre familias migrantes es una nota mucho m\u00e1s dif\u00edcil de vender y de contar. Pero son tem\u00e1ticas, hoy m\u00e1s que nunca, de suma importancia.<\/p>\n<p>Estas regiones, estas comunidades, son \u00e1reas vibrantes con problemas que incluyen la falta de acceso a buenos trabajos, a una educaci\u00f3n de alta calidad, a cuidado m\u00e9dico y poca participaci\u00f3n c\u00edvica. Pero esta no suele ser la historia de la frontera a la que estamos expuestos.<\/p>\n<p>Mi esperanza es que una vez m\u00e1s, al momento de reflexionar como medios qu\u00e9 podemos hacer para mejorar nuestra labor, recordemos que estas comunidades migrantes, fronterizas, de color, no son homog\u00e9neas. Las tenemos que involucrar como lectores, como votantes, como residentes, d\u00eda tras d\u00eda y no solo durante las elecciones.<\/p>\n<p>Solamente as\u00ed tendremos un mejor entendimiento de qui\u00e9nes somos y qu\u00e9 representamos como pa\u00eds. Solamente as\u00ed vamos a dejar de cubrir a las comunidades migrantes, latinas, rurales, conservadoras e ind\u00edgenas como algo m\u00e1s que \u201cellos\u201d y \u201cnosotros\u201d. Solamente as\u00ed vamos a lograr ser simplemente \u201cnosotros\u201d.<\/p>\n<p>\u00a0<\/p>\n<p><a href=\"https:\/\/www.propublica.org\/people\/perla-trevizo\">Perla Trevizo<\/a> es una reportera para ProPublica-Texas Tribune Investigative Initiative.<\/p>\n<p>\u00a0<\/p>\n<p><strong>Leer M\u00e1s Comentarios: <\/strong><a href=\"http:\/\/www.elsemanario.us\/\"><strong>WWW.<\/strong><strong>ELSEMANARIO.US<\/strong><\/a><\/p>\n<p>\u00a0<\/p>\n","protected":false},"excerpt":{"rendered":"<p>\u00a0 Perla Trevizo \u00a0 En el 2016, la elecci\u00f3n de Donald Trump como presidente de los Estados Unidos tom\u00f3 a medios de comunicaci\u00f3n de todo el pa\u00eds por sorpresa; a&#8230;<\/p>\n","protected":false},"author":403,"featured_media":0,"comment_status":"open","ping_status":"open","sticky":false,"template":"","format":"standard","meta":{"give_campaign_id":0,"_jetpack_memberships_contains_paid_content":false,"footnotes":""},"categories":[72],"tags":[],"class_list":["post-11871","post","type-post","status-publish","format-standard","hentry","category-comentario"],"jetpack_featured_media_url":"","jetpack-related-posts":[],"jetpack_sharing_enabled":true,"_links":{"self":[{"href":"https:\/\/www.elsemanarioonline.com\/es\/wp-json\/wp\/v2\/posts\/11871","targetHints":{"allow":["GET"]}}],"collection":[{"href":"https:\/\/www.elsemanarioonline.com\/es\/wp-json\/wp\/v2\/posts"}],"about":[{"href":"https:\/\/www.elsemanarioonline.com\/es\/wp-json\/wp\/v2\/types\/post"}],"author":[{"embeddable":true,"href":"https:\/\/www.elsemanarioonline.com\/es\/wp-json\/wp\/v2\/users\/403"}],"replies":[{"embeddable":true,"href":"https:\/\/www.elsemanarioonline.com\/es\/wp-json\/wp\/v2\/comments?post=11871"}],"version-history":[{"count":0,"href":"https:\/\/www.elsemanarioonline.com\/es\/wp-json\/wp\/v2\/posts\/11871\/revisions"}],"wp:attachment":[{"href":"https:\/\/www.elsemanarioonline.com\/es\/wp-json\/wp\/v2\/media?parent=11871"}],"wp:term":[{"taxonomy":"category","embeddable":true,"href":"https:\/\/www.elsemanarioonline.com\/es\/wp-json\/wp\/v2\/categories?post=11871"},{"taxonomy":"post_tag","embeddable":true,"href":"https:\/\/www.elsemanarioonline.com\/es\/wp-json\/wp\/v2\/tags?post=11871"}],"curies":[{"name":"wp","href":"https:\/\/api.w.org\/{rel}","templated":true}]}}