{"id":11726,"date":"2020-10-30T02:29:06","date_gmt":"2020-10-30T02:29:06","guid":{"rendered":"http:\/\/elsemanarioonl.wpengine.com\/?p=11726"},"modified":"2020-10-30T02:29:06","modified_gmt":"2020-10-30T02:29:06","slug":"el-estado-mueve-a-denver-a-restricciones-de-nivel-3","status":"publish","type":"post","link":"https:\/\/www.elsemanarioonline.com\/es\/el-estado-mueve-a-denver-a-restricciones-de-nivel-3\/","title":{"rendered":"El Estado Mueve a Denver a Restricciones De Nivel 3"},"content":{"rendered":"<p><!-- VideographyWP Plugin Message: Automatic video embedding prevented by plugin options. --><br \/>\n\u00a0<\/p>\n<p>\u00a0<\/p>\n<p>En un momento cr\u00edtico de esta pandemia, el Departamento de Salud P\u00fablica y Medio Ambiente de Colorado (CDPHE) ha trasladado la ciudad y el condado de Denver, entre otros condados, al nivel 3 m\u00e1s restrictivo de <a href=\"https:\/\/covid19.colorado.gov\/data\/covid-19-dial\/covid-19-dial-dashboard\">Safer at Home dial<\/a>.<\/p>\n<p>El alcalde Michael B. Hancock y el director ejecutivo del Departamento de Salud P\u00fablica y Medio Ambiente de Denver, Robert McDonald, anunciaron el cambio hoy.<\/p>\n<p>Los l\u00edderes de la ciudad ya hab\u00edan promulgado \u00f3rdenes de salud p\u00fablica m\u00e1s estrictas, incluidas las cubiertas obligatorias para la cara al aire libre, para tratar de evitar estas restricciones. Pero CDPHE dijo que la gravedad de los aumentos forz\u00f3 el cambio. Esos aumentos incluyen: una tasa de positividad superior al 7%, casos nuevos de m\u00e1s de 2.800 durante un per\u00edodo de dos semanas y tasas de casos de 385 por cada 100.000 personas.<\/p>\n<p>Las restricciones de nivel 3 incluyen:<\/p>\n<ul>\n<li>Los restaurantes pueden operar al 25% del l\u00edmite de ocupaci\u00f3n publicado en interiores sin exceder las 50 personas, excluyendo al personal, lo que sea menor, por habitaci\u00f3n. Esto es inferior al 50% de la capacidad.<\/li>\n<\/ul>\n<p>-Los lugares de culto y los ritos de vida pueden operar al 25% de su capacidad o 50 personas.<\/p>\n<p>-La fabricaci\u00f3n y las oficinas no cr\u00edticas caen del 50% al 25% de la capacidad.<\/p>\n<p>-El comercio minorista cae del 50% al 25% de su capacidad.<\/p>\n<p>-Los servicios personales pasan al 25% desde el 50% de la capacidad.<\/p>\n<p>-Los eventos bajo techo pueden operar al 50% de su capacidad o 25 personas, lo que sea menor.<\/p>\n<p>El cambio al Nivel 3 no afecta las variaciones espec\u00edficas del sitio, incluidos los Jardines Bot\u00e1nicos, el Zool\u00f3gico de Denver y el Centro Comercial Cherry Creek. Estos pueden continuar operando de acuerdo con las asignaciones y las condiciones de las aprobaciones de variaci\u00f3n originales.<\/p>\n<p>Si la ciudad reduce sus nuevos casos, positividad y hospitalizaciones para el Nivel 2 durante esta fase m\u00e1s restrictiva, la ciudad necesitar\u00eda mantener esas m\u00e9tricas durante dos semanas y completar un proceso de solicitud para regresar al Nivel 2.<\/p>\n<p>El estado dice que se reserva el derecho de trasladar Denver a un nivel m\u00e1s restrictivo en cualquier momento si las circunstancias lo justifican.<\/p>\n<p>Estas nuevas restricciones resaltan cu\u00e1n cr\u00edtico es para la comunidad cumplir con las \u00f3rdenes de salud p\u00fablica de la ciudad, usar cubiertas para la cara en p\u00fablico, practicar el distanciamiento social adecuado y lavarse las manos con frecuencia. Detener la propagaci\u00f3n de COVID requerir\u00e1 la cooperaci\u00f3n de todos en nuestra comunidad. Solo juntos podemos vencer a este virus destructivo y persistente<\/p>\n<p>\u00a0<\/p>\n<p><strong>Para Noticias de Colorado: <\/strong><a href=\"http:\/\/elsemanarioonl.wpengine.com\/\"><strong>WWW.ELSEMANARIOCOLORADO.COM<\/strong><\/a><\/p>\n<p>\u00a0<\/p>\n","protected":false},"excerpt":{"rendered":"<p>\u00a0 \u00a0 En un momento cr\u00edtico de esta pandemia, el Departamento de Salud P\u00fablica y Medio Ambiente de Colorado (CDPHE) ha trasladado la ciudad y el condado de Denver, entre&#8230;<\/p>\n","protected":false},"author":403,"featured_media":0,"comment_status":"open","ping_status":"open","sticky":false,"template":"","format":"standard","meta":{"give_campaign_id":0,"_jetpack_memberships_contains_paid_content":false,"footnotes":""},"categories":[71],"tags":[],"class_list":["post-11726","post","type-post","status-publish","format-standard","hentry","category-estado"],"jetpack_featured_media_url":"","jetpack-related-posts":[],"jetpack_sharing_enabled":true,"_links":{"self":[{"href":"https:\/\/www.elsemanarioonline.com\/es\/wp-json\/wp\/v2\/posts\/11726","targetHints":{"allow":["GET"]}}],"collection":[{"href":"https:\/\/www.elsemanarioonline.com\/es\/wp-json\/wp\/v2\/posts"}],"about":[{"href":"https:\/\/www.elsemanarioonline.com\/es\/wp-json\/wp\/v2\/types\/post"}],"author":[{"embeddable":true,"href":"https:\/\/www.elsemanarioonline.com\/es\/wp-json\/wp\/v2\/users\/403"}],"replies":[{"embeddable":true,"href":"https:\/\/www.elsemanarioonline.com\/es\/wp-json\/wp\/v2\/comments?post=11726"}],"version-history":[{"count":0,"href":"https:\/\/www.elsemanarioonline.com\/es\/wp-json\/wp\/v2\/posts\/11726\/revisions"}],"wp:attachment":[{"href":"https:\/\/www.elsemanarioonline.com\/es\/wp-json\/wp\/v2\/media?parent=11726"}],"wp:term":[{"taxonomy":"category","embeddable":true,"href":"https:\/\/www.elsemanarioonline.com\/es\/wp-json\/wp\/v2\/categories?post=11726"},{"taxonomy":"post_tag","embeddable":true,"href":"https:\/\/www.elsemanarioonline.com\/es\/wp-json\/wp\/v2\/tags?post=11726"}],"curies":[{"name":"wp","href":"https:\/\/api.w.org\/{rel}","templated":true}]}}