{"id":11598,"date":"2020-10-09T03:00:48","date_gmt":"2020-10-09T03:00:48","guid":{"rendered":"http:\/\/elsemanarioonl.wpengine.com\/?p=11598"},"modified":"2020-10-09T03:00:48","modified_gmt":"2020-10-09T03:00:48","slug":"proteger-daca-voten-por-el-hickenlooper-y-el-biden-antes-del-3-de-noviembre","status":"publish","type":"post","link":"https:\/\/www.elsemanarioonline.com\/es\/proteger-daca-voten-por-el-hickenlooper-y-el-biden-antes-del-3-de-noviembre\/","title":{"rendered":"Proteger DACA: \u00a1Voten por el Hickenlooper y el Biden Antes del 3 de Noviembre!"},"content":{"rendered":"<p><!-- VideographyWP Plugin Message: Automatic video embedding prevented by plugin options. --><br \/>\n<strong>Junta Asesora de <em>The Weekly Issue\/El Semanario<\/em><\/strong><\/p>\n<p>\u00a0<\/p>\n<p>El voto para Senador de Colorado y para Presidente de los Estados Unidos estar\u00e1 sobre nosotros en unas semanas, ya sea por correo o en persona. El Comit\u00e9 Asesor de <em>The Weekly Issue\/El Semanario<\/em> le insta encarecidamente a proteger el programa DACA (Acci\u00f3n Diferida para la Llegada de los Ni\u00f1os), que ha sido objeto de un estridente ataque por parte del Presidente Trump desde su campa\u00f1a de 2016 y a lo largo de su presidencia, ayudado e instigado por su Senador, Cory Gardner.<\/p>\n<p>La Corte Suprema de los Estados Unidos escuch\u00f3 los argumentos de la administraci\u00f3n Trump para rescindir el DACA en noviembre de 2019, pero el 18 de junio de este a\u00f1o la Corte dictamin\u00f3 5-4 que el DACA podr\u00eda continuar, por ahora, en espera de los pr\u00f3ximos planes revisados del Presidente Trump para terminarlo. Muchos han asumido que el debate y la lucha por la continuaci\u00f3n de DACA fue resuelto favorablemente por la Corte Suprema de los Estados Unidos, pero no es as\u00ed. En cambio, la decisi\u00f3n de la Corte lleva en s\u00ed las semillas del pr\u00f3ximo esfuerzo de Trump y su administraci\u00f3n, ya que los jueces le dieron a la administraci\u00f3n Trump las pautas para la pr\u00f3xima versi\u00f3n para el Departamento de Justicia y el Departamento de Seguridad Nacional de la indebida DACA. El destino de DACA sigue siendo precario, a la espera de los resultados de las pr\u00f3ximas elecciones.<\/p>\n<blockquote><p>Si Colorado puede proteger a los adultos que cometen delitos federales, puede proteger a los j\u00f3venes beneficiarios de la DACA, tra\u00eddos de ni\u00f1os, que no han cometido ning\u00fan delito.    <\/p><\/blockquote>\n<p>El presidente Barack Obama y su administraci\u00f3n crearon DACA en junio de 2012 para proteger a los j\u00f3venes inmigrantes que hab\u00edan sido tra\u00eddos a los EE.UU. cuando eran ni\u00f1os.\u00a0 Pidi\u00f3 discreci\u00f3n para \u00abaplazar la acci\u00f3n\u00bb, como su nombre lo indica, contra la deportaci\u00f3n de estos j\u00f3venes inmigrantes, que como se informa ampliamente fueron tra\u00eddos a los EE.UU. a una edad promedio de 6 a\u00f1os. Nosotros, el Comit\u00e9 Asesor de <em>The Weekly Issue\/El Semanario<\/em>, declaramos que tales ni\u00f1os no rompieron ninguna ley en su inmigraci\u00f3n, ya que los ni\u00f1os seg\u00fan el sistema legal de los EE.UU. son incapaces de romper ninguna ley hasta por lo menos 10 a\u00f1os de edad. Entre las edades de 10 y 15 a\u00f1os, los tribunales pueden dedicarse a proteger, en lugar de castigar, al ni\u00f1o. Por lo tanto, la discreci\u00f3n para \u00abaplazar la acci\u00f3n\u00bb debe ser un hecho.<\/p>\n<p>Pedimos a nuestros lectores que consideren una cuesti\u00f3n importante de la jurisprudencia americana: \u00bfSe aplica la Constituci\u00f3n de los Estados Unidos a estos ni\u00f1os inmigrantes?<\/p>\n<p>Para responder, consideren un experimento de pensamiento. Supongamos que un avi\u00f3n cargado de adultos blancos y adinerados ciudadanos brit\u00e1nicos, junto con adultos blancos y adinerados ciudadanos alemanes, vuelan desde Europa a trav\u00e9s de los Estados Unidos a China para recorrer la Gran Muralla China. Volando de este a oeste, su avi\u00f3n experimenta problemas de motor en Kansas, y deben aterrizar, sin previo aviso, sin aprobaciones previas, en el Aeropuerto Internacional de Denver (DIA). Desembarcan y est\u00e1n ahora en la terminal del DIA. \u00bfPodr\u00edan los ciudadanos de Colorado asaltarlos, robarles, asaltarlos, participar en un ataque contra ellos, ya que, despu\u00e9s de todo, no son ciudadanos de los EE.UU.? \u00bfO est\u00e1n protegidos por la Constituci\u00f3n de los Estados Unidos? La pregunta es absurda \u2013 por supuesto que gozar\u00edan de la protecci\u00f3n de la Constituci\u00f3n de los EE.UU., y podr\u00edan estar en camino una vez que el motor de su avi\u00f3n sea reparado, con el pelo rubio soplando en el viento.<\/p>\n<p>Ahora consideren a los beneficiarios de la DACA en el Am\u00e9rica de Donald Trump y Cory Gardner. \u00bfLos ni\u00f1os de DACA a la edad de 6 a\u00f1os, y los j\u00f3venes cuando reciben la certificaci\u00f3n de DACA, tienen recurso legal a la cl\u00e1usula de \u00abIgual Protecci\u00f3n\u00bb de la 14\u00aa Enmienda, que protege a los ciudadanos, por supuesto, pero tambi\u00e9n a las \u00abpersonas\u00bb, ciudadanos o no?\u00a0 La respuesta es que, en la Am\u00e9rica de Barack Obama, lo hicieron. Pero en la Am\u00e9rica de Trump y Gardner, no lo hacen, ya que ambos pol\u00edticos, y sus cohortes republicanos, han hecho todo lo posible para eliminar la DACA y otras protecciones similares.<\/p>\n<p>El gobierno federal no debe dar un trato gratuito, negativo y diferenciado a los ni\u00f1os y otras \u00abpersonas\u00bb j\u00f3venes que no han cometido delitos, sino que han contribuido a nuestra cultura en los Estados Unidos.<\/p>\n<p>El cargo podr\u00eda ser procesado contra nosotros, el Comit\u00e9 Asesor, que la ley Federal es r\u00edgida contra los inmigrantes. Sin embargo, considere el uso de la marihuana en Colorado. Mientras que la inmigraci\u00f3n es un asunto federal, tambi\u00e9n lo es la posesi\u00f3n y el uso de la marihuana, por lo que se aplican las leyes federales contra el estado de Colorado sobre la marihuana. Mientras que la posesi\u00f3n, el uso y la venta de marihuana son ilegales por ley federal, incluso en todo Colorado -incluso alcanzando el estatus de delito grave dependiendo de las circunstancias- los residentes adultos mayores de 21 a\u00f1os reciben \u00abdiscreci\u00f3n\u00bb y \u00abacci\u00f3n diferida\u00bb de un delito grave -o cualquier proceso. Si Colorado puede proteger a los adultos que cometen delitos federales, puede proteger a los j\u00f3venes beneficiarios de la DACA, tra\u00eddos de ni\u00f1os, que no han cometido ning\u00fan delito.<\/p>\n<p>Nuestra preocupaci\u00f3n es que la cruzada de Trump y Gardner para eliminar a la DACA volver\u00e1, probablemente a tiempo para generar un entusiasmo renovado por las campa\u00f1as de reelecci\u00f3n de Trump y Gardner, en una orden ejecutiva de seguimiento. El <a href=\"https:\/\/www.nytimes.com\/2020\/06\/19\/us\/politics\/trump-daca.html\"><em>New York Times<\/em> <\/a>el 19 de junio, en \u00abTrump dice que la administraci\u00f3n intentar\u00e1 de nuevo acabar con el programa de \u2018So\u00f1adores'\u00bb, declar\u00f3, \u00abEn un tweet del viernes por la ma\u00f1ana, el Sr. Trump prometi\u00f3 intentarlo de nuevo. \u2018En breve presentaremos papeles mejorados para cumplir adecuadamente con el fallo de la Corte Suprema y la petici\u00f3n de ayer\u2019, escribi\u00f3 el Sr. Trump.\u00a0 En unos momentos, uno de los principales funcionarios de inmigraci\u00f3n del Sr. Trump en el Departamento de Seguridad Nacional, tweete\u00f3 que la administraci\u00f3n est\u00e1 ansiosa por terminar las protecciones para los j\u00f3venes inmigrantes de una manera que pasar\u00e1 la prueba con la corte\u00bb.<\/p>\n<p>Recordamos a los lectores que despu\u00e9s de las elecciones del 3 de noviembre, todav\u00eda habr\u00e1 2 \u00bd meses antes de que el pr\u00f3ximo presidente tome posesi\u00f3n del cargo el 20 de enero.\u00a0 Los fallos relevantes que llevaron al fallo de la Corte Suprema de los Estados Unidos en junio de este a\u00f1o permitieron a la administraci\u00f3n de Trump volver a presentar su caso, con revisiones. Su decisi\u00f3n sobre la DACA indic\u00f3 que la rescisi\u00f3n de Trump est\u00e1 sujeta a revisi\u00f3n en virtud de la APA, o Ley de Procedimiento Administrativo, que fue el n\u00facleo del fallo del Tribunal, si la administraci\u00f3n Trump hab\u00eda seguido sus directrices para establecer, o deshacer, las \u00f3rdenes ejecutivas, por las que el Presidente Obama hab\u00eda creado la DACA.<\/p>\n<p>Por las razones anteriores y m\u00e1s, instamos a nuestros lectores a apoyar a DACA una vez m\u00e1s, y continuando. El vicepresidente Joe Biden y el ex gobernador de Colorado John Hickenlooper han apoyado incansablemente a estos j\u00f3venes antes y continuar\u00e1n haci\u00e9ndolo. \u00a1Saque el voto! Joe Biden para el presidente Joe Biden y John Hickenlooper para el Senado de los Estados Unidos.<\/p>\n<p>\u00a0<\/p>\n<p>Miembros de la Junta Asesora de <em>The Weekly Issue\/El Semanario<\/em>: Ram\u00f3n Del Castillo, Ph.D.; Ray Ay\u00f3n, Detective de la Polic\u00eda de Denver retirado; Steve Del Castillo, Ph.D.; y Luis Torres, Ph.D. Traducci\u00f3n por Juan Carlos Uribe-The Weekly Issue\/El Semanario.<\/p>\n<p>\u00a0<\/p>\n<p><strong>Read More Commentary: <\/strong><a href=\"http:\/\/www.elsemanario.us\/\"><strong>WWW.ELSEMANARIO.US<\/strong><\/a><\/p>\n<p>\u00a0<\/p>\n","protected":false},"excerpt":{"rendered":"<p>Junta Asesora de The Weekly Issue\/El Semanario \u00a0 El voto para Senador de Colorado y para Presidente de los Estados Unidos estar\u00e1 sobre nosotros en unas semanas, ya sea por&#8230;<\/p>\n","protected":false},"author":403,"featured_media":11597,"comment_status":"open","ping_status":"open","sticky":false,"template":"","format":"standard","meta":{"give_campaign_id":0,"_jetpack_memberships_contains_paid_content":false,"footnotes":""},"categories":[72],"tags":[],"class_list":["post-11598","post","type-post","status-publish","format-standard","has-post-thumbnail","hentry","category-comentario"],"jetpack_featured_media_url":"https:\/\/i0.wp.com\/www.elsemanarioonline.com\/wp-content\/uploads\/2020\/10\/CO-1-Commentary-E-El-Semanario-Advisory-1pic-by-Joe-Brusky-Milwaukee-Teachers-Education-Association-flickr-cc35868019564_8b624bfb27_o.jpg?fit=2400%2C1944&ssl=1","jetpack-related-posts":[],"jetpack_sharing_enabled":true,"_links":{"self":[{"href":"https:\/\/www.elsemanarioonline.com\/es\/wp-json\/wp\/v2\/posts\/11598","targetHints":{"allow":["GET"]}}],"collection":[{"href":"https:\/\/www.elsemanarioonline.com\/es\/wp-json\/wp\/v2\/posts"}],"about":[{"href":"https:\/\/www.elsemanarioonline.com\/es\/wp-json\/wp\/v2\/types\/post"}],"author":[{"embeddable":true,"href":"https:\/\/www.elsemanarioonline.com\/es\/wp-json\/wp\/v2\/users\/403"}],"replies":[{"embeddable":true,"href":"https:\/\/www.elsemanarioonline.com\/es\/wp-json\/wp\/v2\/comments?post=11598"}],"version-history":[{"count":0,"href":"https:\/\/www.elsemanarioonline.com\/es\/wp-json\/wp\/v2\/posts\/11598\/revisions"}],"wp:featuredmedia":[{"embeddable":true,"href":"https:\/\/www.elsemanarioonline.com\/es\/wp-json\/wp\/v2\/media\/11597"}],"wp:attachment":[{"href":"https:\/\/www.elsemanarioonline.com\/es\/wp-json\/wp\/v2\/media?parent=11598"}],"wp:term":[{"taxonomy":"category","embeddable":true,"href":"https:\/\/www.elsemanarioonline.com\/es\/wp-json\/wp\/v2\/categories?post=11598"},{"taxonomy":"post_tag","embeddable":true,"href":"https:\/\/www.elsemanarioonline.com\/es\/wp-json\/wp\/v2\/tags?post=11598"}],"curies":[{"name":"wp","href":"https:\/\/api.w.org\/{rel}","templated":true}]}}