{"id":11533,"date":"2020-10-02T03:25:48","date_gmt":"2020-10-02T03:25:48","guid":{"rendered":"http:\/\/elsemanarioonl.wpengine.com\/?p=11533"},"modified":"2020-10-02T03:25:48","modified_gmt":"2020-10-02T03:25:48","slug":"denver-tendran-36-centros-de-servicio-y-votacion-para-la-eleccion-general-de-noviembre","status":"publish","type":"post","link":"https:\/\/www.elsemanarioonline.com\/es\/denver-tendran-36-centros-de-servicio-y-votacion-para-la-eleccion-general-de-noviembre\/","title":{"rendered":"Denver Tendr\u00e1n 36 Centros de Servicio y Votaci\u00f3n para la Elecci\u00f3n General de Noviembre"},"content":{"rendered":"<p><!-- VideographyWP Plugin Message: Automatic video embedding prevented by plugin options. --><br \/>\nLa Divisi\u00f3n de Elecciones de Denver tendr\u00e1 nuevas ubicaciones de centros de servicio y votaci\u00f3n para poder incrementar la capacidad de votaci\u00f3n en persona en las pr\u00f3ximas elecciones.<\/p>\n<p>Comparado con el a\u00f1o 2016, Denver tendr\u00e1 10 centros de servicio y votaci\u00f3n adicionales. Tambi\u00e9n habr\u00e1 22 horas adicionales para la votaci\u00f3n temprana comparado con el a\u00f1o 2016 y el a\u00f1o 2018.<\/p>\n<p>\u201cSeguimos pidi\u00e9ndole a los votantes que aprovechen las opciones para votar sin contacto con otras personas.\u00a0 Despu\u00e9s de llenar sus boletas, las personas pueden usar uno de los 38 buzones para dep\u00f3sito de boletas disponibles las 24 horas o utilizando el servicio de depositar su boleta desde su autom\u00f3vil\u201d dijo Paul L\u00f3pez, el secretario y registrador de Denver.\u00a0 \u201cPero tambi\u00e9n queremos que los votantes est\u00e9n enterados que a\u00fan tienen la opci\u00f3n de votar en persona y que estamos utilizando las mismas medidas de seguridad que utilizamos en la elecci\u00f3n del 30 de junio.\u00a0 Estas medidas incluyen la distancia f\u00edsica, saneamiento y tendremos tapabocas disponibles para los votantes olviden su tapabocas.\u201d<\/p>\n<p>Debido a que se espera una alta participaci\u00f3n de votantes y una boleta de tres p\u00e1ginas, la oficina central de la Division de Elecciones de Denver se mover\u00e1 una cuadra al norte al McNichols Building en el Parque Centro C\u00edvico para que todo el edificio de la Division de Elecciones pueda ser usada para procesar las boletas.<\/p>\n<blockquote><p>\u201cQueremos que los votantes est\u00e9n enterados que a\u00fan tienen la opci\u00f3n de votar en persona y que estamos utilizando las mismas medidas de seguridad que utilizamos en la elecci\u00f3n del 30 de junio.  Estas medidas incluyen la distancia f\u00edsica, saneamiento y tendremos tapabocas disponibles para los votantes olviden su tapabocas.\u201d<br \/>\nPaul L\u00f3pez, Secretario y Registrador de Denver\n<\/p><\/blockquote>\n<p>Y nuestra colaboraci\u00f3n con las Escuelas P\u00fablicas de Denver significa que unas escuelas se escogieron estrat\u00e9gicamente como centros de servicio de votaci\u00f3n el 3 de noviembre, el \u00faltimo d\u00eda para votar.<\/p>\n<p>Las siguientes escuelas ser\u00e1n usadas como centros de servicio y votaci\u00f3n: Abraham Lincoln High School; East High School; George Washington High School; Hamilton Middle School, the Montbello Campus; Morey Middle School and South High School.<\/p>\n<p>Debido a un cambio en la ley que desanima el uso de estaciones de polic\u00eda que no son utilizados para otros prop\u00f3sitos, no sean utilizados como centros de votaci\u00f3n, el Departamento de Polic\u00eda del distro 3 ya no ser\u00e1 usado como centro de votaci\u00f3n, pero aun tendr\u00e1 un buz\u00f3n para el dep\u00f3sito de boletas disponible las 24 horas que estar\u00e1 disponible para esta elecci\u00f3n y elecciones en el futuro.<\/p>\n<p>Encuentre las ubicaciones de estos servicios en <a href=\"https:\/\/urldefense.com\/v3\/__http:\/denvervotes.org\/voterinfo__;!!M87Ej6RJKlw!AUtU4lcPI2ti5-RVA-4Hgor7yWmZ3vChyCDae7LpJL-aM85fN6tTLZJ2EGM_dLpb9fWTuQ$\">denvervotes.org\/voterinfo<\/a> o en las instrucciones que recibir\u00e1n los votantes con sus boletas que se enviaran despu\u00e9s del 9 de octubre.<\/p>\n<p>\u00a0<\/p>\n<p><strong>Para Noticias de Colorado: <\/strong><a href=\"http:\/\/WWW.ELSEMANARIOCOLORADO.COM\"><strong>WWW.ELSEMANARIOCOLORADO.COM<\/strong><\/a><\/p>\n<p>\u00a0<\/p>\n","protected":false},"excerpt":{"rendered":"<p>La Divisi\u00f3n de Elecciones de Denver tendr\u00e1 nuevas ubicaciones de centros de servicio y votaci\u00f3n para poder incrementar la capacidad de votaci\u00f3n en persona en las pr\u00f3ximas elecciones. Comparado con&#8230;<\/p>\n","protected":false},"author":403,"featured_media":11534,"comment_status":"open","ping_status":"open","sticky":false,"template":"","format":"standard","meta":{"give_campaign_id":0,"_jetpack_memberships_contains_paid_content":false,"footnotes":""},"categories":[71],"tags":[],"class_list":["post-11533","post","type-post","status-publish","format-standard","has-post-thumbnail","hentry","category-estado"],"jetpack_featured_media_url":"https:\/\/i0.wp.com\/www.elsemanarioonline.com\/wp-content\/uploads\/2020\/10\/CO-2-State-S-Colo-Denver-Vote-1pic-by-Denver-Election-Division.jpg?fit=576%2C432&ssl=1","jetpack-related-posts":[],"jetpack_sharing_enabled":true,"_links":{"self":[{"href":"https:\/\/www.elsemanarioonline.com\/es\/wp-json\/wp\/v2\/posts\/11533","targetHints":{"allow":["GET"]}}],"collection":[{"href":"https:\/\/www.elsemanarioonline.com\/es\/wp-json\/wp\/v2\/posts"}],"about":[{"href":"https:\/\/www.elsemanarioonline.com\/es\/wp-json\/wp\/v2\/types\/post"}],"author":[{"embeddable":true,"href":"https:\/\/www.elsemanarioonline.com\/es\/wp-json\/wp\/v2\/users\/403"}],"replies":[{"embeddable":true,"href":"https:\/\/www.elsemanarioonline.com\/es\/wp-json\/wp\/v2\/comments?post=11533"}],"version-history":[{"count":0,"href":"https:\/\/www.elsemanarioonline.com\/es\/wp-json\/wp\/v2\/posts\/11533\/revisions"}],"wp:featuredmedia":[{"embeddable":true,"href":"https:\/\/www.elsemanarioonline.com\/es\/wp-json\/wp\/v2\/media\/11534"}],"wp:attachment":[{"href":"https:\/\/www.elsemanarioonline.com\/es\/wp-json\/wp\/v2\/media?parent=11533"}],"wp:term":[{"taxonomy":"category","embeddable":true,"href":"https:\/\/www.elsemanarioonline.com\/es\/wp-json\/wp\/v2\/categories?post=11533"},{"taxonomy":"post_tag","embeddable":true,"href":"https:\/\/www.elsemanarioonline.com\/es\/wp-json\/wp\/v2\/tags?post=11533"}],"curies":[{"name":"wp","href":"https:\/\/api.w.org\/{rel}","templated":true}]}}