{"id":11529,"date":"2020-10-02T03:11:57","date_gmt":"2020-10-02T03:11:57","guid":{"rendered":"http:\/\/elsemanarioonl.wpengine.com\/?p=11529"},"modified":"2020-10-02T03:11:57","modified_gmt":"2020-10-02T03:11:57","slug":"la-eleccion-del-sentido-comun","status":"publish","type":"post","link":"https:\/\/www.elsemanarioonline.com\/es\/la-eleccion-del-sentido-comun\/","title":{"rendered":"La Elecci\u00f3n del Sentido Com\u00fan"},"content":{"rendered":"<p><!-- VideographyWP Plugin Message: Automatic video embedding prevented by plugin options. --><br \/>\n\u00a0<\/p>\n<p><strong>David Torres<\/strong><\/p>\n<p>\u00a0<\/p>\n<p>Ha concluido pr\u00e1cticamente la segunda d\u00e9cada de este controversial Siglo XXI y la apuesta por los inmigrantes y el significado hist\u00f3rico de sus contribuciones mantienen una vigencia inocultable.<\/p>\n<p>Tan es as\u00ed, que incluso con unas elecciones presidenciales en puerta, mismas que por su complejidad ser\u00e1n un nuevo parteaguas en el destino de Estados Unidos, la tarea de ser migrante refleja todo el tiempo de qu\u00e9 realmente est\u00e1 construida la amalgama de este pa\u00eds.<\/p>\n<p>De hecho, el par\u00e9ntesis mundial que ha significado la pandemia de coronavirus no ha ensombrecido del todo al tema migratorio, pues a pesar de que la prioridad n\u00famero uno del ser humano en este momento es combatir y por supuesto erradicar ese mal que ha afectado gravemente la salud p\u00fablica, no hay actor pol\u00edtico que no mantenga un nexo con lo migratorio; es decir, tanto quienes desear\u00edan desvincularlo de la historia local, estatal y nacional, como los que reivindican la importancia hist\u00f3rica y econ\u00f3mica de quienes, con documentos o sin ellos, han dinamizado la sociedad estadounidense hasta el punto de darle un nuevo rostro y m\u00faltiples voces que ya definen su presente y su futuro.<\/p>\n<blockquote><p>La Elecci\u00f3n del Sentido Com\u00fan<\/p><\/blockquote>\n<p>En esa disyuntiva ha sido colocado el votante promedio actual, en una situaci\u00f3n un tanto cuanto maniquea que incluso ha descontextualizado la esencia misma de la cuesti\u00f3n migratoria y ha dividido colateralmente la forma de interpretar, m\u00e1s all\u00e1 de lo simb\u00f3lico, la necesidad humana de contar con una demograf\u00eda que garantice la continuaci\u00f3n de este experimento social \u00fanico y, quiz\u00e1, irrepetible.<\/p>\n<p>Y no hay estudio que no contraste el apoyo que recibe el inmigrante en la conciencia popular estadounidense, pues en su gran mayor\u00eda los\u00a0<a href=\"https:\/\/www.lanoticia.com\/mas-abiertos-los-estadounidenses-a-los-inmigrantes\/\">resultados hablan por s\u00ed solos<\/a>. Por ejemplo, en una encuesta reciente del\u00a0<a href=\"https:\/\/www.pewresearch.org\/politics\/2020\/09\/10\/voters-attitudes-about-race-and-gender-are-even-more-divided-than-in-2016\/\">Centro de Investigaciones Pew<\/a>\u00a0se encontr\u00f3 que el votante de este pa\u00eds reconoce en 60% que los inmigrantes fortalecen a la sociedad, a diferencia de 2016 cuando solo el 46% daba esa respuesta. Por otro lado, la idea de que el temor a que el inmigrante amenace los valores y tradiciones de Estados Unidos baj\u00f3 a 37% en 2020, mientras que en 2016 esa preocupaci\u00f3n alcanzaba el 50%.<\/p>\n<p>Sin embargo, basta echar un vistazo a la gran cantidad de\u00a0<a href=\"https:\/\/2020adwatch.com\/ads?field_candidate_targeted_target_id=Donald+Trump+%28224%29&field_sponsor_target_id=&field_congressional_district_target_id=&field_state_target_id=&field_race_target_id=All&field_party_targeted_target_id=All&field_topic_target_id=All&field_medium_target_id=All#content\">anuncios<\/a>\u00a0electorales que a\u00fan arremeten contra la presencia del migrante, especialmente latino, al que se insiste en\u00a0<a href=\"https:\/\/americasvoice.org\/blog\/2020adwatch\/\">denigrar y culpar con una fuerte carga de xenofobia y racismo<\/a>\u00a0de males de los que solamente el comportamiento econ\u00f3mico-pol\u00edtico mundial es responsable, expulsando de sus pa\u00edses de origen a oleadas de seres humanos que, como los m\u00e1s lejanos ancestros, solo buscan garantizar la sobrevivencia.<\/p>\n<p>Es curioso, pero quienes no lo entienden de ese modo \u2014ampar\u00e1ndose \u00fanicamente en el aspecto \u201clegal\u201d a conveniencia, incluyendo otros latinos en mejor situaci\u00f3n\u2014 han recurrido todo el tiempo a una herramienta discursiva que, de cuatro a\u00f1os a la fecha, ha convertido en chivos expiatorios lo mismo a trabajadores agr\u00edcolas, beneficiarios de TPS, Dreamers, solicitantes de asilo, con la consecuente separaci\u00f3n de familias y la severa afectaci\u00f3n a los menores migrantes, y a cualquier otro aspirante a emigrar hacia el pa\u00eds que en alg\u00fan momento se consider\u00f3 como \u00fanica tabla de salvaci\u00f3n para los despose\u00eddos.<\/p>\n<p>Ese dicurso, por cierto, no funcion\u00f3 en modo alguno a los antiinmigrantes en\u00a0<a href=\"http:\/\/divideanddistract2018.com\/\">2018<\/a>, por lo que sus principales promotores perdieron importantes contiendas electorales en ese a\u00f1o de manera contundente. Aun as\u00ed insisten en reutilizarlo.<\/p>\n<p>Y no importa si los inmigrantes, indocumentados o no, ya han demostrado con creces lo esenciales que son, especialmente en un momento crucial en que esta naci\u00f3n los ha requerido, tal como a otros grupos sociales, ya sea para combatir la pandemia o para asegurar el funcionamiento social mediante la distribuci\u00f3n de v\u00edveres que ayudan a hacer girar d\u00eda a d\u00eda la cadena econ\u00f3mica. El caso es que el manual ideol\u00f3gico que el xen\u00f3fobo sigue al pie de la letra termina por ser su\u00a0<em>preboleta<\/em>\u00a0electoral imaginaria, llegando a conclusiones que hacen peligrar la convivencia social y, al mismo tiempo, hacen retroceder a este pa\u00eds hasta los linderos de su propio racismo originario, el que se supon\u00eda ya estaba aprendiendo a superar.<\/p>\n<p>Quienes confunden la madurez de una naci\u00f3n como Estados Unidos con el poder de la supremac\u00eda blanca ignoran que este pa\u00eds ya no se puede ver en \u201cblanco y negro\u201d, sino que sus innumerables matices sociales deben ser la nueva carta de navegaci\u00f3n para contrarrestar el autoritarismo que se ha instalado en la Casa Blanca y evitar que la intolerancia, de cualquier signo, se imponga al sentido com\u00fan.<\/p>\n<p>\u00a0<\/p>\n<p>David Torres is a Spanish-language Advisor at <a href=\"https:\/\/americasvoice.org\">Am\u00e9rica\u2019s Voice.<\/a><\/p>\n<p>\u00a0<\/p>\n<p><strong>Leer M\u00e1s Comentarios: <\/strong><a href=\"http:\/\/WWW.ELSEMANARIO.US\"><strong>WWW.<\/strong><strong>ELSEMANARIO.US<\/strong><\/a><\/p>\n<p>\u00a0<\/p>\n","protected":false},"excerpt":{"rendered":"<p>\u00a0 David Torres \u00a0 Ha concluido pr\u00e1cticamente la segunda d\u00e9cada de este controversial Siglo XXI y la apuesta por los inmigrantes y el significado hist\u00f3rico de sus contribuciones mantienen una&#8230;<\/p>\n","protected":false},"author":403,"featured_media":11004,"comment_status":"open","ping_status":"open","sticky":false,"template":"","format":"standard","meta":{"give_campaign_id":0,"_jetpack_memberships_contains_paid_content":false,"footnotes":""},"categories":[72],"tags":[],"class_list":["post-11529","post","type-post","status-publish","format-standard","has-post-thumbnail","hentry","category-comentario"],"jetpack_featured_media_url":"https:\/\/i0.wp.com\/www.elsemanarioonline.com\/wp-content\/uploads\/2018\/05\/NM-1-Commentary-S-Torres-1pic.jpg?fit=325%2C298&ssl=1","jetpack-related-posts":[],"jetpack_sharing_enabled":true,"_links":{"self":[{"href":"https:\/\/www.elsemanarioonline.com\/es\/wp-json\/wp\/v2\/posts\/11529","targetHints":{"allow":["GET"]}}],"collection":[{"href":"https:\/\/www.elsemanarioonline.com\/es\/wp-json\/wp\/v2\/posts"}],"about":[{"href":"https:\/\/www.elsemanarioonline.com\/es\/wp-json\/wp\/v2\/types\/post"}],"author":[{"embeddable":true,"href":"https:\/\/www.elsemanarioonline.com\/es\/wp-json\/wp\/v2\/users\/403"}],"replies":[{"embeddable":true,"href":"https:\/\/www.elsemanarioonline.com\/es\/wp-json\/wp\/v2\/comments?post=11529"}],"version-history":[{"count":0,"href":"https:\/\/www.elsemanarioonline.com\/es\/wp-json\/wp\/v2\/posts\/11529\/revisions"}],"wp:featuredmedia":[{"embeddable":true,"href":"https:\/\/www.elsemanarioonline.com\/es\/wp-json\/wp\/v2\/media\/11004"}],"wp:attachment":[{"href":"https:\/\/www.elsemanarioonline.com\/es\/wp-json\/wp\/v2\/media?parent=11529"}],"wp:term":[{"taxonomy":"category","embeddable":true,"href":"https:\/\/www.elsemanarioonline.com\/es\/wp-json\/wp\/v2\/categories?post=11529"},{"taxonomy":"post_tag","embeddable":true,"href":"https:\/\/www.elsemanarioonline.com\/es\/wp-json\/wp\/v2\/tags?post=11529"}],"curies":[{"name":"wp","href":"https:\/\/api.w.org\/{rel}","templated":true}]}}