{"id":11358,"date":"2020-09-04T15:41:31","date_gmt":"2020-09-04T15:41:31","guid":{"rendered":"http:\/\/elsemanarioonl.wpengine.com\/?p=11358"},"modified":"2020-09-04T15:41:31","modified_gmt":"2020-09-04T15:41:31","slug":"colorado-amplia-las-lecciones-de-television-publica-para-ninos-pequenos","status":"publish","type":"post","link":"https:\/\/www.elsemanarioonline.com\/es\/colorado-amplia-las-lecciones-de-television-publica-para-ninos-pequenos\/","title":{"rendered":"Colorado Ampl\u00eda las Lecciones de Televisi\u00f3n P\u00fablica para Ni\u00f1os Peque\u00f1os"},"content":{"rendered":"<p><!-- VideographyWP Plugin Message: Automatic video embedding prevented by plugin options. --><br \/>\n<strong>Por Erica Meltzer<\/strong><\/p>\n<p>\u00a0<\/p>\n<p>Los estudiantes de Colorado desde el jard\u00edn de infancia hasta el tercer grado pronto tendr\u00e1n acceso a lecciones de lectura, matem\u00e1ticas, ciencia y arte a trav\u00e9s de sus televisores.<\/p>\n<p>El gobernador Jared Polis anunci\u00f3 recientemente el lanzamiento de \u00abAula de Colorado: Aprende conmigo en casa\u00bb. La programaci\u00f3n comienza el 7 de septiembre y se transmite por lo menos 15 semanas en Rocky Mountain PBS. Desarrollado en asociaci\u00f3n con el Departamento de Educaci\u00f3n de Colorado y la Iniciativa Educativa de Colorado, la programaci\u00f3n para j\u00f3venes estudiantes se basa en un programa de verano centrado en la alfabetizaci\u00f3n.<\/p>\n<p>Las lecciones, con un tema diferente cada semana, llegar\u00e1n a las familias aunque no tengan acceso a Internet. Todos los viernes habr\u00e1 lecciones interactivas de ciencia desarrolladas con la ayuda del Museo de Naturaleza y Ciencia de Denver. Las lecciones ser\u00e1n transmitidas en ingl\u00e9s con subt\u00edtulos en espa\u00f1ol.<\/p>\n<p>Los planes de las lecciones y los paquetes de trabajo de los estudiantes estar\u00e1n disponibles en l\u00ednea en <a href=\"http:\/\/www.rmpbs.org\/ColoradoClassroom\">www.rmpbs.org\/ColoradoClassroom<\/a><u>.<\/u><\/p>\n<p>Las familias tambi\u00e9n pueden obtener los paquetes de trabajo en las bibliotecas participantes, incluso sin tarjeta de biblioteca. Llame al 800-274-6666 para encontrar una biblioteca cerca de usted.<\/p>\n<p>Mientras que muchos distritos escolares de Colorado est\u00e1n trayendo estudiantes de vuelta a clase, los distritos escolares que sirven a aproximadamente la mitad de los estudiantes del estado est\u00e1n comenzando el a\u00f1o escolar de forma remota. Incluso en los distritos que ofrecen instrucci\u00f3n en persona, algunas familias est\u00e1n eligiendo mantener a sus hijos en casa. La escuela estatal en l\u00ednea, que apoya a muchos distritos rurales, inform\u00f3 de un aumento de \u00faltima hora en la demanda y una escasez de maestros de primaria. Y muchos ni\u00f1os peque\u00f1os luchan por mantener la atenci\u00f3n en las lecciones en l\u00ednea, lo que hace que las lecciones transmitidas sean una posible alternativa para algunas familias.<\/p>\n<p>\u00abParticularmente para los ni\u00f1os que viven en \u00e1reas rurales o en nuestras ciudades que no tienen acceso constante a Internet de alta velocidad o a computadoras en casa, ofrecer este curr\u00edculo complementario en nuestro canal de difusi\u00f3n RMPBS asegura que cada ni\u00f1o tenga un lugar para continuar aprendiendo\u00bb, dijo Amanda Mountain, presidenta y directora ejecutiva de Rocky Mountain Public Media, en un comunicado de prensa.<\/p>\n<p>Las lecciones, impartidas por maestros de Colorado, est\u00e1n financiadas por la porci\u00f3n discrecional del gobernador del dinero federal para el alivio del coronavirus, el grupo de defensa Education Reform Now y la compa\u00f1\u00eda de seguros Delta Dental. La Asociaci\u00f3n de Educaci\u00f3n de Colorado, el sindicato de maestros, tambi\u00e9n apoya el programa con estipendios para los maestros.<\/p>\n<p>La programaci\u00f3n se emite de 8 a.m. a 10 a.m. de lunes a viernes en las estaciones de televisi\u00f3n p\u00fablica de todo el estado y de nuevo por la noche de 3 a 5 a.m. para que las familias lo graben y lo usen a su conveniencia. Las cortas lecciones de matem\u00e1ticas se emitir\u00e1n durante todo el d\u00eda.<\/p>\n<p>Encuentre su estaci\u00f3n de televisi\u00f3n p\u00fablica local <a href=\"https:\/\/www.rmpbs.org\/schedule\/channels\/\">aqu\u00ed<\/a>.<\/p>\n<p>\u00a0<\/p>\n<p><a href=\"https:\/\/www.chalkbeat.org\/authors\/erica-meltzer\">Erica Meltzer<\/a> es la jefa de la oficina de <a href=\"https:\/\/co.chalkbeat.org\/\">Chalkbeat\/Colorado.<\/a><\/p>\n<p>\u00a0<\/p>\n<p>Traducci\u00f3n por Juan Carlos Uribe-The Weekly Issue\/El Semanario.<\/p>\n<p>\u00a0<\/p>\n<p><strong>Para Noticias de Colorado: <\/strong><a href=\"http:\/\/elsemanarioonl.wpengine.com\/\"><strong>WWW.ELSEMANARIOCOLORADO.COM<\/strong><\/a><\/p>\n<p>\u00a0<\/p>\n<p>\u00a0<\/p>\n<p>\u00a0<\/p>\n<p>\u00a0<\/p>\n<p>\u00a0<\/p>\n","protected":false},"excerpt":{"rendered":"<p>Por Erica Meltzer \u00a0 Los estudiantes de Colorado desde el jard\u00edn de infancia hasta el tercer grado pronto tendr\u00e1n acceso a lecciones de lectura, matem\u00e1ticas, ciencia y arte a trav\u00e9s&#8230;<\/p>\n","protected":false},"author":403,"featured_media":11354,"comment_status":"open","ping_status":"open","sticky":false,"template":"","format":"standard","meta":{"give_campaign_id":0,"_jetpack_memberships_contains_paid_content":false,"footnotes":""},"categories":[71],"tags":[],"class_list":["post-11358","post","type-post","status-publish","format-standard","has-post-thumbnail","hentry","category-estado"],"jetpack_featured_media_url":"https:\/\/i0.wp.com\/www.elsemanarioonline.com\/wp-content\/uploads\/2020\/09\/CO-1-State-S-Colo-School-TV-1pic-by-DepositPhotos-story-Chalkbeat.jpg?fit=576%2C545&ssl=1","jetpack-related-posts":[],"jetpack_sharing_enabled":true,"_links":{"self":[{"href":"https:\/\/www.elsemanarioonline.com\/es\/wp-json\/wp\/v2\/posts\/11358","targetHints":{"allow":["GET"]}}],"collection":[{"href":"https:\/\/www.elsemanarioonline.com\/es\/wp-json\/wp\/v2\/posts"}],"about":[{"href":"https:\/\/www.elsemanarioonline.com\/es\/wp-json\/wp\/v2\/types\/post"}],"author":[{"embeddable":true,"href":"https:\/\/www.elsemanarioonline.com\/es\/wp-json\/wp\/v2\/users\/403"}],"replies":[{"embeddable":true,"href":"https:\/\/www.elsemanarioonline.com\/es\/wp-json\/wp\/v2\/comments?post=11358"}],"version-history":[{"count":0,"href":"https:\/\/www.elsemanarioonline.com\/es\/wp-json\/wp\/v2\/posts\/11358\/revisions"}],"wp:featuredmedia":[{"embeddable":true,"href":"https:\/\/www.elsemanarioonline.com\/es\/wp-json\/wp\/v2\/media\/11354"}],"wp:attachment":[{"href":"https:\/\/www.elsemanarioonline.com\/es\/wp-json\/wp\/v2\/media?parent=11358"}],"wp:term":[{"taxonomy":"category","embeddable":true,"href":"https:\/\/www.elsemanarioonline.com\/es\/wp-json\/wp\/v2\/categories?post=11358"},{"taxonomy":"post_tag","embeddable":true,"href":"https:\/\/www.elsemanarioonline.com\/es\/wp-json\/wp\/v2\/tags?post=11358"}],"curies":[{"name":"wp","href":"https:\/\/api.w.org\/{rel}","templated":true}]}}