{"id":11321,"date":"2020-08-28T18:14:10","date_gmt":"2020-08-28T18:14:10","guid":{"rendered":"http:\/\/elsemanarioonl.wpengine.com\/?p=11321"},"modified":"2020-08-28T18:14:10","modified_gmt":"2020-08-28T18:14:10","slug":"hacer-mas-que-solo-ver-las-plantas-crecer","status":"publish","type":"post","link":"https:\/\/www.elsemanarioonline.com\/es\/hacer-mas-que-solo-ver-las-plantas-crecer\/","title":{"rendered":"Hacer M\u00e1s Que Solo Ver las Plantas Crecer"},"content":{"rendered":"<p><!-- VideographyWP Plugin Message: Automatic video embedding prevented by plugin options. --><br \/>\nTrystan Popish<\/p>\n<p>\u00a0<\/p>\n<p>Cuando se habla de crecimiento en los Jardines Bot\u00e1nicos de Denver, la mayor\u00eda de la gente autom\u00e1ticamente va a las espectaculares exhibiciones de plantas raras y nativas que traen a miles de personas a los Jardines cada a\u00f1o. Sin embargo, como una de las personas del personal que no trabaja con plantas en los Jardines, tiendo a reflexionar sobre el crecimiento que vemos en la gente de los Jardines.<\/p>\n<p>Como coordinadora de voluntarios en los Jardines, trabajo con una variedad de voluntarios. La mayor\u00eda son adultos que se han jubilado y buscan un sentido de comunidad y prop\u00f3sito despu\u00e9s de terminar sus carreras, pero algunos reci\u00e9n comienzan y buscan lo que quieren hacer cuando \u00abcrezcan\u00bb, es decir, los voluntarios adolescentes.<\/p>\n<p>El programa de voluntarios adolescentes de The Gardens comenz\u00f3 en 2012 con algunos puestos para adolescentes que ayudaban al personal del Departamento de Educaci\u00f3n en el verano. Desde entonces, ha crecido a pasos agigantados, con 117 adolescentes que contribuyen con m\u00e1s de 4.600 horas de servicio en el verano de 2019 y que trabajan en los dos lugares de los Jardines con educaci\u00f3n, servicios para visitantes, horticultura e interpretaci\u00f3n.<\/p>\n<blockquote><p>En lugar de dar la bienvenida a m\u00e1s de cien adolescentes voluntarios este verano en ambos lugares de los Jardines, creamos un programa virtual completamente nuevo para mantener a los adolescentes comprometidos a distancia durante la pandemia.<\/p><\/blockquote>\n<p>El Programa de Voluntariado de Verano para Adolescentes tambi\u00e9n dio lugar a un programa completamente nuevo en los Jardines para adolescentes en 2016: los L\u00edderes Adolescentes de los Jardines. Los L\u00edderes Adolescentes de Gardens (GTL) es un peque\u00f1o y dedicado grupo de adolescentes voluntarios de toda el \u00e1rea metropolitana de Denver que se re\u00fanen durante el a\u00f1o escolar. Estos adolescentes ayudan a los Jardines a crear y mejorar las oportunidades de voluntariado para los adolescentes; van entre bastidores y exploran diferentes trayectorias profesionales trabajando con el personal de todos los Jardines; y contribuyen con un servicio valioso y visible que apoya la misi\u00f3n institucional de los Jardines de conectar a las personas con las plantas. Entre los proyectos de servicio anteriores realizados por el GTL se incluyen la creaci\u00f3n del primer manual para voluntarios adolescentes de los Jardines, la planificaci\u00f3n de la Fiesta de Verano de Apreciaci\u00f3n de los Adolescentes y la colaboraci\u00f3n y filmaci\u00f3n de un v\u00eddeo para el sitio web con el personal del Departamento de Marketing.<\/p>\n<p>Este a\u00f1o, con todas sus sorpresas, la programaci\u00f3n adolescente de los Jardines se ve diferente a la del pasado. En lugar de dar la bienvenida a m\u00e1s de cien adolescentes voluntarios este verano en ambos lugares de los Jardines, creamos un programa virtual completamente nuevo para mantener a los adolescentes comprometidos a distancia durante la pandemia. Los adolescentes pod\u00edan elegir c\u00f3mo involucrarse con los Jardines. Algunos adolescentes asistieron a los programas virtuales semanales con el personal para aprender sobre diferentes aspectos de las operaciones de los Jardines. Algunos aceptaron asignaciones fotogr\u00e1ficas de \u00abdesaf\u00edo de medios sociales\u00bb establecidas por nuestro equipo de marketing. Algunos contribuyeron a la investigaci\u00f3n cient\u00edfica a trav\u00e9s de la participaci\u00f3n en el Proyecto EcoFlora de Denver, una colaboraci\u00f3n entre los Jardines Bot\u00e1nicos de Denver, el Jard\u00edn Bot\u00e1nico de Nueva York y el Instituto de Servicios de Museos y Bibliotecas para involucrar a los cient\u00edficos ciudadanos con la biodiversidad en el \u00e1rea metropolitana de Denver \u2013 Boulder. Todos contribuyeron con un valioso servicio a los Jardines y obtuvieron una importante experiencia profesional para sus incipientes curr\u00edculos.<\/p>\n<p>\u00bfQu\u00e9 le espera a la programaci\u00f3n adolescente en los Jardines? Mientras luchamos este oto\u00f1o con los efectos persistentes de la pandemia y continuamos con la programaci\u00f3n virtual, tambi\u00e9n estamos buscando formas de diversificar nuestro programa para adolescentes en el futuro y ofrecer m\u00e1s formas para que los adolescentes se involucren. Esperamos asociarnos con otras organizaciones para encontrar maneras de apoyar la participaci\u00f3n de m\u00e1s audiencias y fortalecer el programa con voces y perspectivas m\u00e1s diversas. Por favor, p\u00f3ngase en contacto con nosotros si tiene alguna sugerencia para posibles socios.<\/p>\n<p>En mis tres a\u00f1os y medio trabajando con los voluntarios adolescentes de los Jardines, he aprendido mucho. Lo m\u00e1s importante, he aprendido que es agridulce trabajar con adolescentes. A diferencia de los voluntarios adultos m\u00e1s asentados, los voluntarios adolescentes tienen el h\u00e1bito de crecer y comenzar un nuevo cap\u00edtulo de sus vidas. Pero en el tiempo que tenemos con ellos, es un privilegio y un placer verlos crecer. Algunos adolescentes pasan hasta cinco o seis a\u00f1os en el programa de voluntarios. A medida que literalmente crecen, vemos como tambi\u00e9n se vuelven m\u00e1s experimentados, m\u00e1s apasionados y m\u00e1s seguros en su sentido de s\u00ed mismos. Uno de los valores centrales de los Jardines es la transformaci\u00f3n, y no se me ocurre mejor ejemplo que apoyar la transformaci\u00f3n de los adolescentes en los adultos que est\u00e1n a punto de ser.<\/p>\n<p>Para m\u00e1s informaci\u00f3n sobre el Programa de Voluntarios Adolescentes de los Jardines, visite <a href=\"https:\/\/www.botanicgardens.org\/teen-volunteer-programs\">botanicgardens.org\/teen-volunteer-programs<\/a>. Las solicitudes deben presentarse en primavera (Programa de verano) o en verano (Programa de l\u00edderes adolescentes de los jardines).<\/p>\n<p>\u00a0<\/p>\n<p>Trystan Popish es un coordinador de voluntarios de los <a href=\"https:\/\/www.botanicgardens.org\/Espa%C3%B1ol\">Jardines Bot\u00e1nicos de Denver. <\/a><\/p>\n<p>Traducci\u00f3n por Juan Carlos Uribe-The Weekly Issue\/El Semanario.<\/p>\n<p>\u00a0<\/p>\n<p><strong>Para Noticias de Colorado: <\/strong><a href=\"http:\/\/elsemanarioonl.wpengine.com\/\"><strong>WWW.ELSEMANARIOCOLORADO.COM<\/strong><\/a><\/p>\n<p>\u00a0<\/p>\n","protected":false},"excerpt":{"rendered":"<p>Trystan Popish \u00a0 Cuando se habla de crecimiento en los Jardines Bot\u00e1nicos de Denver, la mayor\u00eda de la gente autom\u00e1ticamente va a las espectaculares exhibiciones de plantas raras y nativas&#8230;<\/p>\n","protected":false},"author":403,"featured_media":11322,"comment_status":"open","ping_status":"open","sticky":false,"template":"","format":"standard","meta":{"give_campaign_id":0,"_jetpack_memberships_contains_paid_content":false,"footnotes":""},"categories":[71],"tags":[],"class_list":["post-11321","post","type-post","status-publish","format-standard","has-post-thumbnail","hentry","category-estado"],"jetpack_featured_media_url":"https:\/\/i0.wp.com\/www.elsemanarioonline.com\/wp-content\/uploads\/2020\/08\/CO-2-State-E-Col-DBG-1pic-by-Scott-Dressel-Martin-Denver-Botanic-Gardens-permiso.jpg?fit=576%2C384&ssl=1","jetpack-related-posts":[],"jetpack_sharing_enabled":true,"_links":{"self":[{"href":"https:\/\/www.elsemanarioonline.com\/es\/wp-json\/wp\/v2\/posts\/11321","targetHints":{"allow":["GET"]}}],"collection":[{"href":"https:\/\/www.elsemanarioonline.com\/es\/wp-json\/wp\/v2\/posts"}],"about":[{"href":"https:\/\/www.elsemanarioonline.com\/es\/wp-json\/wp\/v2\/types\/post"}],"author":[{"embeddable":true,"href":"https:\/\/www.elsemanarioonline.com\/es\/wp-json\/wp\/v2\/users\/403"}],"replies":[{"embeddable":true,"href":"https:\/\/www.elsemanarioonline.com\/es\/wp-json\/wp\/v2\/comments?post=11321"}],"version-history":[{"count":0,"href":"https:\/\/www.elsemanarioonline.com\/es\/wp-json\/wp\/v2\/posts\/11321\/revisions"}],"wp:featuredmedia":[{"embeddable":true,"href":"https:\/\/www.elsemanarioonline.com\/es\/wp-json\/wp\/v2\/media\/11322"}],"wp:attachment":[{"href":"https:\/\/www.elsemanarioonline.com\/es\/wp-json\/wp\/v2\/media?parent=11321"}],"wp:term":[{"taxonomy":"category","embeddable":true,"href":"https:\/\/www.elsemanarioonline.com\/es\/wp-json\/wp\/v2\/categories?post=11321"},{"taxonomy":"post_tag","embeddable":true,"href":"https:\/\/www.elsemanarioonline.com\/es\/wp-json\/wp\/v2\/tags?post=11321"}],"curies":[{"name":"wp","href":"https:\/\/api.w.org\/{rel}","templated":true}]}}