{"id":11271,"date":"2020-08-20T17:43:52","date_gmt":"2020-08-20T17:43:52","guid":{"rendered":"http:\/\/elsemanarioonl.wpengine.com\/?p=11271"},"modified":"2020-08-20T17:43:52","modified_gmt":"2020-08-20T17:43:52","slug":"la-campana-comienza-a-derrotar-la-proposicion-115","status":"publish","type":"post","link":"https:\/\/www.elsemanarioonline.com\/es\/la-campana-comienza-a-derrotar-la-proposicion-115\/","title":{"rendered":"La Campa\u00f1a Comienza a Derrotar la Proposici\u00f3n 115"},"content":{"rendered":"<p><!-- VideographyWP Plugin Message: Automatic video embedding prevented by plugin options. --><br \/>\nAbortion Access for All anunci\u00f3 el lanzamiento de la <a href=\"http:\/\/voteno115.com\/\">campa\u00f1a No a la Propuesta 115<\/a>, un en\u00e9rgico esfuerzo para derrotar el referendo de este a\u00f1o sobre la prohibici\u00f3n del aborto. La Propuesta 115 (anteriormente referendo 120) es una prohibici\u00f3n furtiva que criminalizar\u00eda el aborto a las 22 semanas de gestaci\u00f3n, sin excepciones por violaci\u00f3n, incesto, diagn\u00f3stico del feto o la salud de la mujer.<\/p>\n<p>La campa\u00f1a informar\u00e1 y movilizar\u00e1 a los votantes en todos los rincones del estado sobre el car\u00e1cter peligroso y enga\u00f1oso de la versi\u00f3n de este a\u00f1o respecto a la prohibici\u00f3n del aborto, un intento m\u00e1s de reducir el acceso a la atenci\u00f3n de la salud reproductiva con el objetivo final de prohibir el aborto en su totalidad. Cada vez son m\u00e1s las organizaciones en la <a href=\"https:\/\/docs.google.com\/document\/d\/1RPftaFwZDH1BlJQK2Cv7Lw1lHbHAZRjyLA8F-3JPgbA\/edit\">lista de entidades<\/a> dedicadas a una variedad de asuntos, como tambi\u00e9n aquellas de los sectores de salud reproductiva, derechos y justicia, que ya se han pronunciado en\u00e9rgicamente en contra de la Propuesta 115.<\/p>\n<p>\u201cEs muy importante que las pacientes tengan acceso a atenci\u00f3n de salud que satisfaga sus necesidades individuales\u201d, dijo la Dra. Kristina Tocce, directora m\u00e9dica de Planned Parenthood of the Rocky Mountains. \u201cComo obstetra-ginec\u00f3loga, nunca he visto dos embarazos exactos, y una prohibici\u00f3n general impedir\u00eda que los profesionales m\u00e9dicos y pacientes tomen decisiones individuales seg\u00fan sus propias circunstancias, las que ninguno de nosotros conoce del todo. Como profesional de salud, conf\u00edo en mis pacientes para que tomen las decisiones m\u00e1s adecuadas para ellas. Esta propuesta perjudicar\u00eda a las pacientes, las familias y los profesionales m\u00e9dicos; esta prohibici\u00f3n pondr\u00eda una pol\u00edtica intransigente entre mi paciente y yo\u201d.<\/p>\n<p>\u201cLas prohibiciones del aborto son leyes r\u00edgidas y poco compasivas que fuerzan a las personas a salir del estado, lejos de su casa y seres queridos, para obtener atenci\u00f3n m\u00e9dica esencial\u201d, explic\u00f3 Erika Christensen, quien junto con su esposo Garin Marschall es defensora de pacientes con casos de aborto en etapas posteriores del embarazo. La pareja viaj\u00f3 a Colorado para un aborto tras ser rechazada en su estado, Nueva York, por estar fuera del periodo legal para tener acceso a atenci\u00f3n. \u201cEsta prohibici\u00f3n no ayuda a nadie ni aumenta su seguridad, y las pacientes como yo estamos cansadas de ver que la atenci\u00f3n que necesitamos se politiza y ataca. Llegamos a esa decisi\u00f3n despu\u00e9s de pensarlo much\u00edsimo, y lo \u00faltimo que necesit\u00e1bamos era interferencia en algo tan personal\u201d.<\/p>\n<blockquote><p>\u201cLos residentes de Colorado de todas las afiliaciones pol\u00edticas creen que todas las personas deben tener acceso a la atenci\u00f3n m\u00e9dica que necesitan sin interferencia pol\u00edtica.<br \/>\nDusti Gurule, COLOR\n<\/p><\/blockquote>\n<p>Los votantes de Colorado est\u00e1n enfadados y frustrados de que contin\u00faen los ataques contra la libertad reproductiva. Han rechazado las propuestas electorales de prohibici\u00f3n del aborto tres veces en los \u00faltimos 12 a\u00f1os y conf\u00edan en las embarazadas, las familias y los profesionales de salud para tomar decisiones m\u00e9dicas personales sin interferencia pol\u00edtica. Incluso si las personas tienen sentimientos encontrados sobre el aborto en etapas posteriores del embarazo, saben que el gobierno no tiene un papel en estas decisiones y que una ley general, que no contempla casos particulares, simplemente es un error.<\/p>\n<p>\u201cNo tengan la menor duda: la Propuesta 115 es una prohibici\u00f3n furtiva contra el aborto que ofrecen los mismos grupos y pol\u00edticos que quieren privarnos de la autonom\u00eda para tomar las decisiones m\u00e9dicas correctas para nosotras y buscan prohibir el aborto del todo. Las comunidades vulnerables y marginadas con frecuencia enfrentan obst\u00e1culos y retrasos adicionales para obtener acceso a abortos; esta prohibici\u00f3n perjudicar\u00eda desproporcionadamente a personas de raza negra, ind\u00edgenas, latinos, LGBTQ+ y personas y familias j\u00f3venes y de bajos ingresos. Los residentes de Colorado de todas las afiliaciones pol\u00edticas creen que todas las personas deben tener acceso a la atenci\u00f3n m\u00e9dica que necesitan sin interferencia pol\u00edtica. En noviembre, los votantes de Colorado tendr\u00e1n la oportunidad de decir \u2018no\u2019 de una vez por todas\u201d, dijo Dusti Gurule, directora ejecutiva de Colorado Organization for Latina Opportunity and Reproductive Rights (COLOR).<\/p>\n<p>Abortion Access for All se fund\u00f3 en 2019 para oponerse a la Propuesta 115, la prohibici\u00f3n del aborto a las 22 semanas que figurar\u00e1 en la boleta electoral de noviembre. Entre las organizaciones participantes est\u00e1n: American Civil Liberties Union of Colorado (ACLU), Cobalt, Colorado Organization for Latina Opportunity and Reproductive Rights (COLOR), Interfaith Alliance, New Era Colorado, Planned Parenthood of the Rocky Mountains Action Fund (PPRM) y Progress Now Colorado.<\/p>\n<p>Para obtener m\u00e1s informaci\u00f3n, ofrecerse de voluntario o donar a la campa\u00f1a, visite <a href=\"https:\/\/voteno115.com\/\">voteno115.com<\/a>. S\u00edgala en <a href=\"https:\/\/www.facebook.com\/access4allco\/\">Facebook<\/a>, <a href=\"https:\/\/www.instagram.com\/access4allco\/\">Instagram<\/a> y <a href=\"https:\/\/twitter.com\/access4allco\">Twitter<\/a><u>,<\/u> @access4allCO.<\/p>\n<p>\u00a0<\/p>\n<p>\u00a0<\/p>\n<p><strong>Para Noticias de Colorado: <\/strong><a href=\"http:\/\/elsemanarioonl.wpengine.com\/\"><strong>WWW.ELSEMANARIOCOLORADO.COM<\/strong><\/a><\/p>\n","protected":false},"excerpt":{"rendered":"<p>Abortion Access for All anunci\u00f3 el lanzamiento de la campa\u00f1a No a la Propuesta 115, un en\u00e9rgico esfuerzo para derrotar el referendo de este a\u00f1o sobre la prohibici\u00f3n del aborto&#8230;.<\/p>\n","protected":false},"author":403,"featured_media":1817,"comment_status":"open","ping_status":"open","sticky":false,"template":"","format":"standard","meta":{"give_campaign_id":0,"_jetpack_memberships_contains_paid_content":false,"footnotes":""},"categories":[71],"tags":[],"class_list":["post-11271","post","type-post","status-publish","format-standard","has-post-thumbnail","hentry","category-estado"],"jetpack_featured_media_url":"https:\/\/i0.wp.com\/www.elsemanarioonline.com\/wp-content\/uploads\/2016\/11\/default.jpg?fit=1280%2C800&ssl=1","jetpack-related-posts":[],"jetpack_sharing_enabled":true,"_links":{"self":[{"href":"https:\/\/www.elsemanarioonline.com\/es\/wp-json\/wp\/v2\/posts\/11271","targetHints":{"allow":["GET"]}}],"collection":[{"href":"https:\/\/www.elsemanarioonline.com\/es\/wp-json\/wp\/v2\/posts"}],"about":[{"href":"https:\/\/www.elsemanarioonline.com\/es\/wp-json\/wp\/v2\/types\/post"}],"author":[{"embeddable":true,"href":"https:\/\/www.elsemanarioonline.com\/es\/wp-json\/wp\/v2\/users\/403"}],"replies":[{"embeddable":true,"href":"https:\/\/www.elsemanarioonline.com\/es\/wp-json\/wp\/v2\/comments?post=11271"}],"version-history":[{"count":0,"href":"https:\/\/www.elsemanarioonline.com\/es\/wp-json\/wp\/v2\/posts\/11271\/revisions"}],"wp:featuredmedia":[{"embeddable":true,"href":"https:\/\/www.elsemanarioonline.com\/es\/wp-json\/wp\/v2\/media\/1817"}],"wp:attachment":[{"href":"https:\/\/www.elsemanarioonline.com\/es\/wp-json\/wp\/v2\/media?parent=11271"}],"wp:term":[{"taxonomy":"category","embeddable":true,"href":"https:\/\/www.elsemanarioonline.com\/es\/wp-json\/wp\/v2\/categories?post=11271"},{"taxonomy":"post_tag","embeddable":true,"href":"https:\/\/www.elsemanarioonline.com\/es\/wp-json\/wp\/v2\/tags?post=11271"}],"curies":[{"name":"wp","href":"https:\/\/api.w.org\/{rel}","templated":true}]}}